{"id":2963,"date":"2020-09-25T17:01:47","date_gmt":"2020-09-25T17:01:47","guid":{"rendered":"http:\/\/www.savigny-viry-catholique.fr\/?p=2963"},"modified":"2020-09-25T17:01:47","modified_gmt":"2020-09-25T17:01:47","slug":"installation-du-pere-emmanuel","status":"publish","type":"post","link":"https:\/\/demos.uptitude.fr\/savviry1\/installation-du-pere-emmanuel\/","title":{"rendered":"Installation du P\u00e8re Emmanuel"},"content":{"rendered":"\n<p><img fetchpriority=\"high\" decoding=\"async\" class=\"alignnone size-medium wp-image-2970\" src=\"http:\/\/www.savigny-viry-catholique.fr\/wp-content\/uploads\/2020\/09\/BIDZOGO-V1-284x300.jpg\" alt=\"\" width=\"284\" height=\"300\" \/>Le P\u00e8re Emmanuel Bidzogo , nouveau Responsable du Secteur Pastoral Savigny-Viry, Bienheureux Marcel Callo, est entr\u00e9 en fonction au 1er septembre, en remplacement du P\u00e8re Thierry David, nomm\u00e9 au secteur de Brunoy-Val d&rsquo;Yerres.<\/p>\n<p>Monseigneur Pansard, \u00e9v\u00eaque du dioc\u00e8se a proc\u00e9d\u00e9 \u00e0 son\u00a0 installation officielle\u00a0 le 19 septembre en l&rsquo;\u00e9glise Notre Dame d&rsquo;Esp\u00e9rance de Savigny sur Orge.<\/p>\n<p>Au cours de la messe le p\u00e8re Bidzogo a rappel\u00e9 ses trois boussoles : Confiance, Vigilance et Optimisme. Il a soulign\u00e9 les deux chantiers \u00e0 venir pour le secteur : le synode et le projet pastoral, en pr\u00e9cisant qu\u2019il comptait sur les paroissiens et que ceux-ci pouvaient compter sur lui !<\/p>\n<p><a href=\"https:\/\/www.dailymotion.com\/video\/x7wwht3\"><img decoding=\"async\" class=\"size-medium wp-image-2952 alignleft\" src=\"http:\/\/www.savigny-viry-catholique.fr\/wp-content\/uploads\/2020\/09\/Instal-PereEmmanuel-12-194x300.jpg\" alt=\"\" width=\"194\" height=\"300\" \/><\/a>Voir la vid\u00e9o, r\u00e9sum\u00e9 de la c\u00e9l\u00e9bration\u00a0 \u00a0ici\u00a0 <a href=\"https:\/\/www.dailymotion.com\/video\/x7wwht3\">https:\/\/www.dailymotion<\/a>\u00a0<\/p>\n<p>\u00a0 Retour en photos sur cette c\u00e9r\u00e9monie\u00a0 en cliquant ici : <a href=\"http:\/\/www.savigny-viry-catholique.fr\/bwg_gallery\/installation-du-pere-emmanuel-bidzogo\/\">http:\/\/www.savigny-viry-catholique.fr\/bwg_gallery\/installation-du-pere-emmanuel-bidzogo\/<\/a><\/p>\n<p>\u00a0<\/p>\n","protected":false},"excerpt":{"rendered":"","protected":false},"author":990003,"featured_media":2974,"comment_status":"closed","ping_status":"closed","sticky":false,"template":"","format":"standard","meta":{"give_campaign_id":0,"footnotes":""},"categories":[38],"tags":[],"class_list":["post-2963","post","type-post","status-publish","format-standard","has-post-thumbnail","hentry","category-officiel"],"_links":{"self":[{"href":"https:\/\/demos.uptitude.fr\/savviry1\/wp-json\/wp\/v2\/posts\/2963","targetHints":{"allow":["GET"]}}],"collection":[{"href":"https:\/\/demos.uptitude.fr\/savviry1\/wp-json\/wp\/v2\/posts"}],"about":[{"href":"https:\/\/demos.uptitude.fr\/savviry1\/wp-json\/wp\/v2\/types\/post"}],"author":[{"embeddable":true,"href":"https:\/\/demos.uptitude.fr\/savviry1\/wp-json\/wp\/v2\/users\/990003"}],"replies":[{"embeddable":true,"href":"https:\/\/demos.uptitude.fr\/savviry1\/wp-json\/wp\/v2\/comments?post=2963"}],"version-history":[{"count":0,"href":"https:\/\/demos.uptitude.fr\/savviry1\/wp-json\/wp\/v2\/posts\/2963\/revisions"}],"wp:featuredmedia":[{"embeddable":true,"href":"https:\/\/demos.uptitude.fr\/savviry1\/wp-json\/"}],"wp:attachment":[{"href":"https:\/\/demos.uptitude.fr\/savviry1\/wp-json\/wp\/v2\/media?parent=2963"}],"wp:term":[{"taxonomy":"category","embeddable":true,"href":"https:\/\/demos.uptitude.fr\/savviry1\/wp-json\/wp\/v2\/categories?post=2963"},{"taxonomy":"post_tag","embeddable":true,"href":"https:\/\/demos.uptitude.fr\/savviry1\/wp-json\/wp\/v2\/tags?post=2963"}],"curies":[{"name":"wp","href":"https:\/\/api.w.org\/{rel}","templated":true}]}}