{"id":2977,"date":"2020-09-23T18:30:00","date_gmt":"2020-09-23T18:30:00","guid":{"rendered":"http:\/\/www.savigny-viry-catholique.fr\/?p=2977"},"modified":"2020-09-23T18:30:00","modified_gmt":"2020-09-23T18:30:00","slug":"cest-la-rentree-mais","status":"publish","type":"post","link":"https:\/\/demos.uptitude.fr\/savviry1\/cest-la-rentree-mais\/","title":{"rendered":"CONSIGNES SANITAIRES du 17 octobre 2020"},"content":{"rendered":"\n<p><img fetchpriority=\"high\" decoding=\"async\" class=\"alignnone size-medium wp-image-2979\" src=\"http:\/\/www.savigny-viry-catholique.fr\/wp-content\/uploads\/2020\/09\/StaySafe_Color_Logo-color-600ppi_Fr-300x292.png\" alt=\"\" width=\"300\" height=\"292\"><\/p>\n<p><em><strong>Communiqu\u00e9 de Mgr Pansard \u00e9mis le 15 octobre 2020&nbsp;<\/strong> <strong>:&nbsp;<\/strong><\/em><\/p>\n\n\n\n\n\n\n\n<p><\/p>\n\n\n\n<article>\n<p class=\"has-text-align-left\"><em>\u00a0\u00bb La situation sanitaire actuelle en Essonne nous rappelle qu\u2019il faut prendre au s\u00e9rieux les mesures suivantes :<\/em><br \/><em>\u2013 Un nouveau d\u00e9cret pr\u00e9fectoral est publi\u00e9. Vous le trouverez ci-dessous.<\/em><br \/><em>\u2013 D\u2019autre part, je vous invite \u00e0 vous rendre sur le\u00a0<a href=\"http:\/\/www.essonne.gouv.fr\/Actualites\/Covid-19-point-sur-la-situation-enEssonne\/Informations-recommandations-et-actualites-Covid-19\/Covid-19-L-Essonne-estclassee-en-zone-Alerte\" target=\"_blank\" rel=\"noreferrer noopener\">site de la Pr\u00e9fecture<\/a>\u00a0qui peut nous donner des pistes de compr\u00e9hension et qui est mis \u00e0 jour quotidiennement :<\/em><br \/><em>\u2013 Suite \u00e0 l\u2019intervention du Pr\u00e9sident de la R\u00e9publique, ce 14 octobre 2020, et\u00a0<strong>\u00e0 l\u2019instauration du couvre-feu de 21h \u00e0 6h dans notre r\u00e9gion Ile-de-France, aucune r\u00e9union ne peut se tenir en pr\u00e9sentiel dans nos locaux<\/strong>. Cependant, la mission ne s\u2019arr\u00eate pas. Nous sommes invit\u00e9s \u00e0 d\u00e9velopper les r\u00e9unions en distanciel selon les moyens informatiques dont nous disposons.<\/em><\/p>\n<p class=\"has-text-align-left\"><br \/><em>En ce qui concerne les c\u00e9l\u00e9brations cultuelles : les mesures en vigueur prises par le dioc\u00e8se d\u2019\u00c9vry demeurent inchang\u00e9es. On entend par c\u00e9l\u00e9bration cultuelle :<\/em><\/p>\n<ul>\n<li><em>Messe<\/em><\/li>\n<li><em>C\u00e9l\u00e9bration des sacrements<\/em><\/li>\n<li><em>Fun\u00e9railles<\/em><\/li>\n<li><em>Temps de pri\u00e8re ou d\u2019Adoration.<\/em><\/li>\n<\/ul>\n<p><em>Il convient donc pour\u00a0<strong>toutes les autres activit\u00e9s de ne pas d\u00e9passer la jauge de 30 personnes<\/strong>\u00a0dans les lieux concern\u00e9s par le nouveau d\u00e9cret. Il convient d\u2019\u00eatre vigilant sur tous les moments o\u00f9 l\u2019on \u00ab d\u00e9pose le masque \u00bb. C\u2019est pour cela qu\u2019il est pertinent de ne pas organiser d\u2019ap\u00e9ritif \/ caf\u00e9 \/ repas \/ go\u00fbter.<\/em><\/p>\n<p><em>Le bon respect de ces r\u00e8gles garantira, pour les semaines \u00e0 venir (Toussaint, No\u00ebl), la possibilit\u00e9 de continuer \u00e0 nous rassembler.\u00a0\u00bb<\/em><\/p>\n<p class=\"has-text-align-center\"><strong>+ Michel PANSARD<br \/>\u00c9v\u00eaque d\u2019\u00c9vry-Corbeil-Essonnes<\/strong><\/p>\n<p class=\"has-text-align-center\"><strong><em><a href=\"http:\/\/www.essonne.gouv.fr\/content\/download\/32181\/246669\/file\/arr_pref_91_2020-_1238-application_couvre_feu-17102020_2_.pdf\" target=\"_blank\" rel=\"noreferrer noopener\">T\u00e9l\u00e9charger l\u2019arr\u00eat\u00e9 pr\u00e9fectoral du 17 octobre 2020<\/a><\/em><\/strong><\/p>\n<\/article>\n<p>\u00a0<\/p>\n<p>\u00a0<\/p>\n<article>\n<p>Le pr\u00e9fet de l&rsquo;Essonne\u00a0 rappelle les r\u00e8gles et recommandations \u00e0 appliquer au sein des lieux de cultes.<\/p>\n<p><strong>Gestes barri\u00e8res et distanciation physique d&rsquo;au moins 1 m\u00e8tre ainsi que le port du masque.<\/strong><\/p>\n<h3>POUR LES ACTIVIT\u00c9S PASTORALES<\/h3>\n<p>Pour l\u2019ensemble des activit\u00e9s pastorales, cat\u00e9ch\u00e8se de l\u2019enfance, aum\u00f4nerie de l\u2019enseignement public et toute autre rencontre ou r\u00e9union\u2026, voici les r\u00e8gles \u00e0 suivre :<\/p>\n<ul>\n<li>Mise \u00e0 disposition du gel hydro-alcoolique \u00e0 l\u2019entr\u00e9e des locaux.<\/li>\n<li>Port du masque obligatoire pour les plus de 11 ans \u00e0 l\u2019int\u00e9rieur des locaux comme \u00e0 l\u2019ext\u00e9rieur (\u00e0 l\u2019exception d\u2019une personne seule dans un local ou un bureau)<\/li>\n<li>Respecter les r\u00e8gles de d\u00e9sinfection et ventilation de tous les locaux<\/li>\n<li>Appliquer les gestes barri\u00e8res, se laver les mains r\u00e9guli\u00e8rement<\/li>\n<\/ul>\n<ul>\n<li>Les personnes \u00e0 risque (plus de 65 ans et ou ayant certaines pathologies) sont invit\u00e9es \u00e0 faire le point avec leur responsable sur l\u2019opportunit\u00e9 et les conditions de poursuite de leur mission.<\/li>\n<\/ul>\n<ul>\n<li>Pour toutes les activit\u00e9s ou projets d\u2019\u00e9v\u00e9nements plus larges prendre contact avec le service dioc\u00e9sain concern\u00e9.<\/li>\n<\/ul>\n<\/article>\n<h5>Mais aussi pour les personnes \u00ab\u00a0fragiles\u00a0\u00bb au regard du Coronavirus :<br \/><a href=\"https:\/\/www.youtube.com\/channel\/UCMIMUDEqUCGxHRdxXpvx1Ug\">la c\u00e9l\u00e9bration du dimanche \u00e0 11h00 est accessible sur YouTube retransmise en direct<\/a><\/h5>\n","protected":false},"excerpt":{"rendered":"","protected":false},"author":990003,"featured_media":2979,"comment_status":"closed","ping_status":"closed","sticky":false,"template":"","format":"standard","meta":{"give_campaign_id":0,"footnotes":""},"categories":[38,1],"tags":[],"class_list":["post-2977","post","type-post","status-publish","format-standard","has-post-thumbnail","hentry","category-officiel","category-uncategorized"],"_links":{"self":[{"href":"https:\/\/demos.uptitude.fr\/savviry1\/wp-json\/wp\/v2\/posts\/2977","targetHints":{"allow":["GET"]}}],"collection":[{"href":"https:\/\/demos.uptitude.fr\/savviry1\/wp-json\/wp\/v2\/posts"}],"about":[{"href":"https:\/\/demos.uptitude.fr\/savviry1\/wp-json\/wp\/v2\/types\/post"}],"author":[{"embeddable":true,"href":"https:\/\/demos.uptitude.fr\/savviry1\/wp-json\/wp\/v2\/users\/990003"}],"replies":[{"embeddable":true,"href":"https:\/\/demos.uptitude.fr\/savviry1\/wp-json\/wp\/v2\/comments?post=2977"}],"version-history":[{"count":0,"href":"https:\/\/demos.uptitude.fr\/savviry1\/wp-json\/wp\/v2\/posts\/2977\/revisions"}],"wp:featuredmedia":[{"embeddable":true,"href":"https:\/\/demos.uptitude.fr\/savviry1\/wp-json\/"}],"wp:attachment":[{"href":"https:\/\/demos.uptitude.fr\/savviry1\/wp-json\/wp\/v2\/media?parent=2977"}],"wp:term":[{"taxonomy":"category","embeddable":true,"href":"https:\/\/demos.uptitude.fr\/savviry1\/wp-json\/wp\/v2\/categories?post=2977"},{"taxonomy":"post_tag","embeddable":true,"href":"https:\/\/demos.uptitude.fr\/savviry1\/wp-json\/wp\/v2\/tags?post=2977"}],"curies":[{"name":"wp","href":"https:\/\/api.w.org\/{rel}","templated":true}]}}