{"id":2987,"date":"2020-09-06T19:07:00","date_gmt":"2020-09-06T19:07:00","guid":{"rendered":"http:\/\/www.savigny-viry-catholique.fr\/?p=2987"},"modified":"2020-09-06T19:07:00","modified_gmt":"2020-09-06T19:07:00","slug":"cest-la-rentree","status":"publish","type":"post","link":"https:\/\/demos.uptitude.fr\/savviry1\/cest-la-rentree\/","title":{"rendered":"C&rsquo;est la rentr\u00e9e&#8230;.."},"content":{"rendered":"\n<p><img fetchpriority=\"high\" decoding=\"async\" class=\"alignnone size-full wp-image-2988\" src=\"http:\/\/www.savigny-viry-catholique.fr\/wp-content\/uploads\/2020\/09\/images.png\" alt=\"\" width=\"193\" height=\"261\" \/><\/p>\n<p>Les horaires habituels des messes dominicales ont repris :<\/p>\n<p>A Savigny :le samedi \u00e0 18h00 \u00e0 Notre Dame d\u2019Esp\u00e9rance (2 rue Auguste Renoir)<br \/>\u00a0 \u00a0 \u00a0 \u00a0 \u00a0 \u00a0 \u00a0 \u00a0 le dimanche \u00e0 09h30 \u00e0 Saint Martin (1 rue des Rossays)<br \/>\u00a0 \u00a0 \u00a0 \u00a0 \u00a0 \u00a0 \u00a0 \u00a0 \u00a0le dimanche \u00e0 11h00 \u00e0 Sainte Th\u00e9r\u00e8se (23 Av des \u00e9coles)<\/p>\n<p>A Viry-Ch\u00e2tillon : le samedi \u00e0 18h00 \u00e0 Notre Dame des Cit\u00e9s (18 av de Marseille)\u00a0 \u00a0 \u00a0 \u00a0 \u00a0 \u00a0 \u00a0 \u00a0 \u00a0 \u00a0 \u00a0 \u00a0 \u00a0 \u00a0 \u00a0 \u00a0 \u00a0 \u00a0 \u00a0 \u00a0 \u00a0 \u00a0 \u00a0 \u00a0 \u00a0 \u00a0 \u00a0 \u00a0 \u00a0 \u00a0 \u00a0 le dimanche \u00e0 9h30 \u00e0 Ste Bernadette\u00a0 (16 av Robert Keller)\u00a0 \u00a0 \u00a0 \u00a0 \u00a0 \u00a0 \u00a0 \u00a0 \u00a0 \u00a0 \u00a0 \u00a0 \u00a0 \u00a0 \u00a0 \u00a0 \u00a0\u00a0<br \/>\u00a0 \u00a0 \u00a0 \u00a0 \u00a0 \u00a0 \u00a0 \u00a0 \u00a0 \u00a0 \u00a0 \u00a0 \u00a0 le dimanche \u00e0 11h00 au St Esprit (53 bd Guynemer)<\/p>\n","protected":false},"excerpt":{"rendered":"","protected":false},"author":990003,"featured_media":1565,"comment_status":"open","ping_status":"open","sticky":false,"template":"","format":"standard","meta":{"give_campaign_id":0,"footnotes":""},"categories":[1],"tags":[],"class_list":["post-2987","post","type-post","status-publish","format-standard","has-post-thumbnail","hentry","category-uncategorized"],"_links":{"self":[{"href":"https:\/\/demos.uptitude.fr\/savviry1\/wp-json\/wp\/v2\/posts\/2987","targetHints":{"allow":["GET"]}}],"collection":[{"href":"https:\/\/demos.uptitude.fr\/savviry1\/wp-json\/wp\/v2\/posts"}],"about":[{"href":"https:\/\/demos.uptitude.fr\/savviry1\/wp-json\/wp\/v2\/types\/post"}],"author":[{"embeddable":true,"href":"https:\/\/demos.uptitude.fr\/savviry1\/wp-json\/wp\/v2\/users\/990003"}],"replies":[{"embeddable":true,"href":"https:\/\/demos.uptitude.fr\/savviry1\/wp-json\/wp\/v2\/comments?post=2987"}],"version-history":[{"count":0,"href":"https:\/\/demos.uptitude.fr\/savviry1\/wp-json\/wp\/v2\/posts\/2987\/revisions"}],"wp:featuredmedia":[{"embeddable":true,"href":"https:\/\/demos.uptitude.fr\/savviry1\/wp-json\/"}],"wp:attachment":[{"href":"https:\/\/demos.uptitude.fr\/savviry1\/wp-json\/wp\/v2\/media?parent=2987"}],"wp:term":[{"taxonomy":"category","embeddable":true,"href":"https:\/\/demos.uptitude.fr\/savviry1\/wp-json\/wp\/v2\/categories?post=2987"},{"taxonomy":"post_tag","embeddable":true,"href":"https:\/\/demos.uptitude.fr\/savviry1\/wp-json\/wp\/v2\/tags?post=2987"}],"curies":[{"name":"wp","href":"https:\/\/api.w.org\/{rel}","templated":true}]}}