{"id":2998,"date":"2020-10-05T16:37:00","date_gmt":"2020-10-05T16:37:00","guid":{"rendered":"http:\/\/www.savigny-viry-catholique.fr\/?p=2998"},"modified":"2020-10-05T16:37:00","modified_gmt":"2020-10-05T16:37:00","slug":"en-route-ensemble","status":"publish","type":"post","link":"https:\/\/demos.uptitude.fr\/savviry1\/en-route-ensemble\/","title":{"rendered":"En route ensemble !"},"content":{"rendered":"\n<h4><strong>LE SYNODE 2020-2022<img fetchpriority=\"high\" decoding=\"async\" class=\"size-medium wp-image-3001 alignleft\" src=\"http:\/\/www.savigny-viry-catholique.fr\/wp-content\/uploads\/2020\/09\/Logo-synode02-300x300.jpg\" alt=\"\" width=\"300\" height=\"300\"><\/strong><\/h4>\n<p>En ce d\u00e9but d\u2019ann\u00e9e pastorale, apr\u00e8s avoir v\u00e9cu le mois de la cr\u00e9ation, Monseigneur Michel Pansard invite l&rsquo;ensemble des paroissiens de l&rsquo;Essonne \u00e0 se mettre en route pour vivre le 4\u00b0 synode du dioc\u00e8se \u00e0 partir du dimanche 4 octobre.<\/p>\n<h4>Qu\u2019est-ce qu\u2019un Synode ?<\/h4>\n<p>Le mot synode vient du grec sunodos. Il signifie soit un chemin (odos) parcouru ensemble (sun), soit le fait de franchir le m\u00eame seuil (autre sens du mot odos), de demeurer ensemble, donc de se r\u00e9unir. Ainsi dans l\u2019\u00c9glise, un synode d\u00e9signe une assembl\u00e9e r\u00e9unie pour d\u00e9lib\u00e9rer et prendre des d\u00e9cisions.<\/p>\n<h4>Une aventure spirituelle<\/h4>\n<p>Mesurant le chemin parcouru mais aussi les d\u00e9fis nouveaux qui se dressent sur cette terre de l\u2019Essonne, Mgr Pansard invite \u00e0 se mettre \u00e0 l\u2019\u00e9coute de ce que l\u2019Esprit du Seigneur dit \u00e0 l&rsquo; \u00c9glise qui est en Essonne, \u00e0 discerner ce qu\u2019il faut poursuivre et consolider, ce qu\u2019il faut am\u00e9liorer ou transformer, ce qu\u2019il faut impulser de neuf afin, en un mot d\u2019\u00c9vang\u00e9liser !<\/p>\n<p class=\"has-text-align-center\"><strong><em>\u00c9glise de Dieu qui est en Essonne, \u00e9vang\u00e9lise en prenant soin !<\/em><\/strong><\/p>\n<p>Mgr Pansard lance le synode : <a href=\"https:\/\/evry.catholique.fr\/lancement-du-synode-par-mgr-michel-pansard\/\">https:\/\/evry.catholique.fr\/lancement-du-synode-par-mgr-michel-pansard\/<\/a><\/p>\n<p><a href=\"http:\/\/www.savigny-viry-catholique.fr\/Download\/doc\/LaCroixSynode2020-10-06.pdf\">L&rsquo;article de \u00ab\u00a0La Croix\u00a0\u00bb paru le 6 octobre 2020<\/a><br \/><br \/><\/p>\n<p>Pour en savoir plus :<a href=\"https:\/\/evry.catholique.fr\/actu-synode-1\/\">https:\/\/evry.catholique.fr\/actu-synode-1\/<\/a>&nbsp; &nbsp; &nbsp; &nbsp; &nbsp;<\/p>\n<p>et pour se tenir au courant :&nbsp; <a href=\"https:\/\/evry.catholique.fr\/synode\/\">https:\/\/evry.catholique.fr\/synode\/<\/a><\/p>\n<p><img decoding=\"async\" class=\"alignnone size-medium wp-image-3000\" src=\"http:\/\/www.savigny-viry-catholique.fr\/wp-content\/uploads\/2020\/09\/Calendrier-Synode-292x300.jpg\" alt=\"\" width=\"292\" height=\"300\"><\/p>\n\n\n<p><strong><a href=\"https:\/\/www.dailymotion.com\/video\/x7wps4f\"><img decoding=\"async\" class=\"size-medium wp-image-3063 alignleft\" src=\"http:\/\/www.savigny-viry-catholique.fr\/wp-content\/uploads\/2020\/10\/SynodeDeb-300x174.jpg\" alt=\"\" width=\"300\" height=\"174\"><\/a>Vid\u00e9o du lancement du Synode le 4 octobre , \u00e9glise Ste Th\u00e9r\u00e8se avec quelques r\u00e9actions \u00e0 la sortie de la messe.<\/strong><\/p>\n<p><a href=\"https:\/\/www.dailymotion.com\/video\/x7wps4f\">https:\/\/www.dailymotion.com\/video\/x7wps4f<\/a><\/p>\n<p><\/p>\n\n\n<p><span style=\"color: #0000ff;\"><strong>Qui et comment participer au synode ?<\/strong><\/span><\/p>\n<p>Toute personne de bonne volont\u00e9, habitant ou ayant une activit\u00e9 dans le d\u00e9partement de l\u2019Essonne, peut participer \u00e0 une \u00e9quipe synodale, quel que soit son \u00e2ge.<\/p>\n<ul>\n<li>\n<ul>\n<li>Une \u00e9quipe synodale regroupe de 4 \u00e0 8 personnes qui se r\u00e9unissent une ou plusieurs fois afin d\u2019\u00e9changer sur les th\u00e8mes du Synode et de faire des propositions. Il est tout \u00e0 fait possible de participer \u00e0 plusieurs \u00e9quipes et\/ou ne travailler que sur l\u2019un ou l\u2019autre des 4 th\u00e8mes propos\u00e9s.<\/li>\n<\/ul>\n<\/li>\n<\/ul>\n<ul>\n<li>\n<ul>\n<li>L\u2019\u00e9quipe se constitue librement \u00e0 partir d\u2019un groupe d\u00e9j\u00e0 existant (une \u00e9quipe de pri\u00e8re, une \u00e9quipe animatrice, une \u00e9quipe d\u2019aum\u00f4nerie, de mouvement, une communaut\u00e9 religieuse\u2026.) soit un groupe qui se forme pour l\u2019occasion (des amis, des voisins, des coll\u00e8gues de travail, toute personne de bonne volont\u00e9\u2026.)<\/li>\n<\/ul>\n<\/li>\n<\/ul>\n<ul>\n<li>\n<ul>\n<li>L\u2019\u00e9quipe ose sortir de ses cercles habituels, ose inviter des personnes ne fr\u00e9quentant pas forc\u00e9ment l\u2019\u00c9glise, peut-\u00eatre juste pour l\u2019une des rencontres ou va \u00e0 leur rencontre entre deux r\u00e9unions.<\/li>\n<\/ul>\n<\/li>\n<\/ul>\n<p>\u00a0<\/p>\n","protected":false},"excerpt":{"rendered":"<p>Vid\u00e9o du lancement du Synode le 4 octobre , \u00e9glise Ste Th\u00e9r\u00e8se avec quelques r\u00e9actions \u00e0 la sortie de la messe. https:\/\/www.dailymotion.com\/video\/x7wps4f<\/p>\n","protected":false},"author":990003,"featured_media":2997,"comment_status":"closed","ping_status":"closed","sticky":false,"template":"","format":"standard","meta":{"give_campaign_id":0,"footnotes":""},"categories":[38,1],"tags":[],"class_list":["post-2998","post","type-post","status-publish","format-standard","has-post-thumbnail","hentry","category-officiel","category-uncategorized"],"_links":{"self":[{"href":"https:\/\/demos.uptitude.fr\/savviry1\/wp-json\/wp\/v2\/posts\/2998","targetHints":{"allow":["GET"]}}],"collection":[{"href":"https:\/\/demos.uptitude.fr\/savviry1\/wp-json\/wp\/v2\/posts"}],"about":[{"href":"https:\/\/demos.uptitude.fr\/savviry1\/wp-json\/wp\/v2\/types\/post"}],"author":[{"embeddable":true,"href":"https:\/\/demos.uptitude.fr\/savviry1\/wp-json\/wp\/v2\/users\/990003"}],"replies":[{"embeddable":true,"href":"https:\/\/demos.uptitude.fr\/savviry1\/wp-json\/wp\/v2\/comments?post=2998"}],"version-history":[{"count":0,"href":"https:\/\/demos.uptitude.fr\/savviry1\/wp-json\/wp\/v2\/posts\/2998\/revisions"}],"wp:featuredmedia":[{"embeddable":true,"href":"https:\/\/demos.uptitude.fr\/savviry1\/wp-json\/"}],"wp:attachment":[{"href":"https:\/\/demos.uptitude.fr\/savviry1\/wp-json\/wp\/v2\/media?parent=2998"}],"wp:term":[{"taxonomy":"category","embeddable":true,"href":"https:\/\/demos.uptitude.fr\/savviry1\/wp-json\/wp\/v2\/categories?post=2998"},{"taxonomy":"post_tag","embeddable":true,"href":"https:\/\/demos.uptitude.fr\/savviry1\/wp-json\/wp\/v2\/tags?post=2998"}],"curies":[{"name":"wp","href":"https:\/\/api.w.org\/{rel}","templated":true}]}}