{"id":3048,"date":"2020-10-04T18:55:00","date_gmt":"2020-10-04T18:55:00","guid":{"rendered":"http:\/\/www.savigny-viry-catholique.fr\/?p=3048"},"modified":"2020-10-04T18:55:00","modified_gmt":"2020-10-04T18:55:00","slug":"fratelli-tutti-le-pape-appelle-a-la-fraternite-universelle","status":"publish","type":"post","link":"https:\/\/demos.uptitude.fr\/savviry1\/fratelli-tutti-le-pape-appelle-a-la-fraternite-universelle\/","title":{"rendered":"\u00ab\u00a0Fratelli Tutti\u00a0\u00bb le Pape appelle \u00e0 la fraternit\u00e9 universelle"},"content":{"rendered":"\n<p>Cinq ans apr\u00e8s son encyclique \u00ab \u00e9cologique \u00bb \u2018Laudato Si\u2019 o\u00f9 il appelait \u00e0 \u00ab\u00a0r\u00e9parer la terre\u00a0\u00bb, le Pape Fran\u00e7ois, appelle \u00e0 la fraternit\u00e9 universelle, dans le texte paru le 4 octobre dernier apr\u00e8s sa signature \u00e0 Assise.<\/p>\n<p>Le Pape veut livrer <em>\u00ab&nbsp;une modeste contribution \u00e0 la r\u00e9flexion&nbsp;\u00bb&nbsp; <\/em>sur l\u2019\u00e9tat du monde. C\u2019est un peu plus que cela&nbsp;!<\/p>\n<p>Le texte se compose de huit chapitres&nbsp;:<\/p>\n<ol>\n<li>Les ombres d\u2019un monde ferm\u00e9<\/li>\n<li>Un \u00e9tranger sur le chemin<\/li>\n<li>Penser et g\u00e9rer un monde ouvert<\/li>\n<li>Un c\u0153ur ouvert au monde<\/li>\n<li>La meilleure politique<\/li>\n<li>Dialogue et amiti\u00e9 sociale<\/li>\n<li>Des parcours pour se retrouver<\/li>\n<li>Les religions au service de la fraternit\u00e9 dans le monde<\/li>\n<\/ol>\n<h5>Lire sur le site du Dioc\u00e8se le &nbsp;<a href=\"https:\/\/evry.catholique.fr\/encyclique-du-pape-francois-fratelli-tutti\/\">r\u00e9sum\u00e9 de l\u2019encyclique \u00ab&nbsp;Fratelli tutti&nbsp;\u00bb<\/a><\/h5>\n<h4>Lire et\/ou t\u00e9l\u00e9charger le <a href=\"http:\/\/www.savigny-viry-catholique.fr\/Download\/doc\/20201003_enciclica-fratelli-tutti_pape-Francois.pdf\">texte int\u00e9gral de l\u2019encyclique ici<\/a><\/h4>\n\n\n","protected":false},"excerpt":{"rendered":"","protected":false},"author":990003,"featured_media":3050,"comment_status":"closed","ping_status":"closed","sticky":false,"template":"","format":"standard","meta":{"give_campaign_id":0,"footnotes":""},"categories":[38],"tags":[],"class_list":["post-3048","post","type-post","status-publish","format-standard","has-post-thumbnail","hentry","category-officiel"],"_links":{"self":[{"href":"https:\/\/demos.uptitude.fr\/savviry1\/wp-json\/wp\/v2\/posts\/3048","targetHints":{"allow":["GET"]}}],"collection":[{"href":"https:\/\/demos.uptitude.fr\/savviry1\/wp-json\/wp\/v2\/posts"}],"about":[{"href":"https:\/\/demos.uptitude.fr\/savviry1\/wp-json\/wp\/v2\/types\/post"}],"author":[{"embeddable":true,"href":"https:\/\/demos.uptitude.fr\/savviry1\/wp-json\/wp\/v2\/users\/990003"}],"replies":[{"embeddable":true,"href":"https:\/\/demos.uptitude.fr\/savviry1\/wp-json\/wp\/v2\/comments?post=3048"}],"version-history":[{"count":0,"href":"https:\/\/demos.uptitude.fr\/savviry1\/wp-json\/wp\/v2\/posts\/3048\/revisions"}],"wp:featuredmedia":[{"embeddable":true,"href":"https:\/\/demos.uptitude.fr\/savviry1\/wp-json\/"}],"wp:attachment":[{"href":"https:\/\/demos.uptitude.fr\/savviry1\/wp-json\/wp\/v2\/media?parent=3048"}],"wp:term":[{"taxonomy":"category","embeddable":true,"href":"https:\/\/demos.uptitude.fr\/savviry1\/wp-json\/wp\/v2\/categories?post=3048"},{"taxonomy":"post_tag","embeddable":true,"href":"https:\/\/demos.uptitude.fr\/savviry1\/wp-json\/wp\/v2\/tags?post=3048"}],"curies":[{"name":"wp","href":"https:\/\/api.w.org\/{rel}","templated":true}]}}