{"id":3128,"date":"2020-12-15T12:22:00","date_gmt":"2020-12-15T12:22:00","guid":{"rendered":"http:\/\/www.savigny-viry-catholique.fr\/?p=3128"},"modified":"2020-12-15T12:22:00","modified_gmt":"2020-12-15T12:22:00","slug":"consignes-sanitaires-du-30-octobre-2020","status":"publish","type":"post","link":"https:\/\/demos.uptitude.fr\/savviry1\/consignes-sanitaires-du-30-octobre-2020\/","title":{"rendered":"CONSIGNES SANITAIRES du  10 d\u00e9cembre"},"content":{"rendered":"\n<div class=\"wp-block-group\"><div class=\"wp-block-group__inner-container is-layout-flow wp-block-group-is-layout-flow\">\n<h4><img fetchpriority=\"high\" decoding=\"async\" class=\"size-medium wp-image-3126 aligncenter\" src=\"http:\/\/www.savigny-viry-catholique.fr\/wp-content\/uploads\/2020\/10\/Reconfinement-copie-300x199.jpg\" alt=\"\" width=\"300\" height=\"199\"><\/h4>\n<h4 style=\"text-align: center;\">LES CONSIGNES SANITAIRES DU <span style=\"color: #ff0000;\">3 DECEMBRE<\/span> 2020 RESTENT EN VIGUEUR POUR <strong><span style=\"color: #ff0000;\">LES CEREMONIES et OFFICES.<\/span><\/strong><strong><span style=\"color: #ff0000;\">&nbsp;&nbsp;<\/span><\/strong><\/h4>\n<h4 style=\"text-align: center;\"><strong><span style=\"color: #ff0000;\">&nbsp;Messes dominicales et messes en semaine&nbsp; &nbsp;&nbsp;<\/span><\/strong><\/h4>\n<h4 style=\"text-align: left;\"><span style=\"background-color: #ffff00;\"><strong>EN LAISSANT DEUX SIEGES DE LIBRE ENTRE CHAQUE PERSONNE OU ENTITE FAMILIALE ET EN OCCUPANT UN RANG SUR DEUX.<\/strong><\/span><\/h4>\n<h4 style=\"text-align: left;\"><strong><span style=\"color: #ff0000;\">Sur le secteur pastoral, les messes dominicales ont des horaires variables selon les lieux.&nbsp; &nbsp; Voir les <a href=\"http:\/\/www.savigny-viry-catholique.fr\/portfolio\/eglises-messes-de-paroisse\/\">horaires&nbsp; ici .<\/a><\/span><\/strong><\/h4>\n<h5><strong><span style=\"color: #0000ff;\">A partir du 15 d\u00e9cembre 2020 un couvre feu<\/span> est instaur\u00e9 de 20h00 \u00e0 6h00 du matin <span style=\"color: #ff0000;\">sauf pour&nbsp; la nuit du 24 d\u00e9cembre<\/span>.&nbsp; Les attestations de sortie en journ\u00e9e sont supprim\u00e9es.<\/strong><\/h5>\n<p><strong>Les \u00e9glises du secteur qui sont ouvertes pour des personnes qui sortent&nbsp; pour une pri\u00e8re personnelle, sont : l&rsquo;\u00e9glise St MARTIN \u00e0 Savigny les mardis et vendredis aux heures habituelles &#8211; 9h30- 18h00-&nbsp; et l&rsquo;\u00e9glise Ste Bernadette \u00e0 Viry-Ch\u00e2tillon les lundis et mercredis de 16h30 \u00e0 18h30. (Voir sur place l&rsquo;affichage)<\/strong><\/p>\n<h5><span style=\"background-color: #ccffff; color: #ff00ff;\"><strong><a href=\"https:\/\/www.youtube.com\/channel\/UCMIMUDEqUCGxHRdxXpvx1Ug\">La messe de 11h00 c\u00e9l\u00e9br\u00e9e \u00e0 huis clos le dimanche en l&rsquo;\u00e9glise Ste Th\u00e9r\u00e8se est retransmise en direct sur \u00ab\u00a0youtube\u00a0\u00bb \u00e0 cette adresse :<\/a> <a href=\"https:\/\/www.youtube.com\/channel\/UCMIMUDEqUCGxHRdxXpvx1Ug\"><img decoding=\"async\" class=\"alignnone size-medium wp-image-3190\" src=\"http:\/\/www.savigny-viry-catholique.fr\/wp-content\/uploads\/2020\/10\/ASTSM-TV-300x49.jpg\" alt=\"\" width=\"300\" height=\"49\"><\/a><\/strong><\/span><\/h5>\n<h4>&nbsp;<\/h4>\n<h4 style=\"text-align: center;\"><strong>Communiqu\u00e9s officiels :<\/strong><\/h4>\n<h4>Communiqu\u00e9 de Mgr Pansard du 3 d\u00e9cembre 2020 \u00ab\u00a0Nouvelles dispositions sanitaires et pratiques des c\u00e9l\u00e9brations liturgiques\u00a0\u00bb : <a href=\"http:\/\/www.savigny-viry-catholique.fr\/Download\/doc\/2020-12-03Nouvelles-consignes-sanitaires-celebrations.pdf\">cliquer ici<\/a><\/h4>\n<p>&nbsp;<\/p>\n<h5>COMUNIQUE DU MINISTERE DE L&rsquo;INTERIEUR&nbsp; : <a href=\"https:\/\/www.interieur.gouv.fr\/Le-ministre\/Communiques-du-ministre\/Organisation-des-ceremonies-religieuses-durant-la-deuxieme-phase-de-confinement\">Confinement , pr\u00e9conisation sanitaire<\/a><\/h5>\n<h5>INFORMATIONS DONNEES PAR LE GOUVERNEMENT :&nbsp;<a href=\"https:\/\/www.gouvernement.fr\/info-coronavirus\">https:\/\/www.gouvernement.fr\/info-coronavirus<\/a><\/h5>\n<\/div><\/div>\n\n\n","protected":false},"excerpt":{"rendered":"","protected":false},"author":990003,"featured_media":3126,"comment_status":"closed","ping_status":"closed","sticky":false,"template":"","format":"standard","meta":{"give_campaign_id":0,"footnotes":""},"categories":[38],"tags":[],"class_list":["post-3128","post","type-post","status-publish","format-standard","has-post-thumbnail","hentry","category-officiel"],"_links":{"self":[{"href":"https:\/\/demos.uptitude.fr\/savviry1\/wp-json\/wp\/v2\/posts\/3128","targetHints":{"allow":["GET"]}}],"collection":[{"href":"https:\/\/demos.uptitude.fr\/savviry1\/wp-json\/wp\/v2\/posts"}],"about":[{"href":"https:\/\/demos.uptitude.fr\/savviry1\/wp-json\/wp\/v2\/types\/post"}],"author":[{"embeddable":true,"href":"https:\/\/demos.uptitude.fr\/savviry1\/wp-json\/wp\/v2\/users\/990003"}],"replies":[{"embeddable":true,"href":"https:\/\/demos.uptitude.fr\/savviry1\/wp-json\/wp\/v2\/comments?post=3128"}],"version-history":[{"count":0,"href":"https:\/\/demos.uptitude.fr\/savviry1\/wp-json\/wp\/v2\/posts\/3128\/revisions"}],"wp:featuredmedia":[{"embeddable":true,"href":"https:\/\/demos.uptitude.fr\/savviry1\/wp-json\/"}],"wp:attachment":[{"href":"https:\/\/demos.uptitude.fr\/savviry1\/wp-json\/wp\/v2\/media?parent=3128"}],"wp:term":[{"taxonomy":"category","embeddable":true,"href":"https:\/\/demos.uptitude.fr\/savviry1\/wp-json\/wp\/v2\/categories?post=3128"},{"taxonomy":"post_tag","embeddable":true,"href":"https:\/\/demos.uptitude.fr\/savviry1\/wp-json\/wp\/v2\/tags?post=3128"}],"curies":[{"name":"wp","href":"https:\/\/api.w.org\/{rel}","templated":true}]}}