{"id":3173,"date":"2020-11-01T13:58:39","date_gmt":"2020-11-01T13:58:39","guid":{"rendered":"http:\/\/www.savigny-viry-catholique.fr\/?p=3173"},"modified":"2020-11-01T13:58:39","modified_gmt":"2020-11-01T13:58:39","slug":"toussaint","status":"publish","type":"post","link":"https:\/\/demos.uptitude.fr\/savviry1\/toussaint\/","title":{"rendered":"TOUSSAINT 2020"},"content":{"rendered":"\n<h5>F\u00eate de la Toussaint et jour de pri\u00e8re pour les d\u00e9funts.<\/h5>\n<p>*****<!--more--><\/p>\n<p><strong>Chaque 1er novembre<\/strong>, cette joyeuse f\u00eate de famille donne envie \u00e0 l\u2019\u00c9glise\u00a0d\u2019invoquer le soutien familier de tous les saints pour mieux vivre les\u00a0B\u00e9atitudes.<\/p>\n<p><img decoding=\"async\" class=\"wp-image-3171 alignleft\" src=\"http:\/\/www.savigny-viry-catholique.fr\/wp-content\/uploads\/2020\/10\/admin-ajax-Toussaint17-02-copie.jpg\" alt=\"\" width=\"210\" height=\"200\" \/><\/p>\n<p>On peut regretter qu\u2019elle se confonde souvent, dans l\u2019esprit de bien des gens &#8211; y compris des catholiques &#8211; avec <strong>la journ\u00e9e de pri\u00e8re pour tous les fid\u00e8les d\u00e9funts fix\u00e9e au lendemain, 2 novembre.<\/strong>.. quand ce n\u2019est pas avec la f\u00eate d\u2019Halloween\u00a0!<\/p>\n<p>Mais historiquement, c\u2019est bien le culte des martyrs qui a donn\u00e9 lieu \u00e0 l\u2019\u00e9tablissement de cette f\u00eate.<\/p>\n<p>\u00a0<\/p>\n<h4>\u00a0<\/h4>\n<h4>Hom\u00e9lie du P\u00e8re Emmanuel Bidzogo\u00a0 :<\/h4>\n<div style=\"width: 960px;\" class=\"wp-video\"><video class=\"wp-video-shortcode\" id=\"video-3173-1\" width=\"960\" height=\"720\" preload=\"metadata\" controls=\"controls\"><source type=\"video\/mp4\" src=\"http:\/\/www.savigny-viry-catholique.fr\/wp-content\/uploads\/2020\/11\/Homelie-Toussaint20.mp4?_=1\" \/><a href=\"http:\/\/www.savigny-viry-catholique.fr\/wp-content\/uploads\/2020\/11\/Homelie-Toussaint20.mp4\">http:\/\/www.savigny-viry-catholique.fr\/wp-content\/uploads\/2020\/11\/Homelie-Toussaint20.mp4<\/a><\/video><\/div>\n<h4>Message de Monseigneur Pansard \u00e0 l&rsquo;occasion de La f\u00eate de la Toussaint\u00a0 \u00a0<a href=\"http:\/\/www.savigny-viry-catholique.fr\/Download\/doc\/2020-11-01TOUSSAINT2020Pansard.pdf\">cliquez ici<\/a><\/h4>\n<h5><strong>Horaires des messes de la Toussaint : horaire habituel des dimanches<\/strong><\/h5>\n<p>\u00a0<\/p>\n<h5><span style=\"background-color: #ccffff; color: #ff00ff;\"><strong><a href=\"https:\/\/www.youtube.com\/channel\/UCMIMUDEqUCGxHRdxXpvx1Ug\">La messe de 11h00 en l&rsquo;\u00e9glise Ste Th\u00e9r\u00e8se est retransmise en direct sur \u00ab\u00a0youtube\u00a0\u00bb \u00e0 cette adresse :<\/a> <a href=\"https:\/\/www.youtube.com\/channel\/UCMIMUDEqUCGxHRdxXpvx1Ug\"><img decoding=\"async\" class=\"alignnone size-medium wp-image-3190\" src=\"http:\/\/www.savigny-viry-catholique.fr\/wp-content\/uploads\/2020\/10\/ASTSM-TV-300x49.jpg\" alt=\"\" width=\"300\" height=\"49\" \/><\/a><\/strong><\/span><\/h5>\n<p>\u00a0<\/p>\n<h4><img fetchpriority=\"high\" decoding=\"async\" class=\"alignnone size-full wp-image-3172\" src=\"http:\/\/www.savigny-viry-catholique.fr\/wp-content\/uploads\/2020\/10\/Toussaint-2019-Questce-que-la-Toussaint-300x169-1.png\" alt=\"\" width=\"300\" height=\"169\" \/><\/h4>\n<div class=\"spotlight01\">Comme son nom l\u2019indique, la Toussaint\u00a0est la f\u00eate de tous les saints. Chaque 1er novembre, l\u2019\u00c9glise honore ainsi la foule innombrable de ceux et celles qui ont \u00e9t\u00e9 de vivants et lumineux t\u00e9moins du Christ.<\/div>\n<p>Si un certain nombre d\u2019entre eux ont \u00e9t\u00e9 officiellement reconnus, \u00e0 l\u2019issue d\u2019une proc\u00e9dure dite de \u00ab canonisation \u00bb, et nous sont donn\u00e9s en mod\u00e8les, l\u2019Eglise sait bien que beaucoup d\u2019autres ont \u00e9galement v\u00e9cu dans la fid\u00e9lit\u00e9 \u00e0 l\u2019Evangile\u00a0et au service de tous. C\u2019est bien pourquoi, en ce jour de la\u00a0Toussaint, les chr\u00e9tiens c\u00e9l\u00e8brent tous les saints, connus ou inconnus.<br \/>Cette f\u00eate est donc aussi l\u2019occasion de rappeler que tous les hommes sont appel\u00e9s \u00e0 la\u00a0saintet\u00e9, par des chemins diff\u00e9rents, parfois surprenants ou inattendus, mais tous accessibles.<\/p>\n<p><a href=\"https:\/\/eglise.catholique.fr\/approfondir-sa-foi\/la-celebration-de-la-foi\/les-grandes-fetes-chretiennes\/toussaint\/372346-quest-ce-que-la-toussaint\/\">lire la suite ici &#8211; site de La Conf\u00e9rence des Eveques de France<\/a><\/p>\n<p>\u00a0<\/p>\n","protected":false},"excerpt":{"rendered":"","protected":false},"author":990003,"featured_media":3185,"comment_status":"closed","ping_status":"closed","sticky":false,"template":"","format":"standard","meta":{"give_campaign_id":0,"footnotes":""},"categories":[36,1],"tags":[],"class_list":["post-3173","post","type-post","status-publish","format-standard","has-post-thumbnail","hentry","category-fete-rassemblement","category-uncategorized"],"_links":{"self":[{"href":"https:\/\/demos.uptitude.fr\/savviry1\/wp-json\/wp\/v2\/posts\/3173","targetHints":{"allow":["GET"]}}],"collection":[{"href":"https:\/\/demos.uptitude.fr\/savviry1\/wp-json\/wp\/v2\/posts"}],"about":[{"href":"https:\/\/demos.uptitude.fr\/savviry1\/wp-json\/wp\/v2\/types\/post"}],"author":[{"embeddable":true,"href":"https:\/\/demos.uptitude.fr\/savviry1\/wp-json\/wp\/v2\/users\/990003"}],"replies":[{"embeddable":true,"href":"https:\/\/demos.uptitude.fr\/savviry1\/wp-json\/wp\/v2\/comments?post=3173"}],"version-history":[{"count":0,"href":"https:\/\/demos.uptitude.fr\/savviry1\/wp-json\/wp\/v2\/posts\/3173\/revisions"}],"wp:featuredmedia":[{"embeddable":true,"href":"https:\/\/demos.uptitude.fr\/savviry1\/wp-json\/"}],"wp:attachment":[{"href":"https:\/\/demos.uptitude.fr\/savviry1\/wp-json\/wp\/v2\/media?parent=3173"}],"wp:term":[{"taxonomy":"category","embeddable":true,"href":"https:\/\/demos.uptitude.fr\/savviry1\/wp-json\/wp\/v2\/categories?post=3173"},{"taxonomy":"post_tag","embeddable":true,"href":"https:\/\/demos.uptitude.fr\/savviry1\/wp-json\/wp\/v2\/tags?post=3173"}],"curies":[{"name":"wp","href":"https:\/\/api.w.org\/{rel}","templated":true}]}}