{"id":3222,"date":"2020-11-01T00:01:00","date_gmt":"2020-11-01T00:01:00","guid":{"rendered":"http:\/\/www.savigny-viry-catholique.fr\/?p=3222"},"modified":"2020-11-01T00:01:00","modified_gmt":"2020-11-01T00:01:00","slug":"en-temps-de-confinement-vivre-notre-foi-autrement","status":"publish","type":"post","link":"https:\/\/demos.uptitude.fr\/savviry1\/en-temps-de-confinement-vivre-notre-foi-autrement\/","title":{"rendered":"EN TEMPS DE CONFINEMENT, VIVRE NOTRE FOI AUTREMENT."},"content":{"rendered":"\n<h5><span style=\"background-color: #ffff00;\">Dimanche 15 novembre 2020 &#8211;\u00a0 33em Dimanche du temps ordinaire.<\/span><\/h5>\n<h5>Dans cette phase 2 du confinement, nous proposons quelques pistes pour vivre notre foi autrement.<\/h5>\n<p><!--more--><\/p>\n<h5>Ainsi, vous trouverez ci apr\u00e8s :\u00a0<\/h5>\n<ul>\n<li><strong> une m\u00e9ditation de l&rsquo;Evangile propos\u00e9e par Le P\u00e8re Antoine Johnson,\u00a0<\/strong><\/li>\n<li><strong>la proposition du dioc\u00e8se : une liturgie familiale pour ce dimanche\u00a0<\/strong><\/li>\n<li><strong>la possibilit\u00e9 de participer \u00e0 la qu\u00eate<\/strong><\/li>\n<\/ul>\n<h5><span style=\"color: #0000ff;\">Notez que vous pouvez suivre en direct,\u00a0 la messe c\u00e9l\u00e9br\u00e9e, \u00e0 huis clos,\u00a0 en l&rsquo;\u00e9glise Ste Th\u00e9r\u00e8se \u00e0 11h00<\/span>\u00a0<\/h5>\n<h5><span style=\"background-color: #ccffff; color: #ff00ff;\"><strong><a href=\"https:\/\/www.youtube.com\/channel\/UCMIMUDEqUCGxHRdxXpvx1Ug\">\u00a0\u00e0 cette adresse :<\/a> <a href=\"https:\/\/www.youtube.com\/channel\/UCMIMUDEqUCGxHRdxXpvx1Ug\"><img decoding=\"async\" class=\"alignnone size-medium wp-image-3190\" src=\"http:\/\/www.savigny-viry-catholique.fr\/wp-content\/uploads\/2020\/10\/ASTSM-TV-300x49.jpg\" alt=\"\" width=\"300\" height=\"49\" \/><\/a><\/strong><\/span><\/h5>\n<h5>&#8212;&#8212;&#8212;&#8212;&#8212;&#8212;&#8212;&#8212;&#8212;&#8212;&#8212;&#8212;&#8212;&#8212;&#8212;&#8212;&#8212;&#8212;&#8212;&#8212;&#8212;&#8212;&#8212;&#8212;&#8212;&#8212;&#8212;&#8212;&#8212;&#8212;&#8212;&#8212;-<\/h5>\n<h5><img fetchpriority=\"high\" decoding=\"async\" class=\"alignnone size-medium wp-image-3301\" src=\"http:\/\/www.savigny-viry-catholique.fr\/wp-content\/uploads\/2020\/11\/Talents01-300x169.jpg\" alt=\"\" width=\"300\" height=\"169\" \/><\/h5>\n<h5 style=\"text-align: center;\"><span style=\"color: #0000ff;\">\u00ab\u00a0<em>Tu as \u00e9t\u00e9 fid\u00e8le pour peu de chose, je t&rsquo;en confierai beaucoup\u00a0\u00bb\u00a0<\/em> Matthieu 25,21<\/span><\/h5>\n<h4 style=\"text-align: center;\"><strong>MEDITATION DE L\u2019EVANGILE DU DIMANCHE 15 NOVEMBRE 2020\u00a0 \u00a0 \u00a0 \u00a0 PAR LE PERE Antoine JOHNSON<\/strong><\/h4>\n<h4 style=\"text-align: center;\"><strong>Mt 25, 14-30<\/strong><\/h4>\n<h5 style=\"text-align: left;\">L\u2019\u00e9vangile propos\u00e9 \u00e0 notre m\u00e9ditation est celui de la parabole des talents.\u00a0 \u00a0 \u00a0 \u00a0 \u00a0 \u00a0 \u00a0 A travers celle- ci le Christ a voulu faire passer une grande le\u00e7on : il nous faut d\u00e9ployer au service de Dieu une fid\u00e9lit\u00e9 active, en faisant fructifier pour le mieux ses dons et ses gr\u00e2ces.<br \/><br \/>Les bons serviteurs de la parabole, ceux que le ma\u00eetre f\u00e9licite et r\u00e9compense, sont pr\u00e9cis\u00e9ment ceux qui, conscients de leurs responsabilit\u00e9s s\u2019empressent de faire fructifier le capital qui leur a \u00e9t\u00e9 remis.<br \/><br \/>Le serviteur infid\u00e8le est celui qui, par paresse et par peur du risque, reste inactif\u00a0: il n\u2019a pas perdu, certes, le talent confi\u00e9\u00a0; mais il ne l\u2019a pas fait valoir.<br \/><br \/>L\u2019essentiel n\u2019est pas de produire beaucoup, mais de s\u2019ing\u00e9nier \u00e0 faire valoir les dons que Dieu nous\u00a0 a remis, si minimes soient-ils. Prendre pr\u00e9texte de ce qu\u2019il est bon pour ne rien faire ou se contenter d\u2019un minimum, c\u2019est s\u2019exposer \u00e0 un jugement s\u00e9v\u00e8re.<br \/><br \/>Dans l\u2019attente de son retour, le Seigneur a confi\u00e9 \u00e0 chacun de nous un tr\u00e9sor \u00e0 faire valoir. Dons de la cr\u00e9ation, dons de gr\u00e2ce, richesses humaines, richesses spirituelles\u00a0: la foi, l\u2019Eglise, les sacrements, et, don supr\u00eame qui r\u00e9sume tous les autres\u00a0: son propre Fils.<br \/><br \/>Pour faire valoir tous ses talents, il faut s\u2019arracher \u00e0 la nonchalance et la paresse pour se lancer \u00e0 corps perdu dans cette aventure d\u2019amour \u00e0 laquelle Dieu nous convie, et \u0153uvrer avec dynamisme, consacrer toutes nos ressources spirituelles et mat\u00e9rielles au service du Seigneur et de nos fr\u00e8res, en pers\u00e9v\u00e9rant dans l\u2019effort sans craindre la fatigue, sans se laisser rebuter par la critique ou l\u2019\u00e9chec.<br \/><br \/><br \/><\/h5>\n<h5><strong><span style=\"color: #0000ff;\"><em>Vous pouvez t\u00e9l\u00e9charger cette <a href=\"http:\/\/www.savigny-viry-catholique.fr\/Download\/doc\/2020-11-15Meditation-Evangile.pdf\">hom\u00e9lie\u00a0 ici<\/a><\/em><\/span><\/strong><\/h5>\n<h5>\u00a0<\/h5>\n<h5><em><strong>Prions !<\/strong><\/em><\/h5>\n<h5>Seigneur, tout vient de toi : tu as enfoui en nous, les bienfaits de ton c\u0153ur.\u00a0 \u00a0 \u00a0 \u00a0 \u00a0 Tu nous demandes de les faire valoir. Donne-nous le courage de nous mettre \u00e0 l\u2019\u0153uvre, sans craindre la peine, pour que nous cherchions \u00e0 renouveler avec toi et par toi la face de la terre en ce moment que nous traversons ! Toi qui r\u00e8gnes avec le P\u00e8re et l\u2019Esprit Saint pour les si\u00e8cles des si\u00e8cles.\u00a0 \u00a0Amen !<\/h5>\n<p>\u00a0<\/p>\n<h5><em><strong>Relisons le texte pour l\u2019int\u00e9rioriser et l\u2019accueillir \u00e0 notre tour<\/strong><\/em><\/h5>\n<p>\u00c9vangile de J\u00e9sus Christ selon saint Matthieu (Mt 25, 14-30)<\/p>\n<p>En ce temps-l\u00e0, J\u00e9sus disait \u00e0 ses disciples cette parabole : \u00ab C\u2019est comme un homme qui partait en voyage : il appela ses serviteurs et leur confia ses biens. \u00c0 l\u2019un il remit une somme de cinq talents, \u00e0 un autre deux talents, au troisi\u00e8me un seul talent, \u00e0 chacun selon ses capacit\u00e9s. Puis il partit.<br \/>Aussit\u00f4t, celui qui avait re\u00e7u les cinq talents s\u2019en alla pour les faire valoir et en gagna cinq autres. De m\u00eame, celui qui avait re\u00e7u deux talents en gagna deux autres. Mais celui qui n\u2019en avait re\u00e7u qu\u2019un alla creuser la terre et cacha l\u2019argent de son ma\u00eetre.<br \/>Longtemps apr\u00e8s, le ma\u00eetre de ces serviteurs revint et il leur demanda des comptes. Celui qui avait re\u00e7u cinq talents s\u2019approcha, pr\u00e9senta cinq autres talents et dit : \u2018Seigneur, tu m\u2019as confi\u00e9 cinq talents ; voil\u00e0, j\u2019en ai gagn\u00e9 cinq autres.\u2019 Son ma\u00eetre lui d\u00e9clara : \u2018Tr\u00e8s bien, serviteur bon et fid\u00e8le, tu as \u00e9t\u00e9 fid\u00e8le pour peu de choses, je t\u2019en confierai beaucoup ; entre dans la joie de ton seigneur.\u2019<br \/>Celui qui avait re\u00e7u deux talents s\u2019approcha aussi et dit : \u2018Seigneur, tu m\u2019as confi\u00e9 deux talents ; voil\u00e0, j\u2019en ai gagn\u00e9 deux autres.\u2019 Son ma\u00eetre lui d\u00e9clara : \u2018Tr\u00e8s bien, serviteur bon et fid\u00e8le, tu as \u00e9t\u00e9 fid\u00e8le pour peu de choses, je t\u2019en confierai beaucoup ; entre dans la joie de ton seigneur.\u2019<br \/>Celui qui avait re\u00e7u un seul talent s\u2019approcha aussi et dit : \u2018Seigneur, je savais que tu es un homme dur : tu moissonnes l\u00e0 o\u00f9 tu n\u2019as pas sem\u00e9, tu ramasses l\u00e0 o\u00f9 tu n\u2019as pas r\u00e9pandu le grain. J\u2019ai eu peur, et je suis all\u00e9 cacher ton talent dans la terre. Le voici. Tu as ce qui t\u2019appartient.\u2019<br \/>Son ma\u00eetre lui r\u00e9pliqua : \u2018Serviteur mauvais et paresseux, tu savais que je moissonne l\u00e0 o\u00f9 je n\u2019ai pas sem\u00e9, que je ramasse le grain l\u00e0 o\u00f9 je ne l\u2019ai pas r\u00e9pandu. Alors, il fallait placer mon argent \u00e0 la banque ; et, \u00e0 mon retour, je l\u2019aurais retrouv\u00e9 avec les int\u00e9r\u00eats. Enlevez-lui donc son talent et donnez-le \u00e0 celui qui en a dix. \u00c0 celui qui a, on donnera encore, et il sera dans l\u2019abondance ; mais celui qui n\u2019a rien se verra enlever m\u00eame ce qu\u2019il a. Quant \u00e0 ce serviteur bon \u00e0 rien, jetez-le dans les t\u00e9n\u00e8bres ext\u00e9rieures ; l\u00e0, il y aura des pleurs et des grincements de dents !\u2019 \u00bb<\/p>\n<hr \/>\n<h4 style=\"text-align: left;\"><em><strong><img decoding=\"async\" class=\"size-medium wp-image-3300 alignleft\" src=\"http:\/\/www.savigny-viry-catholique.fr\/wp-content\/uploads\/2020\/11\/parabole_talents-2-281x300.png\" alt=\"\" width=\"281\" height=\"300\" \/>Liturgie familiale pour\u00a0 \u00a0 \u00a0 \u00a0 \u00a0 \u00a0 \u00a0 \u00a0 \u00a0 \u00a0 \u00a0 \u00a0 \u00a0 \u00a0le dimanche 15 novembre 2020,\u00a0 \u00a0 \u00a0 \u00a0 33eme dimanche du temps <\/strong><\/em><i>ordinaire.<\/i><\/h4>\n<h5><span style=\"color: #0000ff;\">T\u00e9l\u00e9chargez le <a href=\"http:\/\/www.savigny-viry-catholique.fr\/Download\/doc\/2020-11-15Liturgie-familiale-dimanche15novembre2020.pdf\">document ici\u00a0<\/a><\/span><\/h5>\n<p>\u00a0<\/p>\n<p>\u00a0<\/p>\n<p>\u00a0<\/p>\n<p>&#8212;&#8212;&#8212;&#8212;&#8212;&#8212;&#8212;&#8212;&#8212;&#8212;&#8212;&#8212;&#8212;&#8212;&#8212;&#8212;&#8212;&#8212;&#8212;&#8212;&#8212;&#8212;&#8212;&#8212;&#8212;&#8212;&#8212;&#8212;&#8212;&#8212;&#8212;&#8212;&#8212;&#8212;&#8212;&#8212;&#8212;&#8212;&#8212;<\/p>\n<h3>N&rsquo;OUBLIEZ PAS LA QU\u00caTE !!!<img loading=\"lazy\" decoding=\"async\" class=\"size-full wp-image-3240 alignright\" src=\"http:\/\/www.savigny-viry-catholique.fr\/wp-content\/uploads\/2020\/11\/quete-en-lignet.jpg\" alt=\"\" width=\"298\" height=\"169\" \/><\/h3>\n<h3><strong>R\u00e9ouverture de la plate-forme\u00a0<em><a href=\"https:\/\/quete.catholique.fr\/?reserved_diocese=EVRY&amp;reserved_paroisse=\">quete.catholique.fr<\/a><\/em><\/strong><\/h3>\n<p>Ce nouveau confinement emp\u00eache de nouveau nombre de catholiques de se rendre aux c\u00e9l\u00e9brations de leur paroisse et ainsi de participer \u00e0 la qu\u00eate. La qu\u00eate, collect\u00e9e chaque dimanche constitue l\u2019une des principales ressources des paroisses et va conna\u00eetre une baisse comme lors du premier confinement.<\/p>\n<p>Comme lors du confinement du printemps dernier, la Conf\u00e9rence des \u00e9v\u00eaques de France met en place \u00e0 partir d\u2019aujourd\u2019hui une plateforme de <strong>don en ligne<\/strong> temporaire, <span style=\"color: #ff0000;\"><em><strong>s\u00e9curis\u00e9e<\/strong> <\/em><\/span>et accessible \u00e0 l\u2019adresse : <strong><em><a href=\"https:\/\/quete.catholique.fr\/?reserved_diocese=EVRY&amp;reserved_paroisse=\">quete.catholique.fr<\/a><\/em><\/strong><\/p>\n<p>Vous pouvez aussi aider votre dioc\u00e8se par le denier ; dans ces temps difficiles la g\u00e9n\u00e9rosit\u00e9 doit continuer<strong>\u00a0<a href=\"http:\/\/www.savigny-viry-catholique.fr\/portfolio\/la-generosite-continue\/\"> Voir ici.\u00a0<\/a><\/strong><\/p>\n<p><i>Par avance <\/i><em><strong>MERCI !<\/strong><\/em><\/p>\n<h5 tabindex=\"0\" role=\"textbox\" aria-label=\"R\u00e9digez un titre\u2026\" aria-multiline=\"true\" data-block=\"251dace9-6fe4-4f60-8eb3-6213959cb931\" data-type=\"core\/heading\" data-title=\"Titre\">&#8212;&#8212;&#8212;&#8212;&#8212;&#8212;&#8212;&#8212;&#8212;&#8212;&#8212;&#8212;&#8212;&#8212;&#8212;&#8212;&#8212;&#8212;&#8212;&#8212;&#8212;&#8212;&#8212;&#8212;&#8212;&#8212;&#8212;&#8212;&#8212;&#8212;&#8212;&#8212;-<\/h5>\n<p><strong><em data-rich-text-format-boundary=\"true\">Vous pouvez retrouver la m\u00e9ditation du dimanche 8 novembre ici : <a href=\"http:\/\/www.savigny-viry-catholique.fr\/Download\/doc\/2020-11-08M%C3%A9ditation.pdf\">m\u00e9ditation du 8 novembre<\/a><\/em><\/strong><\/p>\n<p>&#8212;&#8212;&#8212;&#8212;&#8212;&#8212;&#8212;&#8212;&#8212;&#8212;&#8212;&#8212;&#8212;&#8212;&#8212;&#8212;&#8212;&#8212;&#8212;&#8212;&#8212;&#8212;&#8212;&#8212;&#8212;&#8212;&#8212;&#8212;&#8212;&#8212;&#8212;&#8212;&#8212;&#8212;&#8212;&#8212;&#8212;&#8212;&#8212;<\/p>\n<div class=\"main col-lg-9 col-md-8\" role=\"main\">\n<article class=\"post-3048 post type-post status-publish format-standard has-post-thumbnail hentry category-officiel\">\n<div class=\"entry-content\">\n<h5><img loading=\"lazy\" decoding=\"async\" class=\"alignnone  wp-image-3050\" src=\"http:\/\/www.savigny-viry-catholique.fr\/wp-content\/uploads\/2020\/10\/papefrancoisok-300x222.jpg\" alt=\"\" width=\"230\" height=\"157\" \/><\/h5>\n<h5>En cette p\u00e9riode de confinement, la lecture de l&rsquo;encyclique du pape Fran\u00e7ois, &lsquo;Fratelli Tutti&rsquo; est toujours possible et conseill\u00e9e ! Vous pouvez :<\/h5>\n<h5>Lire sur le site du Dioc\u00e8se le \u00a0<a href=\"https:\/\/evry.catholique.fr\/encyclique-du-pape-francois-fratelli-tutti\/\">r\u00e9sum\u00e9 de l\u2019encyclique \u00ab\u00a0Fratelli tutti\u00a0\u00bb<\/a><\/h5>\n<h4>Lire et\/ou t\u00e9l\u00e9charger le\u00a0<a href=\"http:\/\/www.savigny-viry-catholique.fr\/Download\/doc\/20201003_enciclica-fratelli-tutti_pape-Francois.pdf\">texte int\u00e9gral de l\u2019encyclique ici<\/a><\/h4>\n<\/div>\n<footer class=\"single-footer\">\n<div>\n<div>\u00a0<\/div>\n<\/div>\n<\/footer><\/article>\n<\/div>\n<aside class=\"col-lg-3 col-md-4 kad-sidebar\" role=\"complementary\">\n<div class=\"sidebar\">\n<section id=\"lecture_actu_widget-2\" class=\"widget-1 widget-first widget widget_lecture_actu_widget\">\n<div class=\"widget-inner\">\u00a0<\/div>\n<\/section>\n<\/div>\n<\/aside>\n","protected":false},"excerpt":{"rendered":"","protected":false},"author":990003,"featured_media":3301,"comment_status":"closed","ping_status":"closed","sticky":false,"template":"","format":"standard","meta":{"give_campaign_id":0,"footnotes":""},"categories":[36,1],"tags":[],"class_list":["post-3222","post","type-post","status-publish","format-standard","has-post-thumbnail","hentry","category-fete-rassemblement","category-uncategorized"],"_links":{"self":[{"href":"https:\/\/demos.uptitude.fr\/savviry1\/wp-json\/wp\/v2\/posts\/3222","targetHints":{"allow":["GET"]}}],"collection":[{"href":"https:\/\/demos.uptitude.fr\/savviry1\/wp-json\/wp\/v2\/posts"}],"about":[{"href":"https:\/\/demos.uptitude.fr\/savviry1\/wp-json\/wp\/v2\/types\/post"}],"author":[{"embeddable":true,"href":"https:\/\/demos.uptitude.fr\/savviry1\/wp-json\/wp\/v2\/users\/990003"}],"replies":[{"embeddable":true,"href":"https:\/\/demos.uptitude.fr\/savviry1\/wp-json\/wp\/v2\/comments?post=3222"}],"version-history":[{"count":0,"href":"https:\/\/demos.uptitude.fr\/savviry1\/wp-json\/wp\/v2\/posts\/3222\/revisions"}],"wp:featuredmedia":[{"embeddable":true,"href":"https:\/\/demos.uptitude.fr\/savviry1\/wp-json\/"}],"wp:attachment":[{"href":"https:\/\/demos.uptitude.fr\/savviry1\/wp-json\/wp\/v2\/media?parent=3222"}],"wp:term":[{"taxonomy":"category","embeddable":true,"href":"https:\/\/demos.uptitude.fr\/savviry1\/wp-json\/wp\/v2\/categories?post=3222"},{"taxonomy":"post_tag","embeddable":true,"href":"https:\/\/demos.uptitude.fr\/savviry1\/wp-json\/wp\/v2\/tags?post=3222"}],"curies":[{"name":"wp","href":"https:\/\/api.w.org\/{rel}","templated":true}]}}