{"id":3251,"date":"2020-12-25T12:32:00","date_gmt":"2020-12-25T12:32:00","guid":{"rendered":"http:\/\/www.savigny-viry-catholique.fr\/?p=3251"},"modified":"2020-12-25T12:32:00","modified_gmt":"2020-12-25T12:32:00","slug":"confinement-saviry-catechisme","status":"publish","type":"post","link":"https:\/\/demos.uptitude.fr\/savviry1\/confinement-saviry-catechisme\/","title":{"rendered":"NO\u00cbL et LA SAINTE FAMILLE"},"content":{"rendered":"\n<p>&nbsp;<\/p>\n<p>Continuons ici de faire du<strong> \u00ab\u00a0cat\u00e9\u00a0\u00bb \u00e0 la maison<\/strong>, et <strong>pour les tout-petits<\/strong>, une <strong>page sp\u00e9ciale \u00ab\u00a0Eveil \u00e0 la foi\u00a0\u00bb <\/strong>&nbsp;permet de pr\u00e9parer No\u00ebl&#8230;<!--more--><strong>Tu trouveras&nbsp; ci-dessous quelques pages pour t&rsquo;aider \u00e0 continuer ton chemin dans la Foi.<\/strong><br \/>A chaque fois quelques dessins, bricolages, vid\u00e9os, chants te permettent de comprendre mais plus encore, de vivre le th\u00e8me.<br \/>(Certes rien ne vaut le contact personnel, la pri\u00e8re communautaire, l\u2019\u00e9change entre croyants. Mais il ne faut pas arr\u00eater notre vie avec Dieu \u00e0 cause de la situation !)<\/p>\n<p><em>A la fin de cette page n&rsquo;oublies pas de lire avec tes parents les recommandations.<\/em><\/p>\n\n\n\n<h2><img fetchpriority=\"high\" decoding=\"async\" class=\"alignnone  wp-image-3724\" src=\"https:\/\/www.savigny-viry-catholique.fr\/wp-content\/uploads\/2020\/12\/Creche2020-300x212.jpg\" alt=\"\" width=\"722\" height=\"510\" \/><\/h2>\n<h3>Pour les plus petits de l&rsquo;\u00e9veil \u00e0 la foi une page a \u00e9t\u00e9 cr\u00e9\u00e9e sp\u00e9cialement pour eux. <span style=\"color: #ff0000;\"><a style=\"color: #ff0000;\" href=\"https:\/\/www.savigny-viry-catholique.fr\/eveil-a-la-foi\/\">Cliquez ici pour y acc\u00e9der<\/a><\/span><\/h3>\n<h3><span style=\"color: #0000ff;\"><strong>\u00ab\u00a0Aujourd\u2019hui dans la ville de David, vous est n\u00e9 un Sauveur qui est le Christ, le Seigneur\u00a0\u00bb Luc 2,11<\/strong><\/span><\/h3>\n<h2 style=\"text-align: center;\"><strong>No\u00ebl naissance d\u2019un roi d\u2019Amour<\/strong><\/h2>\n<h5>A No\u00ebl la promesse s\u2019accomplit. J\u00e9sus, celui qui na\u00eet, est le berger qui conduit son troupeau, le Prince de la paix.<\/h5>\n<h5>Le monde entier se tourne vers Bethl\u00e9em pour accueillir cet Enfant. Contemplons les bergers, les anges, Marie et Joseph\u2026 Comme eux faisons de la place dans nos c\u0153urs, mettons-nous en route vers l\u2019Enfant, Dieu est l\u00e0.<\/h5>\n<h5><a href=\"https:\/\/www.theobule.org\/video\/les-bergers-a-la-creche-lc-2-1-20\/716\"><img decoding=\"async\" class=\"size-medium wp-image-3727 alignleft\" src=\"https:\/\/www.savigny-viry-catholique.fr\/wp-content\/uploads\/2020\/12\/bergers-creche-300x176.jpg\" alt=\"\" width=\"300\" height=\"176\" \/><\/a><\/h5>\n<h5>Vid\u00e9o Th\u00e9obule\u00a0: Luc 2,1-20 <a href=\"https:\/\/www.theobule.org\/video\/les-bergers-a-la-creche-lc-2-1-20\/716\">Les bergers \u00e0 la cr\u00e8che<\/a><\/h5>\n<p>\u00a0<\/p>\n<p>\u00a0<\/p>\n<p>\u00a0<\/p>\n<h5><a href=\"https:\/\/www.theobule.org\/video\/aelia-et-les-bergers-venus-a-la-creche\/737\"><img decoding=\"async\" class=\"size-medium wp-image-3730 alignleft\" src=\"https:\/\/www.savigny-viry-catholique.fr\/wp-content\/uploads\/2020\/12\/A-toi-laparole-300x203.jpg\" alt=\"\" width=\"300\" height=\"203\" \/><\/a><\/h5>\n<h5>\u00a0<\/h5>\n<h5>Vid\u00e9o Th\u00e9obule \u00e0 toi la parole\u00a0:<a href=\"https:\/\/www.theobule.org\/video\/aelia-et-les-bergers-venus-a-la-creche\/737\"> A\u00e9lia et les bergers venus \u00e0 la cr\u00e8che<\/a><\/h5>\n<p>\u00a0<\/p>\n<p>\u00a0<\/p>\n<h5>Les anges annoncent avec grande joie la Bonne Nouvelle de la naissance de J\u00e9sus. \u00a0Les anges chantent la \u00ab\u00a0gloire de Dieu\u00a0\u00bb (qui veut dire \u00ab\u00a0Dieu est grand\u00a0\u00bb) c\u2019est la grandeur de son amour. Le \u00ab\u00a0Gloire \u00e0 Dieu\u00a0\u00bb est une pri\u00e8re de louange, qui nous invite \u00e0 chanter sa gloire.<\/h5>\n<h5>A travers les anges, c\u2019est Dieu qui s\u2019adresse \u00e0 eux\u00a0: ils ne sont ni des rois, ni des puissants mais seulement des bergers mais c\u2019est eux que Dieu pr\u00e9vient en premier\u00a0!<\/h5>\n<h5>La gloire de Dieu est son amour pour tous les hommes. Cette belle pri\u00e8re est reprise le dimanche durant la messe.<\/h5>\n<h5><a href=\"http:\/\/www.savigny-viry-catholique.fr\/Download\/doc\/KT95.Message-Ang.pdf\"><span style=\"color: #0000ff;\"><strong><img loading=\"lazy\" decoding=\"async\" class=\"size-medium wp-image-3621 alignright\" src=\"https:\/\/www.savigny-viry-catholique.fr\/wp-content\/uploads\/2020\/12\/5.Le-message-Ang-241x300.jpg\" alt=\"\" width=\"241\" height=\"300\" \/><\/strong><\/span><\/a><\/h5>\n<h5>\u00a0<\/h5>\n<h5>\u00a0<\/h5>\n<h5><a href=\"https:\/\/www.youtube.com\/watch?v=Rs8rAWx_Mms\"><span style=\"color: #0000ff;\"><strong>Chant : Les anges dans nos campagnes (Gloria) de Glorious<\/strong><\/span><\/a> :\u00a0<\/h5>\n<p>\u00a0\u00a0\u00a0\u00a0\u00a0\u00a0\u00a0\u00a0\u00a0\u00a0\u00a0 <a href=\"http:\/\/www.savigny-viry-catholique.fr\/Download\/doc\/KT96.annonce-bergers.pdf\"><img loading=\"lazy\" decoding=\"async\" class=\"wp-image-3622 alignleft\" src=\"https:\/\/www.savigny-viry-catholique.fr\/wp-content\/uploads\/2020\/12\/6.lannonce-aux-bergers-scaled-e1609011996541-269x300.jpg\" alt=\"\" width=\"306\" height=\"341\" \/><\/a><\/p>\n<h4>Cliques sur les images pour les t\u00e9l\u00e9charger et ensuite tu pourras les imprimer et les colorier.<\/h4>\n<h4>\u00a0<\/h4>\n<h4>\u00a0<\/h4>\n<h4>\u00a0<\/h4>\n<h4><span style=\"color: #0000ff;\"><em>Pri\u00e8re\u00a0:<\/em><\/span><\/h4>\n<h4><span style=\"color: #0000ff;\"><em>Merci Seigneur<\/em><\/span><\/h4>\n<h4><span style=\"color: #0000ff;\"><em>Pour tout ce que tu nous offres\u00a0:<\/em><\/span><\/h4>\n<h4><span style=\"color: #0000ff;\"><em>Pour notre famille et pour nos amis.<\/em><\/span><\/h4>\n<h4><span style=\"color: #0000ff;\"><em>Merci de t\u2019\u00eatre fait proche de nous<\/em><\/span><\/h4>\n<h4><span style=\"color: #0000ff;\"><em>En envoyant ton fils J\u00e9sus.<\/em><\/span><\/h4>\n<h4><span style=\"color: #0000ff;\"><em>Toi qui es si grand,<\/em><\/span><\/h4>\n<h4><span style=\"color: #0000ff;\"><em>Tu t\u2019es fait tout petit dans la cr\u00e8che.<\/em><\/span><\/h4>\n<h4><span style=\"color: #0000ff;\"><em>Toi qui es le Cr\u00e9ateur du monde,<\/em><\/span><\/h4>\n<h4><span style=\"color: #0000ff;\"><em>Tu as montr\u00e9 que tu aimes chacun de nous\u00a0!<\/em><\/span><\/h4>\n<h4><span style=\"color: #0000ff;\"><em>En ce temps de No\u00ebl,<\/em><\/span><\/h4>\n<h4><span style=\"color: #0000ff;\"><em>Aides moi Seigneur<\/em><\/span><\/h4>\n<h4><span style=\"color: #0000ff;\"><em>A \u00eatre un artisan de paix et d\u2019amour.<\/em><\/span><\/h4>\n<h4><span style=\"color: #0000ff;\"><em>Gloire toi, au plus haut du ciel\u00a0! Amen<\/em><\/span><\/h4>\n<h4>\u00a0<\/h4>\n<h5>Quand les anges leur annoncent la naissance du Sauveur les bergers partent imm\u00e9diatement pour rencontrer l\u2019enfant J\u00e9sus et se prosterner devant lui.<\/h5>\n<p>\u00a0<\/p>\n<p><a href=\"http:\/\/www.savigny-viry-catholique.fr\/Download\/doc\/KT10--creche-Noel.pdf\"><img loading=\"lazy\" decoding=\"async\" class=\"wp-image-3624 alignleft\" src=\"https:\/\/www.savigny-viry-catholique.fr\/wp-content\/uploads\/2020\/12\/8.La-creche-de-Noel-scaled-e1609012210657-265x300.jpg\" alt=\"\" width=\"346\" height=\"392\" \/><\/a><\/p>\n<p>\u00a0<\/p>\n<p>\u00a0<\/p>\n<p><a href=\"https:\/\/youtu.be\/ChEo2g93tMQ\"><strong>Chant : \u00ab\u00a0C\u2019est No\u00ebl ce soir\u00a0\u00bb de Glorious\u00a0\u00a0<\/strong><\/a><\/p>\n<p><strong>\u00a0<\/strong><\/p>\n<p><strong>Cliques sur l&rsquo;image pour la t\u00e9l\u00e9charger et l&rsquo;imprimer\u00a0<\/strong><\/p>\n<p>\u00a0<\/p>\n<p>\u00a0<\/p>\n<p>\u00a0<\/p>\n<h5>Nous pouvons compl\u00e9ter notre lanterne du veilleur avec notre derni\u00e8re image et la mettre dans notre coin pri\u00e8re \u00e0 la maison.<\/h5>\n<p><strong><img loading=\"lazy\" decoding=\"async\" class=\"size-medium wp-image-3732 alignleft\" src=\"https:\/\/demos.uptitude.fr\/savviry1\/wp-content\/uploads\/2020\/12\/lanterne-du-veilleur-300x147.jpg\" alt=\"\" width=\"300\" height=\"147\" srcset=\"https:\/\/demos.uptitude.fr\/savviry1\/wp-content\/uploads\/2020\/12\/lanterne-du-veilleur-300x147.jpg 300w, https:\/\/demos.uptitude.fr\/savviry1\/wp-content\/uploads\/2020\/12\/lanterne-du-veilleur-1024x501.jpg 1024w, https:\/\/demos.uptitude.fr\/savviry1\/wp-content\/uploads\/2020\/12\/lanterne-du-veilleur-768x376.jpg 768w, https:\/\/demos.uptitude.fr\/savviry1\/wp-content\/uploads\/2020\/12\/lanterne-du-veilleur-1536x751.jpg 1536w, https:\/\/demos.uptitude.fr\/savviry1\/wp-content\/uploads\/2020\/12\/lanterne-du-veilleur-370x181.jpg 370w, https:\/\/demos.uptitude.fr\/savviry1\/wp-content\/uploads\/2020\/12\/lanterne-du-veilleur-760x372.jpg 760w, https:\/\/demos.uptitude.fr\/savviry1\/wp-content\/uploads\/2020\/12\/lanterne-du-veilleur-407x199.jpg 407w, https:\/\/demos.uptitude.fr\/savviry1\/wp-content\/uploads\/2020\/12\/lanterne-du-veilleur.jpg 1950w\" sizes=\"(max-width: 300px) 100vw, 300px\" \/><\/strong><\/p>\n<p>\u00a0<\/p>\n<p><strong>\u00e0 <a href=\"http:\/\/www.savigny-viry-catholique.fr\/Download\/doc\/KT10lanterne-du-veilleur.pdf\">t\u00e9l\u00e9charger ici<\/a>\u00a0<\/strong><\/p>\n<p><strong>\u00a0<\/strong><\/p>\n<p>\u00a0<\/p>\n<h4><strong>Dimanche\u00a0 27 d\u00e9cembre <\/strong><\/h4>\n<h4><strong>Nous sommes invit\u00e9s \u00e0 f\u00eater la Sainte Famille <\/strong><\/h4>\n<p><strong>\u00a0<\/strong><\/p>\n<h5>Nous sommes toujours dans la joie de No\u00ebl\u00a0; avec Marie et Joseph nous nous r\u00e9jouissons pour l\u2019Enfant J\u00e9sus qui vient de na\u00eetre. Nous nous r\u00e9jouissons \u00e9galement avec Sym\u00e9on et Anne, car ils ont enfin trouv\u00e9 et vu Celui qu\u2019ils ont tant attendu<\/h5>\n<h5>La f\u00eate de la Sainte Famille nous encourage \u00e0 vivre, comme Marie, Joseph et J\u00e9sus, sous le regard de Dieu. Nous faisons partie de Sa famille, nous sommes Ses enfants bien-aim\u00e9s, et nous pouvons vivre en accueillant et en partageant Son Amour.<\/h5>\n<p><a href=\"https:\/\/www.theobule.org\/video\/la-presentation-au-temple-lc-2-22-32\/379\"><img loading=\"lazy\" decoding=\"async\" class=\"size-medium wp-image-3742 alignright\" src=\"https:\/\/www.savigny-viry-catholique.fr\/wp-content\/uploads\/2020\/12\/Symeon-300x202.jpg\" alt=\"\" width=\"300\" height=\"202\" \/><\/a><\/p>\n<h5>\u00a0<\/h5>\n<h5>\u00a0<\/h5>\n<h5>Vid\u00e9o Th\u00e9obule l<a href=\"https:\/\/www.theobule.org\/video\/la-presentation-au-temple-lc-2-22-32\/379\">a pr\u00e9sentation au Temple\u00a0: Luc 2,22-32<\/a><\/h5>\n<h5><a href=\"http:\/\/www.savigny-viry-catholique.fr\/Download\/doc\/KT10-Symeon.pdf\"><img loading=\"lazy\" decoding=\"async\" class=\"size-medium wp-image-3733 alignleft\" src=\"https:\/\/www.savigny-viry-catholique.fr\/wp-content\/uploads\/2020\/12\/Symeon-reconnait-le-Sauveur-264x300.jpg\" alt=\"\" width=\"264\" height=\"300\" \/><\/a><\/h5>\n<h5>\u00a0<\/h5>\n<h5>\u00a0<\/h5>\n<h5><span style=\"color: #0000ff;\">Sym\u00e9on reconna\u00eet le Sauveur<\/span><\/h5>\n<h5>\u00a0<\/h5>\n<h5>Cliques sur les images pour les t\u00e9l\u00e9charger. Tu pourras les imprimer et les colorier<\/h5>\n<h5><a href=\"http:\/\/www.savigny-viry-catholique.fr\/Download\/doc\/KT10-La-Sainte-Famille.pdf\"><img loading=\"lazy\" decoding=\"async\" class=\" wp-image-3731 alignright\" src=\"https:\/\/www.savigny-viry-catholique.fr\/wp-content\/uploads\/2020\/12\/La-Sainte-Famille-259x300.jpg\" alt=\"\" width=\"420\" height=\"487\" \/><\/a><\/h5>\n<h5>\u00a0<\/h5>\n<h5>\u00a0<\/h5>\n<h5>\u00a0<\/h5>\n<h5>\u00a0<\/h5>\n<h5 style=\"text-align: right;\"><span style=\"color: #0000ff;\">\u00a0La Sainte Famille<\/span><strong><br \/><br \/><\/strong><\/h5>\n<p>\u00a0<\/p>\n<p>\u00a0<\/p>\n<p>\u00a0<\/p>\n<p>\u00a0<\/p>\n<p>\u00a0<\/p>\n<p>\u00a0<\/p>\n<p style=\"text-align: center;\">**********************************************************************************<\/p>\n<h5 style=\"text-align: center;\"><span style=\"background-color: #ffff00; color: #000000;\">Les anciennes s\u00e9quences de SaViry-Cat\u00e9 sont toujours visibles.<\/span><\/h5>\n<h5><span style=\"color: #0000ff;\">Si vous voulez revoir la s\u00e9quence du 4eme dimanche de l&rsquo;Avent <\/span><span style=\"color: #3366ff;\">Cliquez ici <a href=\"https:\/\/www.savigny-viry-catholique.fr\/confinement-saviry-catechisme-03\/\">\u00a0\u00bb Continuons notre chemin vers No\u00ebl\u00a0\u00bb<\/a><\/span><\/h5>\n<h5><span style=\"color: #0000ff;\">Si vous voulez revoir la s\u00e9quence de l&rsquo;Avent :\u00a0 cliquez ici <a href=\"https:\/\/www.savigny-viry-catholique.fr\/confinement-saviry-catechisme-02\/\">\u00ab\u00a0Un temps pour se pr\u00e9parer \u00e0 la joie de No\u00ebl\u00a0\u00bb<\/a><\/span><\/h5>\n<h5><span style=\"color: #0000ff;\">Si vous voulez revoir la s\u00e9quence de la Toussaint cliquez<a href=\"http:\/\/www.savigny-viry-catholique.fr\/confinement-saviry-catechisme-01\/\"> ici : \u00ab\u00a0Tous appel\u00e9s \u00e0 la saintet\u00e9 \u00ab\u00a0<\/a><\/span><\/h5>\n<hr \/>\n<p style=\"text-align: center;\">***********************************************<\/p>\n<p><strong><span style=\"color: #ff0000;\">ATTENTION<\/span>, Dieu t\u2019aime, il ne te veut pas de mal, donc :\u00a0<\/strong><br \/>\u2013 Tu n\u2019utilises une bougie qu\u2019<strong>en pr\u00e9sence d\u2019un adulte<\/strong>.<br \/>\u2013 Tu ne vas sur internet qu\u2019<strong>en pr\u00e9sence d\u2019un adulte.<\/strong><br \/>Il y a l\u00e0 des dangers graves, soit raisonnable.<\/p>\n<p><strong>Note \u00e0 l\u2019intention des parents <\/strong><span style=\"color: #ff0000;\">\u00e0 propos des \u00e9l\u00e9ments ext\u00e9rieurs \u00e0 notre site : Lorsqu\u2019il s\u2019agit de courtes vid\u00e9os ou de chants\u2026 bien s\u00fbr il existe d\u2019autres chants, vid\u00e9os, enseignements et aussi sur d\u2019autres passages de la Bible et sujets de cat\u00e9ch\u00e8se, <strong>MAIS\u2026<\/strong><\/span><br \/><span style=\"color: #ff0000;\"><strong>ATTENTION<\/strong> \u00e0 ceux qui sont \u00e0 l\u2019origine de ces publications, aux contenus, et aux virus.<\/span><br \/><span style=\"color: #ff0000;\">Ce qui est explicitement propos\u00e9, nous l\u2019avons visionn\u00e9. Pour le reste \u2026 <strong>SOYEZ VIGILANTS<\/strong><\/span><br \/>\u2013 <strong><u><a href=\"https:\/\/www.theobule.org\/\">Th\u00e9obule<\/a><\/u> <\/strong>est r\u00e9alis\u00e9 par les religieux Dominicains, on peut visionner en \u00ab\u00a0Streaming\u00a0\u00bb ou acheter !<br \/>\u00a0 \u00a0C\u2019est s\u00fbr puisqu\u2019il s\u2019agit des m\u00eames religieux que ceux qui produisent la messe t\u00e9l\u00e9vis\u00e9e, <br \/>\u00a0 \u00a0 et un site <strong><u><a href=\"https:\/\/www.retraitedanslaville.org\/\">pour les adultes dans leur cheminement de Foi.<\/a><\/u><\/strong>\u00a0<br \/>\u2013 Autre r\u00e9f\u00e9rence : <strong><u><a href=\"https:\/\/vodeus.tv\/\">le site officiel du \u00ab\u00a0C.F.R.T. \u2013 Jour du Seigneur &amp; Vodeus<\/a><\/u> \u00a0\u00bb<\/strong> <br \/>\u00a0 \u00a0avec leur aimable autorisation.<br \/>\u2013 Pour le reste des milliers de propositions bien s\u00fbr <strong>MAIS YouTube (et autres concurrents) ne discernent pas ce qui est souhaitable ou NON, et les encha\u00eenements s\u2019av\u00e8rent dangereux !<\/strong><\/p>\n<p><span style=\"color: #ff0000;\"><strong>Quand ils sont sur Internet<\/strong> : <strong>Rester avec vos enfants. Merci.<\/strong><\/span><\/p>\n","protected":false},"excerpt":{"rendered":"","protected":false},"author":990003,"featured_media":3683,"comment_status":"closed","ping_status":"closed","sticky":false,"template":"","format":"standard","meta":{"give_campaign_id":0,"footnotes":""},"categories":[34,1],"tags":[],"class_list":["post-3251","post","type-post","status-publish","format-standard","has-post-thumbnail","hentry","category-catechese-aumonerie","category-uncategorized"],"_links":{"self":[{"href":"https:\/\/demos.uptitude.fr\/savviry1\/wp-json\/wp\/v2\/posts\/3251","targetHints":{"allow":["GET"]}}],"collection":[{"href":"https:\/\/demos.uptitude.fr\/savviry1\/wp-json\/wp\/v2\/posts"}],"about":[{"href":"https:\/\/demos.uptitude.fr\/savviry1\/wp-json\/wp\/v2\/types\/post"}],"author":[{"embeddable":true,"href":"https:\/\/demos.uptitude.fr\/savviry1\/wp-json\/wp\/v2\/users\/990003"}],"replies":[{"embeddable":true,"href":"https:\/\/demos.uptitude.fr\/savviry1\/wp-json\/wp\/v2\/comments?post=3251"}],"version-history":[{"count":0,"href":"https:\/\/demos.uptitude.fr\/savviry1\/wp-json\/wp\/v2\/posts\/3251\/revisions"}],"wp:featuredmedia":[{"embeddable":true,"href":"https:\/\/demos.uptitude.fr\/savviry1\/wp-json\/"}],"wp:attachment":[{"href":"https:\/\/demos.uptitude.fr\/savviry1\/wp-json\/wp\/v2\/media?parent=3251"}],"wp:term":[{"taxonomy":"category","embeddable":true,"href":"https:\/\/demos.uptitude.fr\/savviry1\/wp-json\/wp\/v2\/categories?post=3251"},{"taxonomy":"post_tag","embeddable":true,"href":"https:\/\/demos.uptitude.fr\/savviry1\/wp-json\/wp\/v2\/tags?post=3251"}],"curies":[{"name":"wp","href":"https:\/\/api.w.org\/{rel}","templated":true}]}}