{"id":3316,"date":"2020-11-27T16:56:00","date_gmt":"2020-11-27T16:56:00","guid":{"rendered":"http:\/\/www.savigny-viry-catholique.fr\/?p=3316"},"modified":"2020-11-27T16:56:00","modified_gmt":"2020-11-27T16:56:00","slug":"en-temps-de-confinement-vivre-notre-foi-autrement-2","status":"publish","type":"post","link":"https:\/\/demos.uptitude.fr\/savviry1\/en-temps-de-confinement-vivre-notre-foi-autrement-2\/","title":{"rendered":"EN TEMPS DE CONFINEMENT, VIVRE NOTRE FOI AUTREMENT."},"content":{"rendered":"\n<h5><span style=\"background-color: #ffff00;\">Dimanche 29 novembre 2020 &#8211;\u00a0 1er Dimanche de l&rsquo;Avent &#8211; ann\u00e9e B.<\/span><\/h5>\n<h5>Dans cette phase 2 du confinement, nous proposons quelques pistes pour vivre notre foi autrement.<\/h5>\n<p><!--more--><\/p>\n<h5>Ainsi, vous trouverez ci apr\u00e8s :\u00a0<\/h5>\n<ul>\n<li><strong> une m\u00e9ditation de l&rsquo;Evangile propos\u00e9e par Le P\u00e8re Boris SEGLA ,\u00a0<\/strong><\/li>\n<li><strong>la proposition du dioc\u00e8se : une liturgie familiale pour ce dimanche\u00a0<\/strong><\/li>\n<li><strong>la possibilit\u00e9 de participer \u00e0 la qu\u00eate<\/strong><\/li>\n<\/ul>\n<h5><span style=\"color: #0000ff;\">Notez que vous pouvez suivre en direct,\u00a0 la messe c\u00e9l\u00e9br\u00e9e, \u00e0 30 personnes en l&rsquo;\u00e9glise Ste Th\u00e9r\u00e8se \u00e0 11h00<\/span>\u00a0<\/h5>\n<h5><span style=\"background-color: #ccffff; color: #ff00ff;\"><strong><a href=\"https:\/\/www.youtube.com\/channel\/UCMIMUDEqUCGxHRdxXpvx1Ug\">\u00a0\u00e0 cette adresse :<\/a> <a href=\"https:\/\/www.youtube.com\/channel\/UCMIMUDEqUCGxHRdxXpvx1Ug\"><img decoding=\"async\" class=\"alignnone size-medium wp-image-3190\" src=\"http:\/\/www.savigny-viry-catholique.fr\/wp-content\/uploads\/2020\/10\/ASTSM-TV-300x49.jpg\" alt=\"\" width=\"300\" height=\"49\" \/><\/a><\/strong><\/span><\/h5>\n<h5>&#8212;&#8212;&#8212;&#8212;&#8212;&#8212;&#8212;&#8212;&#8212;&#8212;&#8212;&#8212;&#8212;&#8212;&#8212;&#8212;&#8212;&#8212;&#8212;&#8212;&#8212;&#8212;&#8212;&#8212;&#8212;&#8212;&#8212;&#8212;&#8212;&#8212;&#8212;&#8212;-<\/h5>\n<h5><img decoding=\"async\" class=\"size-full wp-image-3386 alignleft\" src=\"http:\/\/www.savigny-viry-catholique.fr\/wp-content\/uploads\/2020\/11\/Dim-1-anneeB.jpg\" alt=\"\" width=\"186\" height=\"241\" \/><\/h5>\n<h5><span style=\"color: #ff6600;\"><strong><em>\u00ab Quand la crainte ne veille pas, il arrive ce qui \u00e9tait \u00e0 craindre, \u00bb<\/em><\/strong> (Lao Tse)<\/span><\/h5>\n<h5><span style=\"color: #ff00ff;\"><strong><em>\u00ab Heureux celui qui veille \u00bb (apocalypse 16,15) <\/em><\/strong><\/span><\/h5>\n<h4 style=\"text-align: center;\"><strong>MEDITATION DE L\u2019EVANGILE DU DIMANCHE 29 NOVEMBRE 2020\u00a0 \u00a0 \u00a0 \u00a0 PAR LE PERE Boris SEGLA<\/strong><\/h4>\n<h4 style=\"text-align: center;\"><strong>Evangile selon St Marc (13,33-37)<\/strong><\/h4>\n<h5 style=\"text-align: justify;\">Le texte de l\u2019Evangile qui nous est propos\u00e9 se situe \u00e0 la fin d\u2019un chapitre qui a trait aux discours sur les fins derni\u00e8res chez saint Marc dans lequel J\u00e9sus lance un appel \u00e0 la vigilance. Un passage assimilable \u00e0 une petite parabole porteuse d\u2019un message qui couvre une r\u00e9alit\u00e9 positive : l\u2019espoir que constitue une intervention divine. L\u2019av\u00e8nement du r\u00e8gne de Dieu. A la base il y a donc une perspective assur\u00e9e : le retour certain du maitre. Mais avant, un temps d\u2019absence du maitre qui correspond \u00e0 un temps d\u2019attente o\u00f9 l\u2019honneur est fait au portier de faire ses preuves de veilleur \u2013 vigilant .Un temps d\u2019attente du Seigneur o\u00f9 \u00e0 l\u2019image des serviteurs de l\u2019\u00e9vangile, l\u2019autorit\u00e9 est donn\u00e9e \u00e0 chaque chr\u00e9tien de contribuer par sa fid\u00e9lit\u00e9, sa foi et son amour \u00e0 l\u2019av\u00e8nement du r\u00e8gne de Dieu La difficult\u00e9 que nous rappelle le texte consiste \u00e0 s\u2019endormir, c\u2019est-\u00e0-dire oublier qu\u2019un avenir existe, oublier la mission de veilleur \u2013 vigilant, oublier que le maitre revient certainement. Veiller, n\u2019est ni facile ni naturel. Veiller ne va pas de soi. Mais veiller reste l\u2019ultime consigne du maitre. Mais que signifie veiller ? Veiller est donc \u00e0 inscrire au rang des d\u00e9fis qui riment dans ce texte avec attente active d\u2019une qu\u00eate de l\u2019essentiel. Veiller ce n\u2019est pas se priver de sommeil mais c\u2019est vivre notre sommeil comme notre veille sous le regard de Dieu, dans la paix de Dieu. Veiller, c\u2019est rester ouvert \u00e0 une pr\u00e9sence dans nos vies qui ne s\u2019impose pas comme une \u00e9vidence. .Veiller c\u2019est rester ouvert \u00e0 l\u2019inattendu de Dieu. Veiller, c\u2019est refuser de passer \u00e0 cot\u00e9 de l\u2019essentiel. Veiller, c\u2019est concentrer ses \u00e9nergies en vue d\u2019accomplir sa mission, les yeux les plus ouverts possibles. Veiller, c\u2019est lutter contre nos habitudes mauvaises avec la gr\u00e2ce de Dieu La date de No\u00ebl est connue mais pas la venue du Seigneur. Il est venu, il reviendra, il vient le Seigneur pour conf\u00e9rer \u00e0 nos vies une joie nouvelle. Pour admirer le soleil, il faut qu\u2019il y ait la nuit. Pour aimer No\u00ebl et le savourer, il faut le temps de l\u2019avent. Le temps de pr\u00e9parer son c\u0153ur, son corps, son \u00e2me \u00e0 la r\u00e9ception de la joie que J\u00e9sus transporte avec lui. \u00ab Heureux l\u2019homme qui m\u2019\u00e9coute et qui veille tous les jours \u00e0 ma porte \u00bb (proverbes 8,34).<\/h5>\n<h5><strong><span style=\"color: #0000ff;\"><em>Vous pouvez t\u00e9l\u00e9charger cette <a href=\"http:\/\/www.savigny-viry-catholique.fr\/Download\/doc\/2020-11-29MEDITATION-PereBoris-Segla.pdf\">m\u00e9ditation ici\u00a0<\/a><\/em><\/span><\/strong><\/h5>\n<h5>\u00a0<\/h5>\n<h5><em><strong>Prions !<\/strong><\/em><\/h5>\n<p><strong>Seigneur j\u00e9sus dans cette attente de ton rayonnement dans notre histoire, inspire nous par ton esprit la fid\u00e9lit\u00e9 du coq qui annonce l\u2019aurore de tes merveilles incommensurables.<\/strong><\/p>\n<p>\u00a0<\/p>\n<h5><em><strong>Relisons le texte pour l\u2019int\u00e9rioriser et l\u2019accueillir \u00e0 notre tour<\/strong><\/em><\/h5>\n<h5 style=\"text-align: justify;\"><strong><span style=\"color: #0000ff;\"><em>\u00c9vangile de J\u00e9sus Christ selon saint Marc\u00a0 (13, 33-37)<\/em><\/span><\/strong><\/h5>\n<p class=\"explanation\"><em><strong>\u00ab Veillez, car vous ne savez pas quand vient le ma\u00eetre de la maison \u00bb<\/strong><\/em><\/p>\n<h5>En ce temps-l\u00e0, J\u00e9sus disait \u00e0 ses disciples : \u00ab Prenez garde, restez \u00e9veill\u00e9s : car vous ne savez pas quand ce sera le moment. C\u2019est comme un homme parti en voyage : en quittant sa maison, il a donn\u00e9 tout pouvoir \u00e0 ses serviteurs, fix\u00e9 \u00e0 chacun son travail, et demand\u00e9 au portier de veiller. Veillez donc, car vous ne savez pas quand vient le ma\u00eetre de la maison, le soir ou \u00e0 minuit, au chant du coq ou le matin ; s\u2019il arrive \u00e0 l\u2019improviste, il ne faudrait pas qu\u2019il vous trouve endormis. Ce que je vous dis l\u00e0, je le dis \u00e0 tous : Veillez ! \u00bb<\/h5>\n<hr \/>\n<h4 style=\"text-align: left;\"><em><strong><img fetchpriority=\"high\" decoding=\"async\" class=\"size-full wp-image-3383 alignleft\" src=\"http:\/\/www.savigny-viry-catholique.fr\/wp-content\/uploads\/2020\/11\/1er-dim-avent.png\" alt=\"\" width=\"266\" height=\"213\" \/>Liturgie familiale pour\u00a0 \u00a0 \u00a0 \u00a0 \u00a0 \u00a0 \u00a0 \u00a0 \u00a0 \u00a0 \u00a0 \u00a0 \u00a0 \u00a0 <\/strong><\/em><\/h4>\n<h4 style=\"text-align: left;\"><em><strong>le dimanche 29 novembre 2020,\u00a0 \u00a0 \u00a0 \u00a0 \u00a0 1er Dimanche de l&rsquo;Avent<\/strong><\/em><\/h4>\n<h5><span style=\"color: #0000ff;\">T\u00e9l\u00e9chargez le <a href=\"http:\/\/www.savigny-viry-catholique.fr\/Download\/doc\/2020-11-29Liturgie-familiale-29-novembre.pdf\">document ici\u00a0<\/a><\/span><\/h5>\n<p>\u00a0<\/p>\n<p>\u00a0<\/p>\n<hr \/>\n<div class=\"entry-content\">\n<h4><span style=\"color: #ff6600;\"><strong>Les m\u00e9ditations des dimanches pr\u00e9c\u00e9dents\u00a0 :<\/strong><\/span><\/h4>\n<h5><strong>Dimanche 22 novembre 2020 : <a href=\"http:\/\/www.savigny-viry-catholique.fr\/Download\/doc\/2020-11-22Meditation-Evangile.pdf\">M\u00e9ditation propos\u00e9e par le p\u00e8re Achille Waffo<\/a><\/strong><\/h5>\n<\/div>\n<footer class=\"single-footer\">\n<h5>Dimanche 15 novembre 2020 : <a href=\"http:\/\/www.savigny-viry-catholique.fr\/Download\/doc\/2020-11-15Meditation-Evangile.pdf\">M\u00e9ditation propos\u00e9e par le p\u00e8re Antoine JOHNSON<\/a><\/h5>\n<h5>Dimanche 8 novembre 2020 : <a href=\"http:\/\/www.savigny-viry-catholique.fr\/Download\/doc\/2020-11-08M\u00e9ditation.pdf\">M\u00e9ditation propos\u00e9e par le p\u00e8re Emmanuel BIDZOGO<\/a><\/h5>\n<p>\u00a0<\/p>\n<\/footer>\n<p>&#8212;&#8212;&#8212;&#8212;&#8212;&#8212;&#8212;&#8212;&#8212;&#8212;&#8212;&#8212;&#8212;&#8212;&#8212;&#8212;&#8212;&#8212;&#8212;&#8212;&#8212;&#8212;&#8212;&#8212;&#8212;&#8212;&#8212;&#8212;&#8212;&#8212;&#8212;&#8212;&#8212;&#8212;&#8212;&#8212;&#8212;&#8212;&#8212;<\/p>\n<h3>N&rsquo;OUBLIEZ PAS LA QU\u00caTE !!!<img loading=\"lazy\" decoding=\"async\" class=\"size-full wp-image-3240 alignright\" src=\"http:\/\/www.savigny-viry-catholique.fr\/wp-content\/uploads\/2020\/11\/quete-en-lignet.jpg\" alt=\"\" width=\"298\" height=\"169\" \/><\/h3>\n<h3><strong>R\u00e9ouverture de la plate-forme\u00a0<em><a href=\"https:\/\/quete.catholique.fr\/?reserved_diocese=EVRY&amp;reserved_paroisse=\">quete.catholique.fr<\/a><\/em><\/strong><\/h3>\n<p>Ce nouveau confinement emp\u00eache de nouveau nombre de catholiques de se rendre aux c\u00e9l\u00e9brations de leur paroisse et ainsi de participer \u00e0 la qu\u00eate. La qu\u00eate, collect\u00e9e chaque dimanche constitue l\u2019une des principales ressources des paroisses et va conna\u00eetre une baisse comme lors du premier confinement.<\/p>\n<p>Comme lors du confinement du printemps dernier, la Conf\u00e9rence des \u00e9v\u00eaques de France met en place \u00e0 partir d\u2019aujourd\u2019hui une plateforme de <strong>don en ligne<\/strong> temporaire, <span style=\"color: #ff0000;\"><em><strong>s\u00e9curis\u00e9e<\/strong> <\/em><\/span>et accessible \u00e0 l\u2019adresse : <strong><em><a href=\"https:\/\/quete.catholique.fr\/?reserved_diocese=EVRY&amp;reserved_paroisse=\">quete.catholique.fr<\/a><\/em><\/strong><\/p>\n<p>Vous pouvez aussi aider votre dioc\u00e8se par le denier ; dans ces temps difficiles la g\u00e9n\u00e9rosit\u00e9 doit continuer<strong>\u00a0<a href=\"http:\/\/www.savigny-viry-catholique.fr\/portfolio\/la-generosite-continue\/\"> Voir ici.\u00a0<\/a><\/strong><\/p>\n<p><i>Par avance <\/i><em><strong>MERCI !<\/strong><\/em><\/p>\n<h5 tabindex=\"0\" role=\"textbox\" aria-label=\"R\u00e9digez un titre\u2026\" aria-multiline=\"true\" data-block=\"251dace9-6fe4-4f60-8eb3-6213959cb931\" data-type=\"core\/heading\" data-title=\"Titre\">&#8212;&#8212;&#8212;&#8212;&#8212;&#8212;&#8212;&#8212;&#8212;&#8212;&#8212;&#8212;&#8212;&#8212;&#8212;&#8212;&#8212;&#8212;&#8212;&#8212;&#8212;&#8212;&#8212;&#8212;&#8212;&#8212;&#8212;&#8212;&#8212;&#8212;&#8212;&#8212;-<\/h5>\n<div class=\"main col-lg-9 col-md-8\" role=\"main\">\n<article class=\"post-3048 post type-post status-publish format-standard has-post-thumbnail hentry category-officiel\">\n<div class=\"entry-content\">\n<h5><img loading=\"lazy\" decoding=\"async\" class=\"alignnone  wp-image-3050\" src=\"http:\/\/www.savigny-viry-catholique.fr\/wp-content\/uploads\/2020\/10\/papefrancoisok-300x222.jpg\" alt=\"\" width=\"230\" height=\"157\" \/><\/h5>\n<h5>En cette p\u00e9riode de confinement, la lecture de l&rsquo;encyclique du pape Fran\u00e7ois, &lsquo;Fratelli Tutti&rsquo; est toujours possible et conseill\u00e9e ! Vous pouvez :<\/h5>\n<h5>Lire sur le site du Dioc\u00e8se le \u00a0<a href=\"https:\/\/evry.catholique.fr\/encyclique-du-pape-francois-fratelli-tutti\/\">r\u00e9sum\u00e9 de l\u2019encyclique \u00ab\u00a0Fratelli tutti\u00a0\u00bb<\/a><\/h5>\n<h4>Lire et\/ou t\u00e9l\u00e9charger le\u00a0<a href=\"http:\/\/www.savigny-viry-catholique.fr\/Download\/doc\/20201003_enciclica-fratelli-tutti_pape-Francois.pdf\">texte int\u00e9gral de l\u2019encyclique ici<\/a><\/h4>\n<hr \/><\/div>\n<footer class=\"single-footer\">\n<div>\n<div>\u00a0<\/div>\n<\/div>\n<\/footer><\/article>\n<\/div>\n","protected":false},"excerpt":{"rendered":"","protected":false},"author":990003,"featured_media":3341,"comment_status":"closed","ping_status":"closed","sticky":false,"template":"","format":"standard","meta":{"give_campaign_id":0,"footnotes":""},"categories":[36,1],"tags":[],"class_list":["post-3316","post","type-post","status-publish","format-standard","has-post-thumbnail","hentry","category-fete-rassemblement","category-uncategorized"],"_links":{"self":[{"href":"https:\/\/demos.uptitude.fr\/savviry1\/wp-json\/wp\/v2\/posts\/3316","targetHints":{"allow":["GET"]}}],"collection":[{"href":"https:\/\/demos.uptitude.fr\/savviry1\/wp-json\/wp\/v2\/posts"}],"about":[{"href":"https:\/\/demos.uptitude.fr\/savviry1\/wp-json\/wp\/v2\/types\/post"}],"author":[{"embeddable":true,"href":"https:\/\/demos.uptitude.fr\/savviry1\/wp-json\/wp\/v2\/users\/990003"}],"replies":[{"embeddable":true,"href":"https:\/\/demos.uptitude.fr\/savviry1\/wp-json\/wp\/v2\/comments?post=3316"}],"version-history":[{"count":0,"href":"https:\/\/demos.uptitude.fr\/savviry1\/wp-json\/wp\/v2\/posts\/3316\/revisions"}],"wp:featuredmedia":[{"embeddable":true,"href":"https:\/\/demos.uptitude.fr\/savviry1\/wp-json\/"}],"wp:attachment":[{"href":"https:\/\/demos.uptitude.fr\/savviry1\/wp-json\/wp\/v2\/media?parent=3316"}],"wp:term":[{"taxonomy":"category","embeddable":true,"href":"https:\/\/demos.uptitude.fr\/savviry1\/wp-json\/wp\/v2\/categories?post=3316"},{"taxonomy":"post_tag","embeddable":true,"href":"https:\/\/demos.uptitude.fr\/savviry1\/wp-json\/wp\/v2\/tags?post=3316"}],"curies":[{"name":"wp","href":"https:\/\/api.w.org\/{rel}","templated":true}]}}