{"id":3342,"date":"2020-11-28T16:35:00","date_gmt":"2020-11-28T16:35:00","guid":{"rendered":"http:\/\/www.savigny-viry-catholique.fr\/?p=3342"},"modified":"2020-11-28T16:35:00","modified_gmt":"2020-11-28T16:35:00","slug":"le-temps-de-lavent","status":"publish","type":"post","link":"https:\/\/demos.uptitude.fr\/savviry1\/le-temps-de-lavent\/","title":{"rendered":"Le temps de  l&rsquo;Avent"},"content":{"rendered":"\n<p>Le mot \u00ab\u00a0Avent\u00a0\u00bb vient du latin \u00ab\u00a0adventus\u00a0\u00bb qui veut dire arriv\u00e9e, venue. Par ce mot, l\u2019\u00c9glise d\u00e9signe le temps pendant lequel les chr\u00e9tiens attendent la venue du Christ qui est f\u00eat\u00e9e \u00e0 No\u00ebl. L\u2019Avent d\u00e9bute quatre dimanches avant No\u00ebl.\u00a0 Cette ann\u00e9e, il commence le 29 novembre&#8230;\/&#8230;<!--more--><\/p>\n<h4><strong>Le Seigneur vient<img fetchpriority=\"high\" decoding=\"async\" class=\"alignnone size-full wp-image-5012\" src=\"https:\/\/www.savigny-viry-catholique.fr\/wp-content\/uploads\/2021\/11\/1er-dimanche-de-lavent-C.jpg\" alt=\"\" width=\"294\" height=\"171\" \/><\/strong><\/h4>\n<h5 style=\"text-align: justify;\">Attente, patience et esp\u00e9rance nous tiennent durant le temps de l\u2019Avent, le c\u0153ur et les yeux riv\u00e9s vers un avenir plein d\u2019esp\u00e9rance. Pour tenir jusqu\u2019au bout, nous rappelle l\u2019\u00e9vangile du premier dimanche de l\u2019Avent, il faut veiller.<\/h5>\n<h5 style=\"text-align: justify;\">Attendre car le Seigneur vient, il vient soulager le poids de nos vies parfois caboss\u00e9es et travers\u00e9es par des inqui\u00e9tudes de toutes sortes.<\/h5>\n<h5 style=\"text-align: justify;\">Patienter \u00e0 la mani\u00e8re d\u2019une femme qui attend patiemment le moment de mettre au monde son enfant qu\u2019elle porte. Marie notre M\u00e8re nous donne le sauveur par son oui au projet r\u00e9dempteur de Dieu.<\/h5>\n<h5 style=\"text-align: justify;\">Esp\u00e9rer car un avenir joyeux est au bout du chemin. Celui qui ne cesse de venir et de frapper \u00e0 notre porte nous dit qu\u2019il est \u00ab<em>\u00a0le chemin, la v\u00e9rit\u00e9 et la vie\u00a0<\/em>\u00bb (Jn 14, 6).<\/h5>\n<h5 style=\"text-align: justify;\">Alors pourquoi baisser les bras\u00a0? Veille, il compte sur toi, tu peux compter sur lui. Fais r\u00e9sonner en toi cette parole de saint Paul aux chr\u00e9tiens de Rome \u00ab\u00a0<em>rien ne pourra nous s\u00e9parer de l\u2019amour de Dieu manifest\u00e9 en J\u00e9sus Christ notre<\/em> Seigneur\u00a0\u00bb (Rm 8,39). Le temps de l\u2019Avent nous pr\u00e9pare \u00e0 accueillir cet amour infini incarn\u00e9 en J\u00e9sus.<\/h5>\n<h5 style=\"text-align: justify;\">Pr\u00e9parons nos c\u0153urs et veillons donc.<img decoding=\"async\" class=\"wp-image-2970 alignright\" src=\"http:\/\/www.savigny-viry-catholique.fr\/wp-content\/uploads\/2020\/09\/BIDZOGO-V1-284x300.jpg\" alt=\"\" width=\"121\" height=\"128\" \/><\/h5>\n<h5>Bon temps de l\u2019Avent\u00a0!<\/h5>\n<h5>P\u00e8re Emmanuel BIDZOGO<\/h5>\n<hr \/>\n<h5><span style=\"color: #ff0000; background-color: #ffff99;\"><strong>M\u00e9ditations \u00e0 partir des Evangiles du temps de l&rsquo;Avent<\/strong><\/span><\/h5>\n<p><span style=\"color: #0000ff; background-color: #ffff99;\"><strong>M\u00e9ditation du 2\u00e8me dimanche de l&rsquo;Avent ;<a href=\"http:\/\/www.savigny-viry-catholique.fr\/Download\/doc\/2020-12-06MEDITATION-Evangile-DL1.pdf\"> cliquez ici<\/a><\/strong><\/span><\/p>\n<p><span style=\"color: #0000ff; background-color: #ffff99;\"><strong>M\u00e9ditation du 1er dimanche de l&rsquo;Avent :\u00a0 <a href=\"http:\/\/www.savigny-viry-catholique.fr\/Download\/doc\/2020-11-29MEDITATION-PereBoris-Segla.pdf\">cliquez ici<\/a><\/strong><\/span><\/p>\n<hr \/>\n<h4><strong>Message de notre \u00e9v\u00eaque , Mgr Pansard , pour l&rsquo;Avent :<\/strong><\/h4>\n<p>Fr\u00e8res et s\u0153urs bien aim\u00e9s de Dieu,<\/p>\n<p style=\"text-align: justify;\">Comment et dans quel contexte allons-nous vivre No\u00ebl ? Comment allons-nous vivre demain ? Nul ne le sait aujourd\u2019hui. Ce sera autrement que lors des ann\u00e9es pr\u00e9c\u00e9dentes.<\/p>\n<p style=\"text-align: justify;\">Ce que nous vivrons demain d\u00e9pend de la mani\u00e8re dont nous vivons l\u2019aujourd\u2019hui de nos vies, dans un contexte marqu\u00e9 par bien des inqui\u00e9tudes et des ombres sanitaires, \u00e9conomiques, sociales et \u00e9cologiques.<\/p>\n<p style=\"text-align: justify;\"><strong>Ce temps de l\u2019Avent, de la venue, de l\u2019av\u00e8nement du Seigneur qui commence aujourd\u2019hui, nous est donn\u00e9 pour raviver notre Esp\u00e9rance qui peut conna\u00eetre des coups de froid.<\/strong><\/p>\n<p style=\"text-align: justify;\">Pour \u00eatre des hommes et des femmes d\u2019Esp\u00e9rance nous sommes invit\u00e9s \u00e0 regarder dans deux directions :<\/p>\n<ul style=\"text-align: justify;\">\n<li>Vers ce qui est encore \u00e0 venir de la part de Dieu. Car aujourd\u2019hui encore, le Seigneur se donne au c\u0153ur des \u00e9v\u00e9nements complexes, obscurs et difficiles de l\u2019histoire et de la vie du monde pour orienter notre marche vers une monde nouveau et une terre nouvelle : \u00ab nous attendons sa venue dans la gloire \u00bb. Bel antidote pour ne pas nous laisser enfermer dans le pi\u00e8ge de la fatalit\u00e9 et de la r\u00e9signation. Car notre vie ne se limite pas \u00e0 na\u00eetre, grandir, travailler, servir, d\u00e9couvrir, jouir, puis s\u2019affaiblir, se r\u00e9duire avant de dispara\u00eetre. Notre vie est faite de rencontres, chaque fois uniques, qui anticipent pour nous la grande rencontre finale, l\u2019union intime et \u00e9ternelle avec Dieu et, en lui, l\u2019unit\u00e9 du genre humain (LG 1).<\/li>\n<li>Vers le pass\u00e9, vers No\u00ebl car Dieu s\u2019est d\u00e9j\u00e0 engag\u00e9 pour nous dans l\u2019histoire, en tenant promesse et en appelant notre propre engagement. Nos cr\u00e8ches avec tous ces personnages que nous allons commencer \u00e0 mettre en place dans nos maisons ou nos \u00e9glises, nous font comme toucher du doigt cet \u00e9v\u00e9nement unique et extraordinaire qui a chang\u00e9 le cours de l\u2019Histoire.<\/li>\n<\/ul>\n<p style=\"text-align: justify;\"><strong>Nous sommes aussi invit\u00e9s, \u00e0 cause de l\u2019\u00c9vangile, \u00e0 vivre des attitudes qui nous aident \u00e0 \u00eatre des hommes et des femmes d\u2019Esp\u00e9rance.<\/strong><\/p>\n<ol style=\"text-align: justify;\">\n<li>Ne pas oublier la promesse de Dieu car lui le premier, veille sur nous et il est fid\u00e8le Celui qui nous appelle \u00e0 vivre en communion avec son Fils (1 Co 1, 9). \u00c0 cause de cela, relever la t\u00eate pour voir plus loin que l\u2019imm\u00e9diat qui prend toute la place.<\/li>\n<li>Veillez ! (Mc 13, 37) Soyez vigilant pour \u00e9viter l\u2019endormissement ou l\u2019affadissement ! Si nous connaissons bien les d\u00e9fauts, les fragilit\u00e9s et les fissures des vases d\u2019argile que nous sommes, nous pouvons toujours accueillir et partager le tr\u00e9sor de Dieu qui d\u00e9ploie sa puissance en nous quand nous essayons de le vivre humblement.<\/li>\n<\/ol>\n<p style=\"text-align: justify;\">Chers amis, je vous souhaite de vivre ce temps de l\u2019Avent \u00e0 l\u2019image du peuple immense de ceux qui l\u2019ont cherch\u00e9 et esp\u00e9r\u00e9 et d\u2019\u00eatre \u00e0 No\u00ebl comme les santons, ces personnages de la vie de tous les jours si divers et si ordinaires qui nous ressemblent tant, qui se h\u00e2tent avec joie et confiance vers J\u00e9sus qui vient de na\u00eetre.<\/p>\n<p>Bon Avent<\/p>\n<p>Michel Pansard<img decoding=\"async\" class=\"size-full wp-image-2299 alignright\" src=\"http:\/\/www.savigny-viry-catholique.fr\/wp-content\/uploads\/2020\/03\/logodio_2014.gif\" alt=\"\" width=\"136\" height=\"110\" \/><br \/>\u00c9v\u00eaque d\u2019\u00c9vry-Corbeil-Essonnes<br \/>le 23 novembre 2020<\/p>\n","protected":false},"excerpt":{"rendered":"","protected":false},"author":990003,"featured_media":3338,"comment_status":"closed","ping_status":"closed","sticky":false,"template":"","format":"standard","meta":{"give_campaign_id":0,"footnotes":""},"categories":[1],"tags":[],"class_list":["post-3342","post","type-post","status-publish","format-standard","has-post-thumbnail","hentry","category-uncategorized"],"_links":{"self":[{"href":"https:\/\/demos.uptitude.fr\/savviry1\/wp-json\/wp\/v2\/posts\/3342","targetHints":{"allow":["GET"]}}],"collection":[{"href":"https:\/\/demos.uptitude.fr\/savviry1\/wp-json\/wp\/v2\/posts"}],"about":[{"href":"https:\/\/demos.uptitude.fr\/savviry1\/wp-json\/wp\/v2\/types\/post"}],"author":[{"embeddable":true,"href":"https:\/\/demos.uptitude.fr\/savviry1\/wp-json\/wp\/v2\/users\/990003"}],"replies":[{"embeddable":true,"href":"https:\/\/demos.uptitude.fr\/savviry1\/wp-json\/wp\/v2\/comments?post=3342"}],"version-history":[{"count":0,"href":"https:\/\/demos.uptitude.fr\/savviry1\/wp-json\/wp\/v2\/posts\/3342\/revisions"}],"wp:featuredmedia":[{"embeddable":true,"href":"https:\/\/demos.uptitude.fr\/savviry1\/wp-json\/"}],"wp:attachment":[{"href":"https:\/\/demos.uptitude.fr\/savviry1\/wp-json\/wp\/v2\/media?parent=3342"}],"wp:term":[{"taxonomy":"category","embeddable":true,"href":"https:\/\/demos.uptitude.fr\/savviry1\/wp-json\/wp\/v2\/categories?post=3342"},{"taxonomy":"post_tag","embeddable":true,"href":"https:\/\/demos.uptitude.fr\/savviry1\/wp-json\/wp\/v2\/tags?post=3342"}],"curies":[{"name":"wp","href":"https:\/\/api.w.org\/{rel}","templated":true}]}}