{"id":3345,"date":"2020-11-04T17:25:00","date_gmt":"2020-11-04T17:25:00","guid":{"rendered":"http:\/\/www.savigny-viry-catholique.fr\/?p=3345"},"modified":"2020-11-04T17:25:00","modified_gmt":"2020-11-04T17:25:00","slug":"tenir-bon","status":"publish","type":"post","link":"https:\/\/demos.uptitude.fr\/savviry1\/tenir-bon\/","title":{"rendered":"Tenir bon !"},"content":{"rendered":"\n<div>\n<table role=\"presentation\" border=\"0\" cellspacing=\"0\" cellpadding=\"0\" align=\"center\">\n<tbody>\n<tr>\n<td>\n<div class=\"mj-column-per-50 mj-outlook-group-fix\">\u00a0<\/div>\n<\/td>\n<\/tr>\n<\/tbody>\n<\/table>\n<\/div>\n<p><i>Le contexte sanitaire, \u00e9conomique et social entra\u00eene bien des inqui\u00e9tudes, des peurs et aussi de nombreux d\u00e9bats dans notre soci\u00e9t\u00e9 &#8230;\/&#8230;\u00a0 <\/i><em>Un message de Monseigneur Pansard<\/em><!--more--><\/p>\n<h3><em><img decoding=\"async\" class=\"size-full wp-image-3350 alignleft\" src=\"http:\/\/www.savigny-viry-catholique.fr\/wp-content\/uploads\/2020\/11\/Pansard300x134.jpg\" alt=\"\" width=\"151\" height=\"134\" \/>Oui tenez bon !<\/em><br \/><em>(Ep 6, 10 )<\/em><\/h3>\n<p style=\"text-align: justify;\">Le contexte sanitaire, \u00e9conomique et social entra\u00eene bien des inqui\u00e9tudes, des peurs et aussi de nombreux d\u00e9bats dans notre soci\u00e9t\u00e9 :<\/p>\n<ul style=\"text-align: justify;\">\n<li>\n<p>\u00a0au sujet des contraintes n\u00e9cessaires pour lutter contre cette pand\u00e9mie et <span style=\"font-size: 16px;\">pour \u00e9viter que s\u2019aggrave la situation sanitaire,<\/span><\/p>\n<\/li>\n<li>\n<p>au sujet des activit\u00e9s indispensables \u00e0 maintenir pour la vie des habitants et l\u2019\u00e9conomie du pays,<\/p>\n<\/li>\n<li>\u00a0au sujet de la limitation des libert\u00e9s publiques fondamentales.<\/li>\n<\/ul>\n<p style=\"text-align: justify;\">Ces d\u00e9bats traversent aussi la communaut\u00e9 des catholiques qui partage les \u00e9preuves que conna\u00eet notre pays.<\/p>\n<p style=\"text-align: justify;\"><b><i>Tenir bon !<\/i><\/b> C\u2019est le combat des enseignants. Leur mission est belle et difficile pour transmettre les savoirs, les apprentissages n\u00e9cessaires, le respect de l\u2019autre, le sens de la libert\u00e9 et de la fraternit\u00e9.<\/p>\n<p style=\"text-align: justify;\"><em><strong>Tenir bon !<\/strong> <\/em>C\u2019est le combat des soignants depuis de nombreux mois. La meilleure aide que nous pouvons leur apporter est de r\u00e9duire le nombre de patients par notre application des r\u00e8gles sanitaires.<\/p>\n<p style=\"text-align: justify;\"><em><strong>Tenir bon !<\/strong> \u00a0<\/em>C\u2019est le combat des pauvres. Leur nombre augmente en notre pays, augmentent aussi les diff\u00e9rents visages de la pauvret\u00e9 ! Pour d\u00e9passer les barri\u00e8res de l\u2019indiff\u00e9rence l\u2019appel du Pape \u00ab Tends ta main aux pauvres \u00bb ne prend que plus d\u2019importance puisque c\u2019est en eux que nous pouvons rencontrer le Seigneur, en ses fr\u00e8res les plus faibles comme nous le rappelle l\u2019\u00e9vangile du Christ-Roi en Mt 25.<\/p>\n<p style=\"text-align: justify;\"><em><strong>Tenir bon !<\/strong> \u00a0<\/em>C\u2019est le combat des familles, des couples et de chacun d\u2019entre nous pour que la grisaille des jours ne mette pas \u00e0 mal l\u2019\u00e9lan de l\u2019amour car \u00ab l\u2019amour prend patience ; l\u2019amour rend service ; l\u2019amour ne jalouse pas ; il ne se vante pas, ne se gonfle pas d\u2019orgueil ; il ne fait rien d\u2019inconvenant ; il ne cherche pas son int\u00e9r\u00eat ; il ne s\u2019emporte pas ; il n\u2019entretient pas de rancune ; il ne se r\u00e9jouit pas de ce qui est injuste, mais il trouve sa joie dans ce qui est vrai ; il supporte tout, il fait confiance en tout, il esp\u00e8re tout, il endure tout \u00bb.(1 Co 13, 4-7)<\/p>\n<p style=\"text-align: justify;\"><em><strong>Tenir bon !<\/strong><\/em> C\u2019est pour tous les disciples du Christ \u00ab puiser votre \u00e9nergie dans le Seigneur et dans la vigueur de sa force\u2026 \u00bb (Ep 6, 10.)<\/p>\n<p style=\"text-align: justify;\">Oui, fid\u00e8les la\u00efcs du Christ, religieux et religieuses, la\u00efcs en mission eccl\u00e9siale, diacres, pr\u00eatres et \u00e9v\u00eaque, pour tenir bon, comme de bons supporters, nous avons besoin de nous retrouver entre fr\u00e8res et s\u0153urs pour nous \u00ab supporter les uns les autres \u00bb (Col 3,13).<\/p>\n<p style=\"text-align: justify;\">Nous avons besoin de la pri\u00e8re, de nous nourrir de la Parole vivante et la vie donn\u00e9e du Seigneur de nos vies pour vivre dans la foi au Fils de Dieu qui nous a aim\u00e9 et s\u2019est livr\u00e9 pour nous (Ga, 2). Dans le secret de la chambre ou dans ces petites \u00e9glises que sont nos familles, dans le quotidien de nos vies c\u2019est le temps\u00a0 favorable pour nous r\u00e9concilier avec Dieu et notre prochain, pour \u00e9couter et c\u00e9l\u00e9brer la Parole de Dieu, pour vivre une vie de service.<\/p>\n<p style=\"text-align: justify;\">Je sais la souffrance de beaucoup d\u2019entre vous de ne pas pouvoir puiser ensemble dans la participation \u00e0 la messe, le Pain Vivant pour vivre nos vies comme des vies donn\u00e9es, des vies qui aiment ; pour vivre la fraternit\u00e9 ; pour tenir bon dans le dynamisme de l\u2019Esprit qui nous est donn\u00e9. Je sais aussi votre souci de vivre dans la l\u00e9galit\u00e9 et de prendre soin les uns des autres.<\/p>\n<p style=\"text-align: justify;\">Je le crois et l\u2019esp\u00e8re, par nos gestes, nos paroles, notre \u00e9coute, nos sourires des yeux, nos initiatives de partage\u2026 Dieu pourra aujourd\u2019hui encore faire des merveilles dans vos vies comme dans celles de ceux dont vous \u00eates proches.<\/p>\n<p style=\"text-align: justify;\">La possibilit\u00e9 que des assembl\u00e9es dominicales puissent \u00e0 nouveau se r\u00e9unir pour la c\u00e9l\u00e9bration de la messe semble se dessiner pour apr\u00e8s le 1er d\u00e9cembre avec un protocole sanitaire strict qui reste \u00e0 valider par les services de l\u2019\u00e9tat.<\/p>\n<p style=\"text-align: justify;\">D\u2019ici l\u00e0, tenons-bon et soutenons-nous les uns les autres pour vivre, au jour le jour, dans la charit\u00e9 et l\u2019unit\u00e9 qui sont les fruits du sacrement de l\u2019Eucharistie et pour go\u00fbter tous les moments et lieux o\u00f9 le Seigneur se donne \u00e0 rencontrer. Les\u00a0 quelques textes ci-apr\u00e8s peuvent nous inspirer et nous y aider.<br \/>Fraternellement<\/p>\n<p style=\"text-align: justify;\"><br \/>Le 17 novembre 2020<img decoding=\"async\" class=\"size-full wp-image-2299 alignright\" src=\"http:\/\/www.savigny-viry-catholique.fr\/wp-content\/uploads\/2020\/03\/logodio_2014.gif\" alt=\"\" width=\"136\" height=\"110\" \/><br \/>+ Michel Pansard<br \/>\u00c9v\u00eaque d\u2019\u00c9vry-Corbeil-Essonnes<\/p>\n<p style=\"text-align: justify;\"><br \/>\uf046 \u00c9vangile de Jean 14, 23 : \u00ab J\u00e9sus lui r\u00e9pondit : \u00ab Si quelqu\u2019un m\u2019aime, il gardera ma parole ; mon P\u00e8re l\u2019aimera, nous viendrons vers lui et, chez lui, nous nous ferons une demeure \u00bb.<\/p>\n<p style=\"text-align: justify;\"><br \/>\uf046 \u00c9vangile de Matthieu 18, 20 : \u00ab En effet, quand deux ou trois sont r\u00e9unis en mon nom, je suis l\u00e0, au milieu d\u2019eux. \u00bb<\/p>\n<p style=\"text-align: justify;\"><br \/>\uf046 \u00c9vangile de Matthieu 25, 31-46, \u00e9vangile de dimanche prochain<\/p>\n<p style=\"text-align: justify;\"><br \/>\uf046 Lettre de Jacques 1, 25-27 \u00ab Au contraire, celui qui se penche sur la loi parfaite, celle de la libert\u00e9, et qui s\u2019y tient, lui qui l\u2019\u00e9coute non pour l\u2019oublier, mais pour la mettre en pratique dans ses actes, celui-l\u00e0 sera heureux d\u2019agir ainsi. Si l\u2019on pense \u00eatre quelqu\u2019un de religieux sans mettre un frein \u00e0 sa langue, on se trompe soi-m\u00eame, une telle religion est sans valeur. Devant Dieu notre P\u00e8re, un comportement religieux pur et sans souillure, c\u2019est de visiter les orphelins et les veuves dans leur d\u00e9tresse, et de se garder sans tache au milieu du monde. \u00bb<\/p>\n<p style=\"text-align: justify;\"><br \/>\uf046 Lettre aux Romains chapitre12, 1 ; \u00ab Je vous exhorte donc, fr\u00e8res, par la tendresse de Dieu, \u00e0 lui pr\u00e9senter votre corps \u2013 votre personne tout enti\u00e8re \u2013, en sacrifice (offrande) vivant, saint, capable de plaire \u00e0 Dieu : c\u2019est l\u00e0, pour vous, la juste mani\u00e8re de lui rendre un culte. \u00bb Lire aussi tout le chapitre 12.<\/p>\n<p style=\"text-align: justify;\"><br \/>\uf046 Psaume 50, 19 : \u00ab Le sacrifice qui pla\u00eet \u00e0 Dieu, c&rsquo;est un esprit bris\u00e9 ; tu ne repousses pas, \u00f4 mon Dieu, un c\u0153ur bris\u00e9 et broy\u00e9 \u00bb.<\/p>\n<p style=\"text-align: justify;\"><br \/>\uf046 Livre d\u2019Isa\u00efe 58, 9 : Vous cherchez Dieu chaque jour, vous demandez \u00e0 conna\u00eetre ses chemins, vous demandez sa proximit\u00e9, mais vous continuez \u00e0 prier, supplier et je\u00fbner entre\u00a0 disputes et querelles, opprimant de tant de mani\u00e8res votre prochain. Il est certain que Dieu demeure sourd face \u00e0 votre fa\u00e7on de vous comporter, il ne peut vous \u00e9couter. Si au contraire,\u00a0 vous faites tomber les cha\u00eenes injustes, vous lib\u00e9rez les opprim\u00e9s et brisez le joug, c\u2019est-\u00e0dire vous partagez le pain avec l\u2019affam\u00e9, vous accueillez le pauvre, sans abri, vous portez secours \u00e0 qui a besoin sans n\u00e9gliger vos parents et amis, alors votre lumi\u00e8re jaillira comme l\u2019aurore, votre blessure gu\u00e9rira vite. Alors vous invoquerez le Seigneur et il vous r\u00e9pondra, vous crierez et il vous dira : me voici.<\/p>\n<p style=\"text-align: justify;\"><br \/>\uf046 dans la pri\u00e8re eucharistique n\u00b0 IV : Regarde, Seigneur, cette offrande que tu as donn\u00e9e toi m\u00eame \u00e0 ton \u00c9glise ; accorde \u00e0 tous ceux qui vont partager ce pain et boire \u00e0 cette coupe d\u2019\u00eatre rassembl\u00e9s par l\u2019Esprit Saint en un seul corps, pour qu\u2019ils soient eux-m\u00eames dans le Christ une vivante offrande \u00e0 la louange de ta gloire.<\/p>\n<p style=\"text-align: justify;\"><br \/>\uf046 Une oraison du missel reprenant un propos de saint Augustin : \u00ab\u00a0Accorde nous Seigneur notre Dieu, de trouver dans cette communion notre force et notre joie ; afin que nous puissions devenir ce que nous avons re\u00e7u.\u00a0\u00bb\u00ab Si donc vous \u00eates vous-m\u00eames le Corps du Christ et ses membres, alors sur la table eucharistique se trouve votre propre myst\u00e8re&#8230; Vous devez \u00eatre ce que vous voyez et vous devez recevoir ce que vous \u00eates. \u00bb Saint Augustin<\/p>\n<p style=\"text-align: justify;\"><br \/>\uf046 Pri\u00e8re pour la communion spirituelle :<br \/>Seigneur J\u00e9sus, je crois \u00e0 ta v\u00e9ritable pr\u00e9sence dans le pain et dans le vin consacr\u00e9s. Je t\u2019aime toi le Seigneur de ma vie. Je d\u00e9sire profond\u00e9ment r\u00e9pondre \u00e0 ton invitation, communier, te recevoir au plus intime de ma vie.<br \/>Je ne peux maintenant te recevoir sacramentellement.<br \/>Viens Seigneur habiter spirituellement ma vie.<br \/>J\u2019ai faim de ton amour j\u2019ai faim de ta vie donn\u00e9e pour nourrir toute ma vie.<br \/>Au jour le jour que j\u2019apprenne de toi \u00e0 donner ma vie, \u00e0 aimer.<br \/>Oui, Seigneur J\u00e9sus, fais que je demeure fid\u00e8le \u00e0 ton commandement et que jamais je ne sois s\u00e9par\u00e9 de toi. Amen<\/p>\n<p style=\"text-align: justify;\"><br \/>\uf046 Cat\u00e9ch\u00e8se du Pape Fran\u00e7ois sur l\u2019Eucharistie.<br \/>Nous c\u00e9l\u00e9brons l\u2019Eucharistie pour nous nourrir de J\u00e9sus, qui se donne dans la parole et dans le sacrement de l\u2019autel, afin de nous rendre semblables \u00e0 lui. Le Seigneur le dit lui-m\u00eame : \u00ab qui mange ma chair et boit mon sang demeure en moi, et moi en lui \u00bb (Jn 6,56). En effet, le geste de J\u00e9sus qui donne \u00e0 ses disciples son corps et son sang dans la derni\u00e8re C\u00e8ne se poursuit encore aujourd\u2019hui \u00e0 travers le minist\u00e8re du pr\u00eatre et du diacre, ministres ordinaires qui distribuent \u00e0 leurs fr\u00e8res le pain de la vie et la coupe du salut.<br \/>\u2026 c\u2019est en r\u00e9alit\u00e9 le Christ qui vient \u00e0 notre rencontre pour que nous fassions un avec lui.<br \/>C\u2019est une rencontre avec J\u00e9sus ! Se nourrir de l\u2019Eucharistie, cela signifie se laisser transformer par ce que nous recevons.<br \/>Saint Augustin nous aide \u00e0 comprendre cela, quand il parle de la lumi\u00e8re re\u00e7ue quand il a entendu le Christ lui dire : \u00ab Je suis la nourriture des forts ; crois, et tu me mangeras. Et je ne passerai pas dans ta substance, comme les aliments de ta chair ; c\u2019est toi qui passeras dans la mienne \u00bb (2). \u00c0 chaque fois que nous communions, nous ressemblons un peu plus \u00e0 J\u00e9sus, nous nous transformons un peu plus en J\u00e9sus. De m\u00eame que le pain et le vin sont transform\u00e9s en corps et sang du Christ, de m\u00eame ceux qui les re\u00e7oivent avec foi sont transform\u00e9s en Eucharistie vivante. Au pr\u00eatre qui, distribuant la communion, nous dit \u00ab le corps du Christ \u00bb, nous r\u00e9pondons \u00ab Amen \u00bb, c\u2019est-\u00e0-dire que nous reconnaissons la gr\u00e2ce et ce qu\u2019implique le fait d\u2019\u00eatre devenu le corps du Christ. Car lorsque nous recevons l\u2019Eucharistie, nous devenons le corps du Christ. Voil\u00e0 qui est beau, tr\u00e8s beau. En nous unissant au Christ, la communion nous arrache \u00e0 nos \u00e9go\u00efsmes, elle nous ouvre et nous unit \u00e0 tous ceux qui ne font qu\u2019un avec lui. Voil\u00e0 le prodige de la communion : nous devenons ce que nous recevons !<\/p>\n","protected":false},"excerpt":{"rendered":"","protected":false},"author":990003,"featured_media":1062,"comment_status":"closed","ping_status":"closed","sticky":false,"template":"","format":"standard","meta":{"give_campaign_id":0,"footnotes":""},"categories":[38,1],"tags":[],"class_list":["post-3345","post","type-post","status-publish","format-standard","has-post-thumbnail","hentry","category-officiel","category-uncategorized"],"_links":{"self":[{"href":"https:\/\/demos.uptitude.fr\/savviry1\/wp-json\/wp\/v2\/posts\/3345","targetHints":{"allow":["GET"]}}],"collection":[{"href":"https:\/\/demos.uptitude.fr\/savviry1\/wp-json\/wp\/v2\/posts"}],"about":[{"href":"https:\/\/demos.uptitude.fr\/savviry1\/wp-json\/wp\/v2\/types\/post"}],"author":[{"embeddable":true,"href":"https:\/\/demos.uptitude.fr\/savviry1\/wp-json\/wp\/v2\/users\/990003"}],"replies":[{"embeddable":true,"href":"https:\/\/demos.uptitude.fr\/savviry1\/wp-json\/wp\/v2\/comments?post=3345"}],"version-history":[{"count":0,"href":"https:\/\/demos.uptitude.fr\/savviry1\/wp-json\/wp\/v2\/posts\/3345\/revisions"}],"wp:featuredmedia":[{"embeddable":true,"href":"https:\/\/demos.uptitude.fr\/savviry1\/wp-json\/"}],"wp:attachment":[{"href":"https:\/\/demos.uptitude.fr\/savviry1\/wp-json\/wp\/v2\/media?parent=3345"}],"wp:term":[{"taxonomy":"category","embeddable":true,"href":"https:\/\/demos.uptitude.fr\/savviry1\/wp-json\/wp\/v2\/categories?post=3345"},{"taxonomy":"post_tag","embeddable":true,"href":"https:\/\/demos.uptitude.fr\/savviry1\/wp-json\/wp\/v2\/tags?post=3345"}],"curies":[{"name":"wp","href":"https:\/\/api.w.org\/{rel}","templated":true}]}}