{"id":3462,"date":"2021-01-10T15:52:00","date_gmt":"2021-01-10T15:52:00","guid":{"rendered":"http:\/\/www.savigny-viry-catholique.fr\/?p=3462"},"modified":"2021-01-10T15:52:00","modified_gmt":"2021-01-10T15:52:00","slug":"le-8-decembre-date-a-retenir","status":"publish","type":"post","link":"https:\/\/demos.uptitude.fr\/savviry1\/le-8-decembre-date-a-retenir\/","title":{"rendered":"Aum\u00f4nerie &#8211; CONFIRMATION 2021"},"content":{"rendered":"\n<p>Chemin vers le sacrement de confirmation pour les jeunes; un parcours en quatre rencontres &#8230;\/&#8230;<!--more--><\/p>\n<p>\u00a0<\/p>\n<h4>\u00a0<\/h4>\n<h4>Si tu le veux , l&rsquo;aventure continue sur les chemins de la foi.<\/h4>\n<h5><strong>A partir de 15 ans (ou lyc\u00e9ens). Proposition de poursuivre la route avec le Seigneur en vivant avec d&rsquo;autres jeunes la <span style=\"color: #0000ff;\">pr\u00e9paration au Sacrement de Confirmation.<\/span><\/strong><\/h5>\n<h5><span style=\"color: #0000ff;\"><strong><img fetchpriority=\"high\" decoding=\"async\" class=\"size-medium wp-image-3548 alignleft\" src=\"http:\/\/www.savigny-viry-catholique.fr\/wp-content\/uploads\/2020\/12\/confirmation00-300x225.jpg\" alt=\"\" width=\"300\" height=\"225\" \/>D\u00e9couvrir le souffle de l&rsquo;Esprit Saint et donner du sens \u00e0 sa vie<\/strong><\/span><\/h5>\n<h5><span style=\"color: #0000ff;\"><strong>Un parcours en 4 rencontres : <span style=\"color: #000000;\">D\u00e9marrage le dimanche 31 janvier de 10h00 \u00e0 17h00 salle du St Esprit \u00e0 Viry-Ch\u00e2tillon<\/span><\/strong><\/span><\/h5>\n<h5><strong><span style=\"color: #ff0000;\">T\u00e9l\u00e9charger le <a href=\"http:\/\/www.savigny-viry-catholique.fr\/Download\/doc\/Confirmation2021.pdf\">programme et les infos pratiques ici\u00a0<\/a><\/span><\/strong><\/h5>\n<h4>\u00a0<\/h4>\n<p>&#8212;&#8212;&#8212;&#8212;&#8212;&#8212;&#8212;&#8212;&#8212;&#8212;&#8212;&#8212;&#8212;&#8212;&#8212;&#8212;&#8212;&#8212;&#8212;&#8212;&#8212;&#8212;&#8212;&#8212;&#8212;&#8212;&#8212;&#8212;&#8212;&#8212;&#8212;&#8212;&#8212;&#8212;&#8212;&#8212;&#8212;&#8212;-<\/p>\n<hr \/>\n<h4><span style=\"color: #008000;\">A propos de l&rsquo;aum\u00f4nerie et du p\u00f4le jeune. Pendant cette ann\u00e9e 2020-2021, ils s&rsquo;int\u00e9ressent \u00e0 la cr\u00e9ation \u00e0 partir du texte du Pape.<\/span><\/h4>\n<h4>Pour en savoir plus <a href=\"http:\/\/www.savigny-viry-catholique.fr\/du-cote-de-laumonerie\/\">cliquez ICI<\/a><\/h4>\n<p><img decoding=\"async\" class=\"wp-image-1008 aligncenter\" src=\"http:\/\/www.savigny-viry-catholique.fr\/wp-content\/uploads\/2017\/03\/logoAEP-01-300x300.png\" alt=\"Aumonerie\" width=\"259\" height=\"228\" \/><\/p>\n<hr \/>\n<h5><span style=\"color: #ff6600;\">Retour sur la soir\u00e9e des lumi\u00e8res en \u00ab\u00a0live\u00a0\u00bb le 8 d\u00e9cembre 2020<\/span><\/h5>\n<h5><strong>Ce fut un succ\u00e8s ! Pour revoir cette soir\u00e9e cliquez sur l&rsquo;image<\/strong><\/h5>\n<p><strong><a href=\"https:\/\/www.youtube.com\/watch?v=n3gAXpHxS7Q&amp;feature=youtu.be&amp;fbclid=IwAR0PCtkFORyDZy0toyT_-GSJng-5y-N1Au5ocb3bbI49QKEPzpIZGgetLCA\"><img decoding=\"async\" class=\" wp-image-3552 alignright\" src=\"http:\/\/www.savigny-viry-catholique.fr\/wp-content\/uploads\/2020\/12\/lumiere8dec-300x141.jpg\" alt=\"\" width=\"337\" height=\"191\" \/><\/a>Cela a \u00e9t\u00e9\u00a0 un projet innovant du nouvel aum\u00f4nier de l\u2019aum\u00f4nerie des \u00e9tudiants d\u2019Evry, fr\u00e8re Paul Adrien d\u2019Hardemare, dont la notori\u00e9t\u00e9 n\u2019est quasiment plus \u00e0 faire dans les milieux de la cat\u00e9ch\u00e8se pour ses vid\u00e9os p\u00e9dagogiques de Th\u00e9obule mais aussi chez nombre de jeunes qui suivent ses critiques d\u00e9complex\u00e9es de films ou qui d\u00e9couvrent la th\u00e9ologie par ses courtes vid\u00e9os sur YouTube, gr\u00e2ce \u00e0 un langage clair et bon enfant.<\/strong><\/p>\n<p>\u00a0<\/p>\n","protected":false},"excerpt":{"rendered":"","protected":false},"author":990003,"featured_media":3546,"comment_status":"closed","ping_status":"closed","sticky":false,"template":"","format":"standard","meta":{"give_campaign_id":0,"footnotes":""},"categories":[34,1],"tags":[],"class_list":["post-3462","post","type-post","status-publish","format-standard","has-post-thumbnail","hentry","category-catechese-aumonerie","category-uncategorized"],"_links":{"self":[{"href":"https:\/\/demos.uptitude.fr\/savviry1\/wp-json\/wp\/v2\/posts\/3462","targetHints":{"allow":["GET"]}}],"collection":[{"href":"https:\/\/demos.uptitude.fr\/savviry1\/wp-json\/wp\/v2\/posts"}],"about":[{"href":"https:\/\/demos.uptitude.fr\/savviry1\/wp-json\/wp\/v2\/types\/post"}],"author":[{"embeddable":true,"href":"https:\/\/demos.uptitude.fr\/savviry1\/wp-json\/wp\/v2\/users\/990003"}],"replies":[{"embeddable":true,"href":"https:\/\/demos.uptitude.fr\/savviry1\/wp-json\/wp\/v2\/comments?post=3462"}],"version-history":[{"count":0,"href":"https:\/\/demos.uptitude.fr\/savviry1\/wp-json\/wp\/v2\/posts\/3462\/revisions"}],"wp:featuredmedia":[{"embeddable":true,"href":"https:\/\/demos.uptitude.fr\/savviry1\/wp-json\/"}],"wp:attachment":[{"href":"https:\/\/demos.uptitude.fr\/savviry1\/wp-json\/wp\/v2\/media?parent=3462"}],"wp:term":[{"taxonomy":"category","embeddable":true,"href":"https:\/\/demos.uptitude.fr\/savviry1\/wp-json\/wp\/v2\/categories?post=3462"},{"taxonomy":"post_tag","embeddable":true,"href":"https:\/\/demos.uptitude.fr\/savviry1\/wp-json\/wp\/v2\/tags?post=3462"}],"curies":[{"name":"wp","href":"https:\/\/api.w.org\/{rel}","templated":true}]}}