{"id":3477,"date":"2020-12-04T13:54:39","date_gmt":"2020-12-04T13:54:39","guid":{"rendered":"http:\/\/www.savigny-viry-catholique.fr\/?p=3477"},"modified":"2020-12-04T13:54:39","modified_gmt":"2020-12-04T13:54:39","slug":"en-temps-de-confinement-vivre-notre-foi-autrement-3","status":"publish","type":"post","link":"https:\/\/demos.uptitude.fr\/savviry1\/en-temps-de-confinement-vivre-notre-foi-autrement-3\/","title":{"rendered":"EN TEMPS DE CONFINEMENT, VIVRE NOTRE FOI AUTREMENT."},"content":{"rendered":"\n<h5><span style=\"background-color: #ffff00;\">Dimanche 6 D\u00e9cembre 2020 &#8211;\u00a0 2 \u00e8me Dimanche de l&rsquo;Avent &#8211; ann\u00e9e B.<\/span><\/h5>\n<h5>M\u00e9ditation et liturgie familiale, voici des\u00a0 pistes pour vivre notre foi autrement.<\/h5>\n<p><!--more--><\/p>\n<h5>Ainsi, vous trouverez ci apr\u00e8s :\u00a0<\/h5>\n<ul>\n<li><strong> une m\u00e9ditation de l&rsquo;Evangile propos\u00e9e par Daniel Lambert, diacre ,\u00a0<\/strong><\/li>\n<li><strong>la proposition du dioc\u00e8se : une liturgie familiale pour ce dimanche\u00a0<\/strong><\/li>\n<li><strong>la possibilit\u00e9 de participer \u00e0 la qu\u00eate<\/strong><\/li>\n<\/ul>\n<h5><span style=\"color: #0000ff;\">Notez que vous pouvez suivre en direct,\u00a0 la messe c\u00e9l\u00e9br\u00e9e en l&rsquo;\u00e9glise Ste Th\u00e9r\u00e8se \u00e0 11h00<\/span>\u00a0<\/h5>\n<h5><span style=\"background-color: #ccffff; color: #ff00ff;\"><strong><a href=\"https:\/\/www.youtube.com\/channel\/UCMIMUDEqUCGxHRdxXpvx1Ug\">\u00a0\u00e0 cette adresse :<\/a> <a href=\"https:\/\/www.youtube.com\/channel\/UCMIMUDEqUCGxHRdxXpvx1Ug\"><img decoding=\"async\" class=\"alignnone size-medium wp-image-3190\" src=\"http:\/\/www.savigny-viry-catholique.fr\/wp-content\/uploads\/2020\/10\/ASTSM-TV-300x49.jpg\" alt=\"\" width=\"300\" height=\"49\" \/><\/a><\/strong><\/span><\/h5>\n<h5>&#8212;&#8212;&#8212;&#8212;&#8212;&#8212;&#8212;&#8212;&#8212;&#8212;&#8212;&#8212;&#8212;&#8212;&#8212;&#8212;&#8212;&#8212;&#8212;&#8212;&#8212;&#8212;&#8212;&#8212;&#8212;&#8212;&#8212;&#8212;&#8212;&#8212;&#8212;&#8212;-<\/h5>\n<h5>\u00a0<\/h5>\n<h5><span style=\"color: #ff6600;\"><em><strong>\u00ab\u00a0Alors Jean, celui qui baptisait, parut dans le d\u00e9sert\u00a0\u00bb Marc (1, 4)<\/strong><\/em><\/span><\/h5>\n<h4><strong>\u00c9vangile de J\u00e9sus Christ selon selon saint Marc (Mc 1, 1-8)<\/strong><\/h4>\n<h4><strong><u>MEDITATION DE L\u2019EVANGILE DU DIMANCHE 6 d\u00e9cembre<\/u><\/strong><\/h4>\n<h4><strong>Par\u00a0 Daniel\u00a0 LAMBERT, diacre.<\/strong><\/h4>\n<h5 style=\"text-align: justify;\">Les chemins du Seigneur se pr\u00e9parent au c\u0153ur des \u00e9v\u00e9nements de nos vies\u00a0: naissance, bapt\u00eame, mariage etc.<\/h5>\n<h5 style=\"text-align: justify;\">En ce 2<sup>\u00e8me<\/sup>\u00a0Dimanche de l\u2019Avent, temps b\u00e9ni, Marie-H\u00e9l\u00e8ne et moi f\u00eatons nos 46 ans de mariage. Nous rendons gr\u00e2ce tous les deux d&rsquo;\u00eatre baptis\u00e9s. Dieu s\u2019est toujours montr\u00e9 pr\u00e9sent \u00e0 notre vie et il continue encore.<\/h5>\n<h5 style=\"text-align: justify;\">Sans Jean le Baptiste, nous ne pourrions vivre cette annonce : Dieu \u00ab m\u00eame \u00bb est capable, par J\u00e9sus,\u00a0 en chair et en os, de nous donner l\u2019exemple \u00e0 suivre.<\/h5>\n<h5 style=\"text-align: justify;\">Et maintenant quelques questions\u00a0:<\/h5>\n<h5 style=\"text-align: justify;\">Baptis\u00e9s dans l\u2019Esprit Saint, qu&rsquo;est-ce que cela veut bien dire\u00a0?<\/h5>\n<h5 style=\"text-align: justify;\">Peut-\u00eatre que sans Lui nous ne pourrions pas ouvrir notre esprit, notre \u00e2me correctement\u2026 et qu\u2019en pensons-nous justement de l\u2019Esprit-Saint\u00a0? Quelle place tient-il dans notre vie\u00a0?<\/h5>\n<h5 style=\"text-align: justify;\">Qu\u2019en faisons-nous au\u00a0\u00ab\u00a0quotidien\u00a0\u00bb\u00a0? Vient-il habiter notre corps, notre \u00e2me et nos pens\u00e9es\u00a0?<\/h5>\n<h5 style=\"text-align: justify;\">Qu\u2019en attendons-nous finalement\u00a0? Sommes-nous pr\u00eats \u00e0 \u00eatre encore davantage des t\u00e9moins du Christ Vivant\u00a0?<\/h5>\n<h5 style=\"text-align: justify;\">Et maintenant, oui maintenant, demandons au Seigneur d\u2019\u00eatre comme Jean le Baptiste, porteurs de son Feu.<\/h5>\n<h5 style=\"text-align: justify;\">Amen<\/h5>\n<h5 style=\"text-align: left;\">Daniel LAMBERT, Diacre.<\/h5>\n<p>\u00a0<\/p>\n<p>\u00a0<\/p>\n<h5 style=\"text-align: justify;\"><strong><u>Pri\u00e8re<\/u><\/strong><u>\u00a0:<\/u>\u00a0Prions pour ceux et celles qui parfois d\u00e9sesp\u00e8rent de Dieu et d\u2019eux-m\u00eames, pour ceux qui ne savent pas encore rep\u00e9rer sa pr\u00e9sence en eux.<\/h5>\n<h5 style=\"text-align: justify;\"><strong>Seigneur, donne nous d\u2019\u00eatre cr\u00e9atifs et suffisamment aimants pour leur donner envie de croire en ce Dieu de bont\u00e9, de g\u00e9n\u00e9rosit\u00e9, de tendresse et de Paix. Accorde-nous Seigneur d\u2019\u00eatre comme Jean Baptiste, Porteurs du Feu de ton Amour. Amen.<\/strong><\/h5>\n<p><img fetchpriority=\"high\" decoding=\"async\" class=\"size-full wp-image-3489 alignleft\" src=\"http:\/\/www.savigny-viry-catholique.fr\/wp-content\/uploads\/2020\/12\/Preparez-le-chemin.png\" alt=\"\" width=\"245\" height=\"206\" \/><\/p>\n<h5>\u00a0<\/h5>\n<h5><strong><span style=\"color: #0000ff;\"><em>Vous pouvez t\u00e9l\u00e9charger cette <a href=\"http:\/\/www.savigny-viry-catholique.fr\/Download\/doc\/2020-12-06MEDITATION-Evangile-DL1.pdf\">m\u00e9ditation ici\u00a0<\/a><\/em><\/span><\/strong><\/h5>\n<h5><em><strong>Relisons le texte pour l\u2019int\u00e9rioriser et l\u2019accueillir \u00e0 notre tour<\/strong><\/em><\/h5>\n<h5>\u00a0<\/h5>\n<h5 style=\"text-align: justify;\"><strong><span style=\"color: #0000ff;\"><em>\u00c9vangile de J\u00e9sus Christ selon saint Marc\u00a0 (1, 1-8)<\/em><\/span><\/strong><\/h5>\n<h5 style=\"text-align: justify;\"><em>Commencement de l\u2019\u00c9vangile de J\u00e9sus, Christ, Fils de Dieu.<br \/>Il est \u00e9crit dans Isa\u00efe, le proph\u00e8te : Voici que j\u2019envoie mon messager en avant de toi, pour ouvrir ton chemin.<br \/>Voix de celui qui crie dans le d\u00e9sert : Pr\u00e9parez le chemin du Seigneur, rendez droits ses sentiers.<br \/>Alors Jean, celui qui baptisait, parut dans le d\u00e9sert. Il proclamait un bapt\u00eame de conversion pour le pardon des p\u00e9ch\u00e9s.<br \/>Toute la Jud\u00e9e, tous les habitants de J\u00e9rusalem se rendaient aupr\u00e8s de lui, et ils \u00e9taient baptis\u00e9s par lui dans le Jourdain, en reconnaissant publiquement leurs p\u00e9ch\u00e9s.<br \/>Jean \u00e9tait v\u00eatu de poil de chameau, avec une ceinture de cuir autour des reins ; il se nourrissait de sauterelles et de miel sauvage.<br \/>Il proclamait : \u00ab Voici venir derri\u00e8re moi celui qui est plus fort que moi ; je ne suis pas digne de m\u2019abaisser pour d\u00e9faire la courroie de ses sandales.<br \/>Moi, je vous ai baptis\u00e9s avec de l\u2019eau ; lui vous baptisera dans l\u2019Esprit Saint. \u00bb<\/em><\/h5>\n<h5>\u00a0<\/h5>\n<hr \/>\n<h4 style=\"text-align: left;\"><em><strong><img decoding=\"async\" class=\"size-medium wp-image-3485 alignleft\" src=\"http:\/\/www.savigny-viry-catholique.fr\/wp-content\/uploads\/2020\/12\/Avent-dimanche2-01-300x227.jpg\" alt=\"\" width=\"300\" height=\"227\" \/>Liturgie familiale pour\u00a0 \u00a0 \u00a0 \u00a0 \u00a0 \u00a0 \u00a0 \u00a0 \u00a0 \u00a0 \u00a0 \u00a0 \u00a0 \u00a0 <\/strong><\/em><\/h4>\n<h4 style=\"text-align: left;\"><em><strong>le dimanche 6 d\u00e9cembre 2020,\u00a0 \u00a0 \u00a0 \u00a0 \u00a0 2\u00e8me Dimanche de l&rsquo;Avent<\/strong><\/em><\/h4>\n<h5><span style=\"color: #0000ff;\">T\u00e9l\u00e9chargez le <a href=\"http:\/\/www.savigny-viry-catholique.fr\/Download\/doc\/2020-12-06Liturgie-familiale-dimanche6decembre2020.pdf\">document ici\u00a0<\/a><\/span><\/h5>\n<p>\u00a0<\/p>\n<p>\u00a0<\/p>\n<hr \/>\n<div class=\"entry-content\">\n<h4><span style=\"color: #ff6600;\"><strong>Les m\u00e9ditations des dimanches pr\u00e9c\u00e9dents\u00a0 :<\/strong><\/span><\/h4>\n<h5>Dimanche 29 novembre 2020 : <a href=\"http:\/\/www.savigny-viry-catholique.fr\/Download\/doc\/2020-11-29MEDITATION-PereBoris-Segla.pdf\">M\u00e9ditation propos\u00e9e par le p\u00e8re Boris Segla<\/a><\/h5>\n<h5><strong>Dimanche 22 novembre 2020 : <a href=\"http:\/\/www.savigny-viry-catholique.fr\/Download\/doc\/2020-11-22Meditation-Evangile.pdf\">M\u00e9ditation propos\u00e9e par le p\u00e8re Achille Waffo<\/a><\/strong><\/h5>\n<\/div>\n<footer class=\"single-footer\">\n<h5>Dimanche 15 novembre 2020 : <a href=\"http:\/\/www.savigny-viry-catholique.fr\/Download\/doc\/2020-11-15Meditation-Evangile.pdf\">M\u00e9ditation propos\u00e9e par le p\u00e8re Antoine JOHNSON<\/a><\/h5>\n<h5>Dimanche 8 novembre 2020 : <a href=\"http:\/\/www.savigny-viry-catholique.fr\/Download\/doc\/2020-11-08M\u00e9ditation.pdf\">M\u00e9ditation propos\u00e9e par le p\u00e8re Emmanuel BIDZOGO<\/a><\/h5>\n<p>\u00a0<\/p>\n<\/footer>\n<p>&#8212;&#8212;&#8212;&#8212;&#8212;&#8212;&#8212;&#8212;&#8212;&#8212;&#8212;&#8212;&#8212;&#8212;&#8212;&#8212;&#8212;&#8212;&#8212;&#8212;&#8212;&#8212;&#8212;&#8212;&#8212;&#8212;&#8212;&#8212;&#8212;&#8212;&#8212;&#8212;&#8212;&#8212;&#8212;&#8212;&#8212;&#8212;&#8212;<\/p>\n<h3>N&rsquo;OUBLIEZ PAS LA QU\u00caTE !!!<img loading=\"lazy\" decoding=\"async\" class=\"size-full wp-image-3240 alignright\" src=\"http:\/\/www.savigny-viry-catholique.fr\/wp-content\/uploads\/2020\/11\/quete-en-lignet.jpg\" alt=\"\" width=\"298\" height=\"169\" \/><\/h3>\n<h3><strong>R\u00e9ouverture de la plate-forme\u00a0<em><a href=\"https:\/\/quete.catholique.fr\/?reserved_diocese=EVRY&amp;reserved_paroisse=\">quete.catholique.fr<\/a><\/em><\/strong><\/h3>\n<p>Ce nouveau confinement emp\u00eache de nouveau nombre de catholiques de se rendre aux c\u00e9l\u00e9brations de leur paroisse et ainsi de participer \u00e0 la qu\u00eate. La qu\u00eate, collect\u00e9e chaque dimanche constitue l\u2019une des principales ressources des paroisses et va conna\u00eetre une baisse comme lors du premier confinement.<\/p>\n<p>Comme lors du confinement du printemps dernier, la Conf\u00e9rence des \u00e9v\u00eaques de France met en place \u00e0 partir d\u2019aujourd\u2019hui une plateforme de <strong>don en ligne<\/strong> temporaire, <span style=\"color: #ff0000;\"><em><strong>s\u00e9curis\u00e9e<\/strong> <\/em><\/span>et accessible \u00e0 l\u2019adresse : <strong><em><a href=\"https:\/\/quete.catholique.fr\/?reserved_diocese=EVRY&amp;reserved_paroisse=\">quete.catholique.fr<\/a><\/em><\/strong><\/p>\n<p>Vous pouvez aussi aider votre dioc\u00e8se par le denier ; dans ces temps difficiles la g\u00e9n\u00e9rosit\u00e9 doit continuer<strong>\u00a0<a href=\"http:\/\/www.savigny-viry-catholique.fr\/portfolio\/la-generosite-continue\/\"> Voir ici.\u00a0<\/a><\/strong><\/p>\n<p><i>Par avance <\/i><em><strong>MERCI !<\/strong><\/em><\/p>\n<h5 tabindex=\"0\" role=\"textbox\" aria-label=\"R\u00e9digez un titre\u2026\" aria-multiline=\"true\" data-block=\"251dace9-6fe4-4f60-8eb3-6213959cb931\" data-type=\"core\/heading\" data-title=\"Titre\">&#8212;&#8212;&#8212;&#8212;&#8212;&#8212;&#8212;&#8212;&#8212;&#8212;&#8212;&#8212;&#8212;&#8212;&#8212;&#8212;&#8212;&#8212;&#8212;&#8212;&#8212;&#8212;&#8212;&#8212;&#8212;&#8212;&#8212;&#8212;&#8212;&#8212;&#8212;&#8212;-<\/h5>\n<div class=\"main col-lg-9 col-md-8\" role=\"main\">\n<article class=\"post-3048 post type-post status-publish format-standard has-post-thumbnail hentry category-officiel\">\n<div class=\"entry-content\">\n<h5><img loading=\"lazy\" decoding=\"async\" class=\"alignnone  wp-image-3050\" src=\"http:\/\/www.savigny-viry-catholique.fr\/wp-content\/uploads\/2020\/10\/papefrancoisok-300x222.jpg\" alt=\"\" width=\"230\" height=\"157\" \/><\/h5>\n<h5>En cette p\u00e9riode de confinement, la lecture de l&rsquo;encyclique du pape Fran\u00e7ois, &lsquo;Fratelli Tutti&rsquo; est toujours possible et conseill\u00e9e ! Vous pouvez :<\/h5>\n<h5>Lire sur le site du Dioc\u00e8se le \u00a0<a href=\"https:\/\/evry.catholique.fr\/encyclique-du-pape-francois-fratelli-tutti\/\">r\u00e9sum\u00e9 de l\u2019encyclique \u00ab\u00a0Fratelli tutti\u00a0\u00bb<\/a><\/h5>\n<h4>Lire et\/ou t\u00e9l\u00e9charger le\u00a0<a href=\"http:\/\/www.savigny-viry-catholique.fr\/Download\/doc\/20201003_enciclica-fratelli-tutti_pape-Francois.pdf\">texte int\u00e9gral de l\u2019encyclique ici<\/a><\/h4>\n<\/div>\n<\/article>\n<\/div>\n","protected":false},"excerpt":{"rendered":"","protected":false},"author":990003,"featured_media":3486,"comment_status":"closed","ping_status":"closed","sticky":false,"template":"","format":"standard","meta":{"give_campaign_id":0,"footnotes":""},"categories":[1],"tags":[],"class_list":["post-3477","post","type-post","status-publish","format-standard","has-post-thumbnail","hentry","category-uncategorized"],"_links":{"self":[{"href":"https:\/\/demos.uptitude.fr\/savviry1\/wp-json\/wp\/v2\/posts\/3477","targetHints":{"allow":["GET"]}}],"collection":[{"href":"https:\/\/demos.uptitude.fr\/savviry1\/wp-json\/wp\/v2\/posts"}],"about":[{"href":"https:\/\/demos.uptitude.fr\/savviry1\/wp-json\/wp\/v2\/types\/post"}],"author":[{"embeddable":true,"href":"https:\/\/demos.uptitude.fr\/savviry1\/wp-json\/wp\/v2\/users\/990003"}],"replies":[{"embeddable":true,"href":"https:\/\/demos.uptitude.fr\/savviry1\/wp-json\/wp\/v2\/comments?post=3477"}],"version-history":[{"count":0,"href":"https:\/\/demos.uptitude.fr\/savviry1\/wp-json\/wp\/v2\/posts\/3477\/revisions"}],"wp:featuredmedia":[{"embeddable":true,"href":"https:\/\/demos.uptitude.fr\/savviry1\/wp-json\/"}],"wp:attachment":[{"href":"https:\/\/demos.uptitude.fr\/savviry1\/wp-json\/wp\/v2\/media?parent=3477"}],"wp:term":[{"taxonomy":"category","embeddable":true,"href":"https:\/\/demos.uptitude.fr\/savviry1\/wp-json\/wp\/v2\/categories?post=3477"},{"taxonomy":"post_tag","embeddable":true,"href":"https:\/\/demos.uptitude.fr\/savviry1\/wp-json\/wp\/v2\/tags?post=3477"}],"curies":[{"name":"wp","href":"https:\/\/api.w.org\/{rel}","templated":true}]}}