{"id":3510,"date":"2020-12-11T15:39:00","date_gmt":"2020-12-11T15:39:00","guid":{"rendered":"http:\/\/www.savigny-viry-catholique.fr\/?p=3510"},"modified":"2020-12-11T15:39:00","modified_gmt":"2020-12-11T15:39:00","slug":"en-temps-de-confinement-vivre-notre-foi-autrement-4","status":"publish","type":"post","link":"https:\/\/demos.uptitude.fr\/savviry1\/en-temps-de-confinement-vivre-notre-foi-autrement-4\/","title":{"rendered":"EN TEMPS DE CONFINEMENT, VIVRE NOTRE FOI AUTREMENT"},"content":{"rendered":"\n<h5><span style=\"background-color: #ffff00;\">Dimanche 13 D\u00e9cembre 2020 &#8211;\u00a0 3 \u00e8me Dimanche de l&rsquo;Avent &#8211; ann\u00e9e B.<\/span><\/h5>\n<h5>M\u00e9ditation et liturgie familiale, voici des\u00a0 pistes pour vivre notre foi autrement.<\/h5>\n<p><!--more--><\/p>\n<h5>Ainsi, vous trouverez ci apr\u00e8s :\u00a0<\/h5>\n<ul>\n<li><strong> une m\u00e9ditation de l&rsquo;Evangile propos\u00e9e par Yannick Le Nouen , diacre ,\u00a0<\/strong><\/li>\n<li><strong>la proposition du dioc\u00e8se : une liturgie familiale pour ce dimanche\u00a0<\/strong><\/li>\n<li><strong>la possibilit\u00e9 de participer \u00e0 la qu\u00eate<\/strong><\/li>\n<li><span style=\"color: #008000;\"><strong>les horaire de No\u00ebl \u00e0 t\u00e9l\u00e9charger <a href=\"http:\/\/www.savigny-viry-catholique.fr\/Download\/doc\/Horaires%20de%20Noe%CC%88l2020.pdf\">ici\u00a0<\/a> <a href=\"http:\/\/www.savigny-viry-catholique.fr\/Download\/doc\/Horaires%20de%20Noe%CC%88l2020.pdf\"><img decoding=\"async\" class=\"alignnone size-medium wp-image-3580\" src=\"http:\/\/www.savigny-viry-catholique.fr\/wp-content\/uploads\/2020\/12\/bandeauNoel2020-300x83.jpg\" alt=\"\" width=\"300\" height=\"83\" \/><\/a><\/strong><\/span><\/li>\n<\/ul>\n<h5><span style=\"color: #0000ff;\">Notez que vous pouvez suivre en direct,\u00a0 la messe c\u00e9l\u00e9br\u00e9e en l&rsquo;\u00e9glise Ste Th\u00e9r\u00e8se \u00e0 11h00<\/span>\u00a0<\/h5>\n<h5><span style=\"background-color: #ccffff; color: #ff00ff;\"><strong><a href=\"https:\/\/www.youtube.com\/channel\/UCMIMUDEqUCGxHRdxXpvx1Ug\">\u00a0\u00e0 cette adresse :<\/a> <a href=\"https:\/\/www.youtube.com\/channel\/UCMIMUDEqUCGxHRdxXpvx1Ug\"><img decoding=\"async\" class=\"alignnone size-medium wp-image-3190\" src=\"http:\/\/www.savigny-viry-catholique.fr\/wp-content\/uploads\/2020\/10\/ASTSM-TV-300x49.jpg\" alt=\"\" width=\"300\" height=\"49\" \/><\/a><\/strong><\/span><\/h5>\n<h5>&#8212;&#8212;&#8212;&#8212;&#8212;&#8212;&#8212;&#8212;&#8212;&#8212;&#8212;&#8212;&#8212;&#8212;&#8212;&#8212;&#8212;&#8212;&#8212;&#8212;&#8212;&#8212;&#8212;&#8212;&#8212;&#8212;&#8212;&#8212;&#8212;&#8212;&#8212;&#8212;-<\/h5>\n<div dir=\"ltr\">\n<div dir=\"ltr\">\n<h4 style=\"text-align: justify;\"><b>M\u00c9DITATION DE L\u2019EVANGILE DU DIMANCHE 13 D\u00c9CEMBRE<\/b><\/h4>\n<h5 style=\"text-align: justify;\">\u00c9vangile de J\u00e9sus Christ selon selon saint Jean (Jn 1, 6-8.19-28)\u00a0<\/h5>\n<h5 style=\"text-align: justify;\">A la Sainte Catherine, f\u00eat\u00e9e le 25 novembre, \u00ab Tout arbre prend racines \u00bb dit le dicton. Plantons, semons, car \u00ab si le grain de bl\u00e9 tomb\u00e9 en terre ne meurt pas, il reste seul : mais s\u2019il meurt, il porte beaucoup de fruit \u00bb (Jn 12,24) Cet Evangile que nous prenons lors de la pr\u00e9paration des bapt\u00eames des petits enfants avec les parents, peut nous laisser sans voix. Jean-Baptiste est venu comme t\u00e9moin, c\u2019est lui qui porte le flambeau. Cette lumi\u00e8re est semblable \u00e0 celle qu\u2019on se passe lorsque nous faisons une course \u00e0 pied entre les \u00e9quipes. On se passe le relais, le t\u00e9moin. Cette lumi\u00e8re est bien comme Jean-Baptiste dans cet \u00c9vangile, c\u2019est Lui qui passe le t\u00e9moin. Quand Jean-Baptiste dit \u00ab Moi je baptise dans l\u2019eau, mais au milieu de vous se tient celui que vous ne connaissez pas \u00bb. Cette constatation, est celle qui traverse les temps et vient nous interpeller aujourd\u2019hui ; nous devons discerner la pr\u00e9sence du Christ en toute personne humaine ; nous restons souvent aux impressions, aux comparaisons et aux jugements. Cependant Dieu a cr\u00e9\u00e9 l\u2019homme et la femme \u00e0 son image, il s\u2019est d\u00e9voil\u00e9 dans la personne de son Fils. Et cette ann\u00e9e encore malgr\u00e9 la covid 19, nous ne connaissons pas celui qui se tient au milieu de nous, mais l\u2019Esprit du Seigneur est une puissance de vie. Avec Jean-Baptiste il nous pr\u00e9pare le chemin, je dirai m\u00eame plus il nous pr\u00e9pare ses chemins pour \u00e9tablir sa demeure en nous, il vient dresser sa tente au milieu de nous, dans notre c\u0153ur, ce c\u0153ur qu\u2019il nous a donn\u00e9, afin que nous veillons pour ne pas \u00e9teindre l\u2019Esprit qui demeure en chacun de nous. Alors veillons, tenons toujours une lampe allum\u00e9e. No\u00ebl \u00e9tant l\u2019esp\u00e9rance ne l\u2019\u00e9touffons pas, vivons avec la m\u00eame libert\u00e9, avec la m\u00eame joie int\u00e9rieure. Nous aurons nous-aussi comme Jean-Baptiste \u00e0 annoncer le Christ \u00ab lumi\u00e8re int\u00e9rieure \u00bb et \u00e0 signifier qu\u2019Il vient nous rencontrer. Il vient poser sur nous \u00ab son regard de tendresse \u00bb comme il l\u2019a pos\u00e9 sur Jean-Baptiste, mais Jean-Baptiste nous montre son humilit\u00e9 et son service, il ne se sent pas digne de d\u00e9lier la courroie de sa sandale. Que cet Esprit envoy\u00e9 par le P\u00e8re et le Fils, nous donne de relire ensemble nos ann\u00e9es \u00e9coul\u00e9es dans sa propre lumi\u00e8re, celle de l\u2019esp\u00e9rance et le go\u00fbt de vivre de grandes choses \u00e0 la suite de celui qui nous appelle.<\/h5>\n<h5 style=\"text-align: justify;\">Bon Avent et bon No\u00ebl \u00e0 toutes et \u00e0 tous.\u00a0<\/h5>\n<h5>\u00a0<\/h5>\n<h5>+ Diacre Yannick Le Nou\u00ebn +\u00a0<\/h5>\n<\/div>\n<\/div>\n<h5>\u00a0<\/h5>\n<div>\u00a0<\/div>\n<div dir=\"ltr\">\n<div dir=\"ltr\">\n<div style=\"text-align: justify;\"><strong>Pri\u00e8re : Tu le vois, Seigneur, ton peuple se pr\u00e9pare \u00e0 c\u00e9l\u00e9brer la naissance de ton Fils ; dirige notre joie vers la joie d\u2019un si grand myst\u00e8re : pour que nous f\u00eations notre salut avec un c\u0153ur vraiment nouveau. Par J\u00e9sus Christ.\u00a0<\/strong><\/div>\n<\/div>\n<\/div>\n<h5 style=\"text-align: justify;\">\u00a0<\/h5>\n<p><img fetchpriority=\"high\" decoding=\"async\" class=\"size-medium wp-image-3518 alignleft\" src=\"http:\/\/www.savigny-viry-catholique.fr\/wp-content\/uploads\/2020\/12\/ANNEE_B_-_Dessin_Kieffer_pour_le_3eme_dimanche_de_lAvent-300x296.jpg\" alt=\"\" width=\"300\" height=\"296\" \/><strong><span style=\"color: #0000ff;\"><em>Vous pouvez <a href=\"http:\/\/www.savigny-viry-catholique.fr\/Download\/doc\/2020-12-13Meditation-Evangile-YN.pdf\">t\u00e9l\u00e9charger cette m\u00e9ditation ici\u00a0<\/a><\/em><\/span><\/strong><\/p>\n<h5>\u00a0<\/h5>\n<h5>\u00a0<\/h5>\n<h5><em><strong>Relisons le texte pour l\u2019int\u00e9rioriser et l\u2019accueillir \u00e0 notre tour<\/strong><\/em><\/h5>\n<h5><span style=\"color: #ff9900;\"><strong><em>\u00ab Au milieu de vous se tient celui que vous ne connaissez pas&#8230;\u00a0 Je suis la voix de celui qui crie dans le d\u00e9sert \u00bb\u00a0<\/em> \u00a0 \u00a0 \u00a0 \u00a0\u00a0<\/strong><\/span><\/h5>\n<h5>\u00a0<\/h5>\n<h5 style=\"text-align: justify;\"><strong><span style=\"color: #0000ff;\"><em>\u00c9vangile de J\u00e9sus Christ selon saint Jean (1, 6-8. 19-28)<\/em><\/span><\/strong><\/h5>\n<h5 style=\"text-align: justify;\">Il y eut un homme envoy\u00e9 par Dieu ; son nom \u00e9tait Jean. Il est venu comme t\u00e9moin, pour rendre t\u00e9moignage \u00e0 la Lumi\u00e8re, afin que tous croient par lui. Cet homme n\u2019\u00e9tait pas la Lumi\u00e8re, mais il \u00e9tait l\u00e0 pour rendre t\u00e9moignage \u00e0 la Lumi\u00e8re. Voici le t\u00e9moignage de Jean, quand les Juifs lui envoy\u00e8rent de J\u00e9rusalem des pr\u00eatres et des l\u00e9vites pour lui demander :<\/h5>\n<h5 style=\"text-align: justify;\">\u00a0\u00ab Qui es-tu ? \u00bb<\/h5>\n<h5 style=\"text-align: justify;\">Il ne refusa pas de r\u00e9pondre, il d\u00e9clara ouvertement : \u00ab Je ne suis pas le Christ. \u00bb<\/h5>\n<h5 style=\"text-align: justify;\">Ils lui demand\u00e8rent : \u00ab Alors qu\u2019en est-il ? Es-tu le proph\u00e8te \u00c9lie ? \u00bb<\/h5>\n<h5 style=\"text-align: justify;\">Il r\u00e9pondit : \u00ab Je ne le suis pas. \u2013 Es-tu le Proph\u00e8te annonc\u00e9 ? \u00bb Il r\u00e9pondit : \u00ab Non. \u00bb<\/h5>\n<h5 style=\"text-align: justify;\">Alors ils lui dirent : \u00ab Qui es-tu ? Il faut que nous donnions une r\u00e9ponse \u00e0 ceux qui nous ont envoy\u00e9s. Que dis-tu sur toi-m\u00eame ? \u00bb<\/h5>\n<h5 style=\"text-align: justify;\">\u00a0Il r\u00e9pondit : \u00ab Je suis la voix de celui qui crie dans le d\u00e9sert : Redressez le chemin du Seigneur, comme a dit le proph\u00e8te Isa\u00efe. \u00bb<\/h5>\n<h5 style=\"text-align: justify;\">Or, ils avaient \u00e9t\u00e9 envoy\u00e9s de la part des pharisiens. Ils lui pos\u00e8rent encore cette question :<\/h5>\n<h5 style=\"text-align: justify;\">\u00a0\u00ab Pourquoi donc baptises-tu, si tu n\u2019es ni le Christ, ni \u00c9lie, ni le Proph\u00e8te ? \u00bb<\/h5>\n<h5 style=\"text-align: justify;\">Jean leur r\u00e9pondit : \u00ab Moi, je baptise dans l\u2019eau. Mais au milieu de vous se tient celui que vous ne connaissez pas ; c\u2019est lui qui vient derri\u00e8re moi, et je ne suis pas digne de d\u00e9lier la courroie de sa sandale. \u00bb<\/h5>\n<h5 style=\"text-align: justify;\">Cela s\u2019est pass\u00e9 \u00e0 B\u00e9thanie, de l\u2019autre c\u00f4t\u00e9 du Jourdain, \u00e0 l\u2019endroit o\u00f9 Jean baptisait<\/h5>\n<h5>\u00a0<\/h5>\n<hr \/>\n<h4 style=\"text-align: left;\"><img loading=\"lazy\" decoding=\"async\" class=\"wp-image-3520 alignleft\" src=\"http:\/\/www.savigny-viry-catholique.fr\/wp-content\/uploads\/2020\/12\/bible-Avent-300x152.jpg\" alt=\"\" width=\"381\" height=\"193\" \/><\/h4>\n<table style=\"border-collapse: collapse; width: 45.0667%; height: 168px;\">\n<tbody>\n<tr>\n<td style=\"width: 100%;\">\n<h4 style=\"text-align: left;\"><strong><em>Liturgie familiale pour <\/em><em>le<\/em><\/strong><\/h4>\n<h4><strong>dimanche 13 d\u00e9cembre 2020<\/strong><\/h4>\n<h4><strong>3\u00e8me dimanche de l&rsquo;Avent<\/strong><\/h4>\n<\/td>\n<\/tr>\n<\/tbody>\n<\/table>\n<h4 style=\"text-align: center;\"><span style=\"color: #0000ff;\">T\u00e9l\u00e9chargez <a href=\"http:\/\/www.savigny-viry-catholique.fr\/Download\/doc\/2020-12-13Liturgie-familiale-dimanche13decembre.pdf\">le document ici\u00a0<\/a><\/span><\/h4>\n<p>\u00a0<\/p>\n<hr \/>\n<p><strong>CE DIMANCHE SUR FRANCE 2<\/strong><\/p>\n<p><em> <img loading=\"lazy\" decoding=\"async\" class=\"size-medium wp-image-3562 alignright\" src=\"http:\/\/www.savigny-viry-catholique.fr\/wp-content\/uploads\/2020\/12\/France2-300x180.jpg\" alt=\"\" width=\"300\" height=\"180\" \/>Le Jour du Seigneur poursuit son Avent au f\u00e9minin avec ces femmes libres et inspirantes. Ce dimanche, vous en saurez plus sur la figure de la \u00ab\u00a0petite Th\u00e9r\u00e8se\u00a0\u00bb de Lisieux : une grande sainte qui a boulevers\u00e9 l&rsquo;Eglise du 20\u00e8me si\u00e8cle. \u00a0<\/em><\/p>\n<p>\u00a0<\/p>\n<p><strong>10h30 Magazine <\/strong><strong>\u00ab Pourquoi la petite Th\u00e9r\u00e8se nous bouleverse-t-elle encore ? <\/strong>\u00bb\u00a0<\/p>\n<p style=\"text-align: justify;\">Sainte Th\u00e9r\u00e8se de Lisieux est \u00e0 la fois figure d\u2019humilit\u00e9 et docteur de l\u2019\u00c9glise. Depuis son carmel au 20e si\u00e8cle, elle a ouvert une petite voie qui a transform\u00e9 l\u2019\u00c9glise. Pourquoi nous bouleverse-t-elle encore ? Sur le plateau de l\u2019\u00e9mission, David Milliat recevra H\u00e9l\u00e8ne Mongin, \u00e9ditrice et auteur de nombreux ouvrages sur sainte Th\u00e9r\u00e8se et ses parents, Louis et Z\u00e9lie Martin. H\u00e9l\u00e8ne Mongin d\u00e9cryptera la sp\u00e9cificit\u00e9 de la th\u00e9ologie th\u00e9r\u00e9sienne et t\u00e9moignera de sa relation intime \u00e0 cette grande sainte.\u00a0<\/p>\n<hr \/>\n<div class=\"entry-content\">\n<h4><span style=\"color: #ff6600;\"><strong>Les m\u00e9ditations des dimanches pr\u00e9c\u00e9dents\u00a0 :<\/strong><\/span><\/h4>\n<h5>Dimanche 6 d\u00e9cembre 2020 : <a href=\"http:\/\/www.savigny-viry-catholique.fr\/Download\/doc\/2020-12-06MEDITATION-Evangile-DL1.pdf\">M\u00e9ditation propos\u00e9e par Daniel Lambert &#8211; Diacre<\/a><\/h5>\n<h5>Dimanche 29 novembre 2020 : <a href=\"http:\/\/www.savigny-viry-catholique.fr\/Download\/doc\/2020-11-29MEDITATION-PereBoris-Segla.pdf\">M\u00e9ditation propos\u00e9e par le p\u00e8re Boris Segla<\/a><\/h5>\n<h5><strong>Dimanche 22 novembre 2020 : <a href=\"http:\/\/www.savigny-viry-catholique.fr\/Download\/doc\/2020-11-22Meditation-Evangile.pdf\">M\u00e9ditation propos\u00e9e par le p\u00e8re Achille Waffo<\/a><\/strong><\/h5>\n<\/div>\n<footer class=\"single-footer\">\n<h5>Dimanche 15 novembre 2020 : <a href=\"http:\/\/www.savigny-viry-catholique.fr\/Download\/doc\/2020-11-15Meditation-Evangile.pdf\">M\u00e9ditation propos\u00e9e par le p\u00e8re Antoine JOHNSON<\/a><\/h5>\n<h5>Dimanche 8 novembre 2020 : <a href=\"http:\/\/www.savigny-viry-catholique.fr\/Download\/doc\/2020-11-08M\u00e9ditation.pdf\">M\u00e9ditation propos\u00e9e par le p\u00e8re Emmanuel BIDZOGO<\/a><\/h5>\n<p>\u00a0<\/p>\n<\/footer>\n<p>&#8212;&#8212;&#8212;&#8212;&#8212;&#8212;&#8212;&#8212;&#8212;&#8212;&#8212;&#8212;&#8212;&#8212;&#8212;&#8212;&#8212;&#8212;&#8212;&#8212;&#8212;&#8212;&#8212;&#8212;&#8212;&#8212;&#8212;&#8212;&#8212;&#8212;&#8212;&#8212;&#8212;&#8212;&#8212;&#8212;&#8212;&#8212;&#8212;<\/p>\n<h3>N&rsquo;OUBLIEZ PAS LA QU\u00caTE !!!<img loading=\"lazy\" decoding=\"async\" class=\"size-full wp-image-3240 alignright\" src=\"http:\/\/www.savigny-viry-catholique.fr\/wp-content\/uploads\/2020\/11\/quete-en-lignet.jpg\" alt=\"\" width=\"298\" height=\"169\" \/><\/h3>\n<h3><strong>R\u00e9ouverture de la plate-forme\u00a0<em><a href=\"https:\/\/quete.catholique.fr\/?reserved_diocese=EVRY&amp;reserved_paroisse=\">quete.catholique.fr<\/a><\/em><\/strong><\/h3>\n<p>Ce nouveau confinement emp\u00eache de nouveau nombre de catholiques de se rendre aux c\u00e9l\u00e9brations de leur paroisse et ainsi de participer \u00e0 la qu\u00eate. La qu\u00eate, collect\u00e9e chaque dimanche constitue l\u2019une des principales ressources des paroisses et va conna\u00eetre une baisse comme lors du premier confinement.<\/p>\n<p>Comme lors du confinement du printemps dernier, la Conf\u00e9rence des \u00e9v\u00eaques de France met en place \u00e0 partir d\u2019aujourd\u2019hui une plateforme de <strong>don en ligne<\/strong> temporaire, <span style=\"color: #ff0000;\"><em><strong>s\u00e9curis\u00e9e<\/strong> <\/em><\/span>et accessible \u00e0 l\u2019adresse : <strong><em><a href=\"https:\/\/quete.catholique.fr\/?reserved_diocese=EVRY&amp;reserved_paroisse=\">quete.catholique.fr<\/a><\/em><\/strong><\/p>\n<p>Vous pouvez aussi aider votre dioc\u00e8se par le denier ; dans ces temps difficiles la g\u00e9n\u00e9rosit\u00e9 doit continuer<strong>\u00a0<a href=\"http:\/\/www.savigny-viry-catholique.fr\/portfolio\/la-generosite-continue\/\"> Voir ici.\u00a0<\/a><\/strong><\/p>\n<p><i>Par avance <\/i><em><strong>MERCI !<\/strong><\/em><\/p>\n<h5 tabindex=\"0\" role=\"textbox\" aria-label=\"R\u00e9digez un titre\u2026\" aria-multiline=\"true\" data-block=\"251dace9-6fe4-4f60-8eb3-6213959cb931\" data-type=\"core\/heading\" data-title=\"Titre\">&#8212;&#8212;&#8212;&#8212;&#8212;&#8212;&#8212;&#8212;&#8212;&#8212;&#8212;&#8212;&#8212;&#8212;&#8212;&#8212;&#8212;&#8212;&#8212;&#8212;&#8212;&#8212;&#8212;&#8212;&#8212;&#8212;&#8212;&#8212;&#8212;&#8212;&#8212;&#8212;-<\/h5>\n<div class=\"main col-lg-9 col-md-8\" role=\"main\">\n<article class=\"post-3048 post type-post status-publish format-standard has-post-thumbnail hentry category-officiel\">\n<div class=\"entry-content\">\n<h5><img loading=\"lazy\" decoding=\"async\" class=\"alignnone  wp-image-3050\" src=\"http:\/\/www.savigny-viry-catholique.fr\/wp-content\/uploads\/2020\/10\/papefrancoisok-300x222.jpg\" alt=\"\" width=\"230\" height=\"157\" \/><\/h5>\n<h5>En cette p\u00e9riode de confinement, la lecture de l&rsquo;encyclique du pape Fran\u00e7ois, &lsquo;Fratelli Tutti&rsquo; est toujours possible et conseill\u00e9e ! Vous pouvez :<\/h5>\n<h5>Lire sur le site du Dioc\u00e8se le \u00a0<a href=\"https:\/\/evry.catholique.fr\/encyclique-du-pape-francois-fratelli-tutti\/\">r\u00e9sum\u00e9 de l\u2019encyclique \u00ab\u00a0Fratelli tutti\u00a0\u00bb<\/a><\/h5>\n<h4>Lire et\/ou t\u00e9l\u00e9charger le\u00a0<a href=\"http:\/\/www.savigny-viry-catholique.fr\/Download\/doc\/20201003_enciclica-fratelli-tutti_pape-Francois.pdf\">texte int\u00e9gral de l\u2019encyclique ici<\/a><\/h4>\n<\/div>\n<\/article>\n<\/div>\n","protected":false},"excerpt":{"rendered":"","protected":false},"author":990003,"featured_media":3512,"comment_status":"closed","ping_status":"closed","sticky":false,"template":"","format":"standard","meta":{"give_campaign_id":0,"footnotes":""},"categories":[36,1],"tags":[],"class_list":["post-3510","post","type-post","status-publish","format-standard","has-post-thumbnail","hentry","category-fete-rassemblement","category-uncategorized"],"_links":{"self":[{"href":"https:\/\/demos.uptitude.fr\/savviry1\/wp-json\/wp\/v2\/posts\/3510","targetHints":{"allow":["GET"]}}],"collection":[{"href":"https:\/\/demos.uptitude.fr\/savviry1\/wp-json\/wp\/v2\/posts"}],"about":[{"href":"https:\/\/demos.uptitude.fr\/savviry1\/wp-json\/wp\/v2\/types\/post"}],"author":[{"embeddable":true,"href":"https:\/\/demos.uptitude.fr\/savviry1\/wp-json\/wp\/v2\/users\/990003"}],"replies":[{"embeddable":true,"href":"https:\/\/demos.uptitude.fr\/savviry1\/wp-json\/wp\/v2\/comments?post=3510"}],"version-history":[{"count":0,"href":"https:\/\/demos.uptitude.fr\/savviry1\/wp-json\/wp\/v2\/posts\/3510\/revisions"}],"wp:featuredmedia":[{"embeddable":true,"href":"https:\/\/demos.uptitude.fr\/savviry1\/wp-json\/"}],"wp:attachment":[{"href":"https:\/\/demos.uptitude.fr\/savviry1\/wp-json\/wp\/v2\/media?parent=3510"}],"wp:term":[{"taxonomy":"category","embeddable":true,"href":"https:\/\/demos.uptitude.fr\/savviry1\/wp-json\/wp\/v2\/categories?post=3510"},{"taxonomy":"post_tag","embeddable":true,"href":"https:\/\/demos.uptitude.fr\/savviry1\/wp-json\/wp\/v2\/tags?post=3510"}],"curies":[{"name":"wp","href":"https:\/\/api.w.org\/{rel}","templated":true}]}}