{"id":3592,"date":"2020-12-13T15:59:00","date_gmt":"2020-12-13T15:59:00","guid":{"rendered":"http:\/\/www.savigny-viry-catholique.fr\/?p=3592"},"modified":"2020-12-13T15:59:00","modified_gmt":"2020-12-13T15:59:00","slug":"en-temps-de-confinement-vivre-notre-foi-autrement-5","status":"publish","type":"post","link":"https:\/\/demos.uptitude.fr\/savviry1\/en-temps-de-confinement-vivre-notre-foi-autrement-5\/","title":{"rendered":"EN TEMPS DE CONFINEMENT, VIVRE NOTRE FOI AUTREMENT"},"content":{"rendered":"\n<h5><span style=\"background-color: #ffff00;\">Dimanche 20 D\u00e9cembre 2020 &#8211;\u00a0 4 \u00e8me Dimanche de l&rsquo;Avent &#8211; ann\u00e9e B.<\/span><\/h5>\n<h5>M\u00e9ditation et liturgie familiale, voici des\u00a0 pistes pour vivre notre foi autrement.<\/h5>\n<p><!--more--><\/p>\n<h5>Ainsi, vous trouverez ci apr\u00e8s :\u00a0<\/h5>\n<ul>\n<li><strong> une m\u00e9ditation de l&rsquo;Evangile propos\u00e9e par Yannick Le Nouen , diacre ,\u00a0<\/strong><\/li>\n<li><strong>la proposition du dioc\u00e8se : une liturgie familiale pour ce dimanche\u00a0<\/strong><\/li>\n<li><strong>la possibilit\u00e9 de participer \u00e0 la qu\u00eate<\/strong><\/li>\n<li><span style=\"color: #008000;\"><strong>les horaire de No\u00ebl \u00e0 t\u00e9l\u00e9charger <a href=\"http:\/\/www.savigny-viry-catholique.fr\/Download\/doc\/Horaires%20de%20Noe%CC%88l2020.pdf\">ici\u00a0<\/a> <a href=\"http:\/\/www.savigny-viry-catholique.fr\/Download\/doc\/Horaires%20de%20Noe%CC%88l2020.pdf\"><img decoding=\"async\" class=\"alignnone size-medium wp-image-3580\" src=\"http:\/\/www.savigny-viry-catholique.fr\/wp-content\/uploads\/2020\/12\/bandeauNoel2020-300x83.jpg\" alt=\"\" width=\"300\" height=\"83\" \/><\/a><\/strong><\/span><\/li>\n<\/ul>\n<h5><span style=\"color: #0000ff;\">Notez que vous pouvez suivre en direct,\u00a0 la messe c\u00e9l\u00e9br\u00e9e en l&rsquo;\u00e9glise Ste Th\u00e9r\u00e8se \u00e0 11h00<\/span>\u00a0<\/h5>\n<h5><span style=\"background-color: #ccffff; color: #ff00ff;\"><strong><a href=\"https:\/\/www.youtube.com\/channel\/UCMIMUDEqUCGxHRdxXpvx1Ug\">\u00a0\u00e0 cette adresse :<\/a> <a href=\"https:\/\/www.youtube.com\/channel\/UCMIMUDEqUCGxHRdxXpvx1Ug\"><img decoding=\"async\" class=\"alignnone size-medium wp-image-3190\" src=\"http:\/\/www.savigny-viry-catholique.fr\/wp-content\/uploads\/2020\/10\/ASTSM-TV-300x49.jpg\" alt=\"\" width=\"300\" height=\"49\" \/><\/a><\/strong><\/span><\/h5>\n<h5>&#8212;&#8212;&#8212;&#8212;&#8212;&#8212;&#8212;&#8212;&#8212;&#8212;&#8212;&#8212;&#8212;&#8212;&#8212;&#8212;&#8212;&#8212;&#8212;&#8212;&#8212;&#8212;&#8212;&#8212;&#8212;&#8212;&#8212;&#8212;&#8212;&#8212;&#8212;&#8212;-<\/h5>\n<div dir=\"ltr\">\n<div dir=\"ltr\">\n<h4 style=\"text-align: justify;\"><b>M\u00c9DITATION DE L\u2019EVANGILE DU DIMANCHE 20 D\u00c9CEMBRE<\/b><\/h4>\n<h4><strong><u>L&rsquo;ACTUALIT\u00c9 \u00c9TERNELLE DE L&rsquo;ANNONCIATION.<\/u><\/strong><\/h4>\n<h5 style=\"text-align: justify;\">Comment entendre aujourd&rsquo;hui l&rsquo;Annonce de l&rsquo;Ange Gabriel faite \u00e0 Marie ?<\/h5>\n<h5 style=\"text-align: justify;\">Nous savons que notre soci\u00e9t\u00e9, totalement fascin\u00e9e par le progr\u00e8s scientifique, peut maintenant confier son destin \u00e0 l&rsquo;enfantement virginal.<\/h5>\n<h5 style=\"text-align: justify;\">Mais plus le voile de l&rsquo;ignorance se d\u00e9chire, plus le Monde s&rsquo;interroge (plus ou moins consciemment) sur le sens de ce d\u00e9passement des limites.<\/h5>\n<h5 style=\"text-align: justify;\">R\u00e9jouissons-nous des progr\u00e8s scientifiques et de voir un chemin s&rsquo;ouvrir par nos propres forces. Cependant nous pouvons nous effrayer de constater que ce m\u00eame chemin se referme \u00e0 notre insu, derri\u00e8re nous. Nous risquons ainsi de perdre la trace&#8230; Nous risquons de nous perdre, d&rsquo;oublier qui nous sommes.<\/h5>\n<h5 style=\"text-align: justify;\">En v\u00e9rit\u00e9, les \u00c9vangiles restent et demeurent un tr\u00e9sor vital pour l&rsquo;Homme dans sa qu\u00eate de sens et de traces. Non pas comme une boussole qui montrerait le nord, mais comme un fil conducteur, une marque de confiance dans ce qui nous d\u00e9passera toujours : l&rsquo;ouverture de la pens\u00e9e vers l&rsquo;ailleurs, vers le monde \u00e0 venir.<\/h5>\n<h5 style=\"text-align: justify;\">Voici l&rsquo;Annonciation qui r\u00e9v\u00e8le \u00e9ternellement la vanit\u00e9 du sentiment de toute puissance, notamment dans la ma\u00eetrise tant du d\u00e9but que de la fin de la vie.<\/h5>\n<h5 style=\"text-align: justify;\">La lecture biblique nous propose un autre regard sur ce monde. L&rsquo;Annonciation nous invite \u00e0 choisir l&rsquo;Esp\u00e9rance qui s&rsquo;oppose au pr\u00e9sent obsessionnel de la science au service de la toute puissance de l&rsquo;Homme.<\/h5>\n<h5 style=\"text-align: justify;\">L&rsquo;homme qui croit s&rsquo;affranchir de son destin en le provoquant ou en pensant le maitriser, perd cette richesse de la Bonne Nouvelle, toujours tourn\u00e9e vers le Christ.<\/h5>\n<h5 style=\"text-align: justify;\">Ainsi, nous savons que la science peut d\u00e9senchanter le monde. De m\u00eame, nous ne pouvons pas ignorer que la religion peut courir le risque de se raidir dans une tradition immobile ou de s&rsquo;aventurer dans une pseudo modernit\u00e9, g\u00e9n\u00e9ratrice d&rsquo;un syncr\u00e9tisme qui se voudrait rassurant mais oublieux du Christ.<\/h5>\n<h5 style=\"text-align: justify;\">Or le Christ attend toujours notre disponibilit\u00e9, Il attend que nous lui ouvrions la porte, Il attend que nous reprenions toujours \u00e0 notre compte le \u00ab\u00a0OUI\u00a0\u00bb de Marie.<\/h5>\n<h5 style=\"text-align: justify;\">Ce OUI peut \u00eatre encore celui d&rsquo;une humanit\u00e9 reconnaissante de se savoir aim\u00e9e, libre d&rsquo;accepter Son Amour&#8230; Ce OUI demeure pour nous le OUI de notre libert\u00e9 qui coop\u00e8re \u00e0 la gr\u00e2ce de Dieu pr\u00e9sent en nous.<\/h5>\n<h5 style=\"text-align: justify;\">Dans tous nos choix, dans toutes nos d\u00e9cisions difficiles, le OUI de Marie nous indique, aujourd&rsquo;hui encore et toujours, le chemin \u00e0 suivre : celui du Christ, Prince de la Paix.<\/h5>\n<h5><span style=\"color: #3366ff;\"><strong><em>Marie, ton OUI garde mes pas.\u00a0 \u00a0 \u00a0 \u00a0 \u00a0 \u00a0 \u00a0 \u00a0 \u00a0 \u00a0 \u00a0 \u00a0 \u00a0 \u00a0 \u00a0Marie, ton OUI soutient ma foi.<\/em><\/strong><\/span><\/h5>\n<h5><span style=\"color: #3366ff;\"><strong><em>Dis-lui mes peines sur la route :\u00a0 \u00a0 \u00a0 \u00a0 \u00a0 \u00a0 \u00a0 \u00a0 \u00a0 \u00a0 \u00a0 \u00a0 \u00a0 Dis-lui mes craintes et mes doutes<\/em><\/strong><\/span><\/h5>\n<h5><span style=\"color: #3366ff;\"><strong><em>Marie interc\u00e8de pour moi !\u00a0 \u00a0 \u00a0 \u00a0 \u00a0 \u00a0 \u00a0 \u00a0 \u00a0 \u00a0 \u00a0 \u00a0 \u00a0 \u00a0 \u00a0 \u00a0 \u00a0 \u00a0 Marie interc\u00e8de pour moi !<\/em><\/strong><\/span><\/h5>\n<p>\u00a0<\/p>\n<h5><span style=\"color: #3366ff;\"><strong><em>Marie, ton OUI garde ma joie.\u00a0 \u00a0 \u00a0 \u00a0 \u00a0 \u00a0 \u00a0 \u00a0 \u00a0 \u00a0 \u00a0 \u00a0 \u00a0 \u00a0 \u00a0 \u00a0Marie, ton OUI me fortifie<\/em><\/strong><\/span><\/h5>\n<h5><span style=\"color: #3366ff;\"><strong><em>Dis-lui toute ma fid\u00e9lit\u00e9 :\u00a0 \u00a0 \u00a0 \u00a0 \u00a0 \u00a0 \u00a0 \u00a0 \u00a0 \u00a0 \u00a0 \u00a0 \u00a0 \u00a0 \u00a0 \u00a0 \u00a0 \u00a0 \u00a0 \u00a0Dis-lui ma confiance, mon espoir<\/em><\/strong><\/span><\/h5>\n<h5><span style=\"color: #3366ff;\"><strong><em>Marie interc\u00e8de pour moi !\u00a0 \u00a0 \u00a0 \u00a0 \u00a0 \u00a0 \u00a0 \u00a0 \u00a0 \u00a0 \u00a0 \u00a0 \u00a0 \u00a0 \u00a0 \u00a0 \u00a0 \u00a0 \u00a0Marie interc\u00e8de pour moi !<\/em><\/strong><\/span><\/h5>\n<h5>\u00a0<\/h5>\n<h5>+ Diacre Jean Doussint +\u00a0<\/h5>\n<\/div>\n<\/div>\n<figure id=\"attachment_3588\" aria-describedby=\"caption-attachment-3588\" style=\"width: 289px\" class=\"wp-caption alignleft\"><img fetchpriority=\"high\" decoding=\"async\" class=\"wp-image-3588\" src=\"http:\/\/www.savigny-viry-catholique.fr\/wp-content\/uploads\/2020\/12\/Annonciation-copie2-171x300.jpg\" alt=\"\" width=\"289\" height=\"484\" \/><figcaption id=\"caption-attachment-3588\" class=\"wp-caption-text\">Annonciation &#8211; Eglise San Fermo &#8211; V\u00e9rone &#8211; Photo BW<\/figcaption><\/figure>\n<p><strong><span style=\"color: #0000ff;\"><em>Vous pouvez <a href=\"http:\/\/www.savigny-viry-catholique.fr\/Download\/doc\/ANNONCIATION-JDoussint.pdf\">t\u00e9l\u00e9charger cette m\u00e9ditation ici\u00a0<\/a><\/em><\/span><\/strong><\/p>\n<h5>\u00a0<\/h5>\n<h5>\u00a0<\/h5>\n<p>\u00a0<\/p>\n<h5><em><strong>Relisons le texte pour l\u2019int\u00e9rioriser et l\u2019accueillir \u00e0 notre tour<\/strong><\/em><\/h5>\n<h4><span style=\"color: #ff9900;\"><strong><span style=\"color: #ff6600;\"><em>\u00ab Voici que tu vas concevoir et enfanter un fils \u00bb\u00a0<\/em> \u00a0 <\/span>\u00a0 \u00a0 \u00a0\u00a0<\/strong><\/span><\/h4>\n<h5>\u00a0<\/h5>\n<h5>\u00a0<\/h5>\n<h5>\u00a0<\/h5>\n<h5>\u00a0<\/h5>\n<h5 style=\"text-align: justify;\"><strong><span style=\"color: #0000ff;\"><em>\u00c9vangile de J\u00e9sus Christ selon saint Luc (1, 26-38)<\/em><\/span><\/strong><\/h5>\n<h5 style=\"text-align: justify;\">En ce temps-l\u00e0, l\u2019ange Gabriel fut envoy\u00e9 par Dieu dans une ville de Galil\u00e9e, appel\u00e9e Nazareth, \u00e0 une jeune fille vierge, accord\u00e9e en mariage \u00e0 un homme de la maison de David, appel\u00e9 Joseph ; et le nom de la jeune fille \u00e9tait Marie. L\u2019ange entra chez elle et dit : \u00ab Je te salue, Combl\u00e9e-de-gr\u00e2ce, le Seigneur est avec toi. \u00bb \u00c0 cette parole, elle fut toute boulevers\u00e9e, et elle se demandait ce que pouvait signifier cette salutation. L\u2019ange lui dit alors : \u00ab Sois sans crainte, Marie, car tu as trouv\u00e9 gr\u00e2ce aupr\u00e8s de Dieu. Voici que tu vas concevoir et enfanter un fils ; tu lui donneras le nom de J\u00e9sus. Il sera grand, il sera appel\u00e9 Fils du Tr\u00e8s-Haut ; le Seigneur Dieu lui donnera le tr\u00f4ne de David son p\u00e8re ; il r\u00e9gnera pour toujours sur la maison de Jacob, et son r\u00e8gne n\u2019aura pas de fin. \u00bb Marie dit \u00e0 l\u2019ange : \u00ab Comment cela va-t-il se faire, puisque je ne connais pas d\u2019homme ? \u00bb L\u2019ange lui r\u00e9pondit : \u00ab L\u2019Esprit Saint viendra sur toi, et la puissance du Tr\u00e8s-Haut te prendra sous son ombre ; c\u2019est pourquoi celui qui va na\u00eetre sera saint, il sera appel\u00e9 Fils de Dieu. Or voici que, dans sa vieillesse, \u00c9lisabeth, ta parente, a con\u00e7u, elle aussi, un fils et en est \u00e0 son sixi\u00e8me mois, alors qu\u2019on l\u2019appelait la femme st\u00e9rile. Car rien n\u2019est impossible \u00e0 Dieu. \u00bb Marie dit alors : \u00ab Voici la servante du Seigneur ; que tout m\u2019advienne selon ta parole. \u00bb Alors l\u2019ange la quitta.<\/h5>\n<hr \/>\n<h4 style=\"text-align: left;\"><img loading=\"lazy\" decoding=\"async\" class=\"size-medium wp-image-3589 alignleft\" src=\"http:\/\/www.savigny-viry-catholique.fr\/wp-content\/uploads\/2020\/12\/Avent-dimanche4-300x236.jpg\" alt=\"\" width=\"300\" height=\"236\" \/><\/h4>\n<table style=\"border-collapse: collapse; width: 45.0667%; height: 168px;\">\n<tbody>\n<tr>\n<td style=\"width: 100%;\">\n<h4><strong><em>Liturgie familiale pour <\/em><em>le<\/em><\/strong><\/h4>\n<h4><strong>dimanche 20 d\u00e9cembre 2020<\/strong><\/h4>\n<h4><strong>4\u00e8me dimanche de l&rsquo;Avent<\/strong><\/h4>\n<\/td>\n<\/tr>\n<\/tbody>\n<\/table>\n<h4 style=\"text-align: center;\"><a href=\"http:\/\/www.savigny-viry-catholique.fr\/Download\/doc\/2020-12-20Liturgie-familiale-dimanche20decembre.pdf\"><span style=\"color: #0000ff;\">T\u00e9l\u00e9chargez le document ici\u00a0<\/span><\/a><\/h4>\n<p>\u00a0<\/p>\n<hr \/>\n<p style=\"text-align: justify;\">\u00a0<\/p>\n<hr \/>\n<div class=\"entry-content\">\n<h4><span style=\"color: #ff6600;\"><strong>Les m\u00e9ditations des dimanches pr\u00e9c\u00e9dents\u00a0 :<\/strong><\/span><\/h4>\n<h5><strong>Dimanche 13 d\u00e9cembre 2020 : <a href=\"http:\/\/www.savigny-viry-catholique.fr\/Download\/doc\/2020-12-13Meditation-Evangile-YN.pdf\">M\u00e9ditation propos\u00e9e par Yannick Le Nouen &#8211; Diacre<\/a><\/strong><\/h5>\n<h5>Dimanche 6 d\u00e9cembre 2020 : <a href=\"http:\/\/www.savigny-viry-catholique.fr\/Download\/doc\/2020-12-06MEDITATION-Evangile-DL1.pdf\">M\u00e9ditation propos\u00e9e par Daniel Lambert &#8211; Diacre<\/a><\/h5>\n<h5>Dimanche 29 novembre 2020 : <a href=\"http:\/\/www.savigny-viry-catholique.fr\/Download\/doc\/2020-11-29MEDITATION-PereBoris-Segla.pdf\">M\u00e9ditation propos\u00e9e par le p\u00e8re Boris Segla<\/a><\/h5>\n<h5><strong>Dimanche 22 novembre 2020 : <a href=\"http:\/\/www.savigny-viry-catholique.fr\/Download\/doc\/2020-11-22Meditation-Evangile.pdf\">M\u00e9ditation propos\u00e9e par le p\u00e8re Achille Waffo<\/a><\/strong><\/h5>\n<\/div>\n<footer class=\"single-footer\">\n<h5>Dimanche 15 novembre 2020 : <a href=\"http:\/\/www.savigny-viry-catholique.fr\/Download\/doc\/2020-11-15Meditation-Evangile.pdf\">M\u00e9ditation propos\u00e9e par le p\u00e8re Antoine JOHNSON<\/a><\/h5>\n<h5>Dimanche 8 novembre 2020 : <a href=\"http:\/\/www.savigny-viry-catholique.fr\/Download\/doc\/2020-11-08M\u00e9ditation.pdf\">M\u00e9ditation propos\u00e9e par le p\u00e8re Emmanuel BIDZOGO<\/a><\/h5>\n<p>\u00a0<\/p>\n<\/footer>\n<p>&#8212;&#8212;&#8212;&#8212;&#8212;&#8212;&#8212;&#8212;&#8212;&#8212;&#8212;&#8212;&#8212;&#8212;&#8212;&#8212;&#8212;&#8212;&#8212;&#8212;&#8212;&#8212;&#8212;&#8212;&#8212;&#8212;&#8212;&#8212;&#8212;&#8212;&#8212;&#8212;&#8212;&#8212;&#8212;&#8212;&#8212;&#8212;&#8212;<\/p>\n<h3>N&rsquo;OUBLIEZ PAS LA QU\u00caTE !!!<img loading=\"lazy\" decoding=\"async\" class=\"size-full wp-image-3240 alignright\" src=\"http:\/\/www.savigny-viry-catholique.fr\/wp-content\/uploads\/2020\/11\/quete-en-lignet.jpg\" alt=\"\" width=\"298\" height=\"169\" \/><\/h3>\n<h3><strong>R\u00e9ouverture de la plate-forme\u00a0<em><a href=\"https:\/\/quete.catholique.fr\/?reserved_diocese=EVRY&amp;reserved_paroisse=\">quete.catholique.fr<\/a><\/em><\/strong><\/h3>\n<p>Ce nouveau confinement emp\u00eache de nouveau nombre de catholiques de se rendre aux c\u00e9l\u00e9brations de leur paroisse et ainsi de participer \u00e0 la qu\u00eate. La qu\u00eate, collect\u00e9e chaque dimanche constitue l\u2019une des principales ressources des paroisses et va conna\u00eetre une baisse comme lors du premier confinement.<\/p>\n<p>Comme lors du confinement du printemps dernier, la Conf\u00e9rence des \u00e9v\u00eaques de France met en place \u00e0 partir d\u2019aujourd\u2019hui une plateforme de <strong>don en ligne<\/strong> temporaire, <span style=\"color: #ff0000;\"><em><strong>s\u00e9curis\u00e9e<\/strong> <\/em><\/span>et accessible \u00e0 l\u2019adresse : <strong><em><a href=\"https:\/\/quete.catholique.fr\/?reserved_diocese=EVRY&amp;reserved_paroisse=\">quete.catholique.fr<\/a><\/em><\/strong><\/p>\n<p>Vous pouvez aussi aider votre dioc\u00e8se par le denier ; dans ces temps difficiles la g\u00e9n\u00e9rosit\u00e9 doit continuer<strong>\u00a0<a href=\"http:\/\/www.savigny-viry-catholique.fr\/portfolio\/la-generosite-continue\/\"> Voir ici.\u00a0<\/a><\/strong><\/p>\n<p><i>Par avance <\/i><em><strong>MERCI !<\/strong><\/em><\/p>\n<h5 tabindex=\"0\" role=\"textbox\" aria-label=\"R\u00e9digez un titre\u2026\" aria-multiline=\"true\" data-block=\"251dace9-6fe4-4f60-8eb3-6213959cb931\" data-type=\"core\/heading\" data-title=\"Titre\">&#8212;&#8212;&#8212;&#8212;&#8212;&#8212;&#8212;&#8212;&#8212;&#8212;&#8212;&#8212;&#8212;&#8212;&#8212;&#8212;&#8212;&#8212;&#8212;&#8212;&#8212;&#8212;&#8212;&#8212;&#8212;&#8212;&#8212;&#8212;&#8212;&#8212;&#8212;&#8212;-<\/h5>\n<div class=\"main col-lg-9 col-md-8\" role=\"main\">\n<article class=\"post-3048 post type-post status-publish format-standard has-post-thumbnail hentry category-officiel\">\n<div class=\"entry-content\">\n<h5><img loading=\"lazy\" decoding=\"async\" class=\"alignnone  wp-image-3050\" src=\"http:\/\/www.savigny-viry-catholique.fr\/wp-content\/uploads\/2020\/10\/papefrancoisok-300x222.jpg\" alt=\"\" width=\"230\" height=\"157\" \/><\/h5>\n<h5>En cette p\u00e9riode de confinement, la lecture de l&rsquo;encyclique du pape Fran\u00e7ois, &lsquo;Fratelli Tutti&rsquo; est toujours possible et conseill\u00e9e ! Vous pouvez :<\/h5>\n<h5>Lire sur le site du Dioc\u00e8se le \u00a0<a href=\"https:\/\/evry.catholique.fr\/encyclique-du-pape-francois-fratelli-tutti\/\">r\u00e9sum\u00e9 de l\u2019encyclique \u00ab\u00a0Fratelli tutti\u00a0\u00bb<\/a><\/h5>\n<h4>Lire et\/ou t\u00e9l\u00e9charger le\u00a0<a href=\"http:\/\/www.savigny-viry-catholique.fr\/Download\/doc\/20201003_enciclica-fratelli-tutti_pape-Francois.pdf\">texte int\u00e9gral de l\u2019encyclique ici<\/a><\/h4>\n<\/div>\n<\/article>\n<\/div>\n","protected":false},"excerpt":{"rendered":"","protected":false},"author":990003,"featured_media":3590,"comment_status":"closed","ping_status":"closed","sticky":false,"template":"","format":"standard","meta":{"give_campaign_id":0,"footnotes":""},"categories":[36,1],"tags":[],"class_list":["post-3592","post","type-post","status-publish","format-standard","has-post-thumbnail","hentry","category-fete-rassemblement","category-uncategorized"],"_links":{"self":[{"href":"https:\/\/demos.uptitude.fr\/savviry1\/wp-json\/wp\/v2\/posts\/3592","targetHints":{"allow":["GET"]}}],"collection":[{"href":"https:\/\/demos.uptitude.fr\/savviry1\/wp-json\/wp\/v2\/posts"}],"about":[{"href":"https:\/\/demos.uptitude.fr\/savviry1\/wp-json\/wp\/v2\/types\/post"}],"author":[{"embeddable":true,"href":"https:\/\/demos.uptitude.fr\/savviry1\/wp-json\/wp\/v2\/users\/990003"}],"replies":[{"embeddable":true,"href":"https:\/\/demos.uptitude.fr\/savviry1\/wp-json\/wp\/v2\/comments?post=3592"}],"version-history":[{"count":0,"href":"https:\/\/demos.uptitude.fr\/savviry1\/wp-json\/wp\/v2\/posts\/3592\/revisions"}],"wp:featuredmedia":[{"embeddable":true,"href":"https:\/\/demos.uptitude.fr\/savviry1\/wp-json\/"}],"wp:attachment":[{"href":"https:\/\/demos.uptitude.fr\/savviry1\/wp-json\/wp\/v2\/media?parent=3592"}],"wp:term":[{"taxonomy":"category","embeddable":true,"href":"https:\/\/demos.uptitude.fr\/savviry1\/wp-json\/wp\/v2\/categories?post=3592"},{"taxonomy":"post_tag","embeddable":true,"href":"https:\/\/demos.uptitude.fr\/savviry1\/wp-json\/wp\/v2\/tags?post=3592"}],"curies":[{"name":"wp","href":"https:\/\/api.w.org\/{rel}","templated":true}]}}