{"id":3684,"date":"2020-12-21T23:01:00","date_gmt":"2020-12-21T23:01:00","guid":{"rendered":"https:\/\/www.savigny-viry-catholique.fr\/?p=3684"},"modified":"2020-12-21T23:01:00","modified_gmt":"2020-12-21T23:01:00","slug":"en-ce-temps-de-noel-vivre-notre-foi-autrement","status":"publish","type":"post","link":"https:\/\/demos.uptitude.fr\/savviry1\/en-ce-temps-de-noel-vivre-notre-foi-autrement\/","title":{"rendered":"EN CE TEMPS DE NO\u00cbL, VIVRE NOTRE FOI AUTREMENT"},"content":{"rendered":"\n<p>\u00a0<\/p>\n<h5><span style=\"background-color: #ffff00; color: #0000ff;\">Dimanche 27 D\u00e9cembre 2020 &#8211;\u00a0 Dimanche de la Sainte Famille &#8211; ann\u00e9e B.<\/span><\/h5>\n<h5>Textes \u00e0 m\u00e9diter, Liturgie familiale, voici des\u00a0 pistes pour vivre notre foi autrement.<\/h5>\n<p><!--more--><\/p>\n<h5>Ainsi, vous trouverez ci apr\u00e8s :\u00a0<\/h5>\n<ul>\n<li><strong> le message de fin d&rsquo;ann\u00e9e du P\u00e8re Emmanuel Bidzogo ,\u00a0\u00a0<\/strong><\/li>\n<li><strong>la proposition du dioc\u00e8se : une liturgie familiale pour ce dimanche\u00a0<\/strong><\/li>\n<li><strong>la possibilit\u00e9 de participer \u00e0 la qu\u00eate <\/strong><\/li>\n<li><strong>le message du pape pour le 1er janvier 2021<\/strong><\/li>\n<li><span style=\"color: #008000;\"><strong>les horaire du Nouvel AN \u00e0 t\u00e9l\u00e9charger <a href=\"http:\/\/www.savigny-viry-catholique.fr\/Download\/doc\/Horaires%20de%20Noe%CC%88l2020.pdf\">ici\u00a0<\/a> <a href=\"http:\/\/www.savigny-viry-catholique.fr\/Download\/doc\/Horaires%20de%20Noe%CC%88l2020.pdf\"><img decoding=\"async\" class=\"alignnone size-medium wp-image-3580\" src=\"http:\/\/www.savigny-viry-catholique.fr\/wp-content\/uploads\/2020\/12\/bandeauNoel2020-300x83.jpg\" alt=\"\" width=\"300\" height=\"83\" \/><\/a><\/strong><\/span><\/li>\n<\/ul>\n<h5><span style=\"color: #0000ff;\">Notez que vous pouvez suivre en direct,\u00a0 la messe c\u00e9l\u00e9br\u00e9e en l&rsquo;\u00e9glise Ste Th\u00e9r\u00e8se \u00e0 11h00<\/span>\u00a0<\/h5>\n<h5><span style=\"background-color: #ccffff; color: #ff00ff;\"><strong><a href=\"https:\/\/www.youtube.com\/channel\/UCMIMUDEqUCGxHRdxXpvx1Ug\">\u00a0\u00e0 cette adresse :<\/a> <a href=\"https:\/\/www.youtube.com\/channel\/UCMIMUDEqUCGxHRdxXpvx1Ug\"><img decoding=\"async\" class=\"alignnone size-medium wp-image-3190\" src=\"http:\/\/www.savigny-viry-catholique.fr\/wp-content\/uploads\/2020\/10\/ASTSM-TV-300x49.jpg\" alt=\"\" width=\"300\" height=\"49\" \/><\/a><\/strong><\/span><\/h5>\n<h5>&#8212;&#8212;&#8212;&#8212;&#8212;&#8212;&#8212;&#8212;&#8212;&#8212;&#8212;&#8212;&#8212;&#8212;&#8212;&#8212;&#8212;&#8212;&#8212;&#8212;&#8212;&#8212;&#8212;&#8212;&#8212;&#8212;&#8212;&#8212;&#8212;&#8212;&#8212;&#8212;-<\/h5>\n<div dir=\"ltr\">\n<div dir=\"ltr\">\n<h4>MESSAGE DU PERE EMMANUEL BIDZOGO, RESPONSABLE DU SECTEUR PASTORAL SAVIGNY-VIRY\u00a0\u00a0<\/h4>\n<h4><span style=\"color: #0000ff;\"><strong>Meilleurs V\u0153ux de sant\u00e9 et de bonheur pour 2021\u00a0!<\/strong><\/span><\/h4>\n<h5 style=\"text-align: justify;\"><em><strong>Tout le monde conc\u00e8de que l\u2019ann\u00e9e 2020 n\u2019a pas \u00e9t\u00e9 facile. Un euph\u00e9misme\u00a0! Elle nous aura cependant appris autant que possible, l\u2019humilit\u00e9 et la simplicit\u00e9 dans les relations humaines.<\/strong><\/em><\/h5>\n<h5 style=\"text-align: justify;\"><em><strong>Le pari est que l\u2019ann\u00e9e 2021 nous ouvre une bouff\u00e9e d\u2019air nouveau sans n\u00e9cessairement revenir exactement au monde d\u2019avant quant \u00e0 la mani\u00e8re de vivre. Les le\u00e7ons apprises devraient nous aider \u00e0 soigner notre mode de relation au monde et entre nous, dans le sens d\u2019une qualit\u00e9 de vie moins polluante et respectueuse des \u00e9quilibres des \u00e9cosyst\u00e8mes.<\/strong><\/em><\/h5>\n<h5 style=\"text-align: justify;\"><em><strong>La tradition biblique nous enseigne que la cr\u00e9ation forme un tout dont les composants sont interd\u00e9pendants dans la grande constellation du cosmos. En r\u00e9alit\u00e9, c\u2019est dans cette interd\u00e9pendance que doit se comprendre la n\u00e9cessit\u00e9 d\u2019une culture de relation, celle qui marque et oriente les relations humaines. Ne jamais oublier que l\u2019homme fait partie du cosmos, il est un \u00eatre de relation ou si l\u2019on veut un \u00eatre social. Il ne se r\u00e9alise pas isol\u00e9ment.<\/strong><\/em><\/h5>\n<h5 style=\"text-align: justify;\"><em><strong>Puissions-nous entrer dans une nouvelle ann\u00e9e avec le d\u00e9sir d\u2019une lumi\u00e8re \u00e9clatante de bonheur, capable de renouveler et d\u2019enrichir nos relations\u00a0! Notre Dieu n\u2019est-il pas relation en lui-m\u00eame\u00a0par le myst\u00e8re de la Trinit\u00e9\u00a0?<\/strong><\/em><\/h5>\n<h5 style=\"text-align: justify;\"><em><strong>Pour nous chr\u00e9tiens, la lumi\u00e8re \u00e9clatante de bonheur est r\u00e9alis\u00e9e \u00e0 la nuit de No\u00ebl par la venue dans notre histoire humaine de J\u00e9sus le Christ, le sauveur. Il est le Prince de la Paix de Dieu.<\/strong><\/em><\/h5>\n<h5 style=\"text-align: justify;\"><em><strong>Le premier jour de l\u2019An, tout en c\u00e9l\u00e9brant Marie M\u00e8re de Dieu, l\u2019\u00c9glise prie pour qu\u2019advienne la Paix dans notre monde. Le message du pape Fran\u00e7ois dans ce sens invite \u00e0 promouvoir une culture du \u00ab\u00a0soin des plus fragiles\u00a0\u00bb d\u2019entre nous (Message pour le 1<sup>er<\/sup> janvier 2021; <a href=\"http:\/\/www.savigny-viry-catholique.fr\/Download\/doc\/MESSAGE-DU-PAPE-Paix-2021.pdf\">\u00e0 t\u00e9l\u00e9charger ici)<\/a>.<\/strong><\/em><\/h5>\n<h5 style=\"text-align: justify;\"><em><strong>Que l\u2019ann\u00e9e 2021 soit une ann\u00e9e de sant\u00e9 et de bonheur\u00a0! Sant\u00e9 physique, sant\u00e9 morale et sant\u00e9 spirituelle. Tels sont les v\u0153ux que je formule pour chacune et pour chacun.<\/strong><\/em><\/h5>\n<h5><em><strong>Bonne ann\u00e9e 2021\u00a0!<\/strong><\/em><\/h5>\n<h5><em><strong><img decoding=\"async\" class=\"wp-image-2970 alignleft\" src=\"https:\/\/www.savigny-viry-catholique.fr\/wp-content\/uploads\/2020\/09\/BIDZOGO-V1-284x300.jpg\" alt=\"\" width=\"159\" height=\"189\" \/>P\u00e8re Emmanuel BIDZOGO<\/strong><\/em><\/h5>\n<h5><em><strong>Responsable du Secteur pastoral Savigny-Viry<\/strong><\/em><\/h5>\n<h4>\u00a0<\/h4>\n<p><strong>\u00a0<span style=\"color: #0000ff;\">Le message ci-dessus est <a href=\"http:\/\/www.savigny-viry-catholique.fr\/Download\/doc\/Edito-fetes-fin-annee-voeux-2021.pdf\">t\u00e9l\u00e9chargeable ici<\/a><\/span><\/strong><\/p>\n<p><strong>Vous pouvez <a href=\"https:\/\/www.dailymotion.com\/video\/x7ybtf6\">voir ici la vid\u00e9o de l&rsquo;hom\u00e9lie du P\u00e8re Emmanuel<\/a> <a href=\"https:\/\/www.dailymotion.com\/video\/x7ybtf6\"><img loading=\"lazy\" decoding=\"async\" class=\"wp-image-3758 alignright\" src=\"https:\/\/www.savigny-viry-catholique.fr\/wp-content\/uploads\/2020\/12\/Homelie-2020-12-25-300x173.jpg\" alt=\"\" width=\"177\" height=\"102\" \/><\/a>lors de la messe du Jour de No\u00ebl 2020<\/strong><\/p>\n<p>\u00a0<\/p>\n<\/div>\n<\/div>\n<hr \/>\n<h4 style=\"text-align: left;\"><img loading=\"lazy\" decoding=\"async\" class=\"size-medium wp-image-3687 alignleft\" src=\"https:\/\/www.savigny-viry-catholique.fr\/wp-content\/uploads\/2020\/12\/Sainte-famille-icone-205x300.jpg\" alt=\"\" width=\"205\" height=\"300\" \/><\/h4>\n<table style=\"border-collapse: collapse; width: 67.0667%; height: 193px;\">\n<tbody>\n<tr>\n<td style=\"width: 100%;\">\n<h4 style=\"text-align: left;\"><strong><em>Liturgie familiale pour <\/em><em>le<\/em><\/strong><\/h4>\n<h4 style=\"text-align: left;\"><strong>dimanche 27 d\u00e9cembre 2020<\/strong><\/h4>\n<h4 style=\"text-align: left;\"><strong>F\u00eate de la Sainte Famille<\/strong><\/h4>\n<\/td>\n<\/tr>\n<\/tbody>\n<\/table>\n<h4 style=\"text-align: center;\"><span style=\"color: #0000ff;\">T\u00e9l\u00e9chargez le <a href=\"http:\/\/www.savigny-viry-catholique.fr\/Download\/doc\/2020-12-27Liturgie-familiale-dimanche27dec.pdf\">document ici\u00a0<\/a><\/span><\/h4>\n<p>\u00a0<\/p>\n<hr \/>\n<div dir=\"ltr\">\n<div dir=\"ltr\">\n<h4 style=\"text-align: justify;\"><b>EVANGILE DU DIMANCHE 27 D\u00c9CEMBRE<\/b><\/h4>\n<h5>Evangile de J\u00e9sus Christ selon St Luc (2, 22-40)<\/h5>\n<h5 class=\"explanation\"><span style=\"color: #0000ff;\"><em>\u00ab L\u2019 enfant grandissait et se fortifiait, rempli de sagesse \u00bb<\/em><\/span><\/h5>\n<p style=\"text-align: justify;\"><strong>Quand fut accompli le temps prescrit par la loi de Mo\u00efse pour la purification, les parents de J\u00e9sus l\u2019amen\u00e8rent \u00e0 J\u00e9rusalem pour le pr\u00e9senter au Seigneur, selon ce qui est \u00e9crit dans la Loi : Tout premier-n\u00e9 de sexe masculin sera consacr\u00e9 au Seigneur. Ils venaient aussi offrir le sacrifice prescrit par la loi du Seigneur : un couple de tourterelles ou deux petites colombes.<\/strong><br \/><strong>Or, il y avait \u00e0 J\u00e9rusalem un homme appel\u00e9 Sym\u00e9on. C\u2019\u00e9tait un homme juste et religieux, qui attendait la Consolation d\u2019Isra\u00ebl, et l\u2019Esprit Saint \u00e9tait sur lui. Il avait re\u00e7u de l\u2019Esprit Saint l\u2019annonce qu\u2019il ne verrait pas la mort avant d\u2019avoir vu le Christ, le Messie du Seigneur. Sous l\u2019action de l\u2019Esprit, Sym\u00e9on vint au Temple. <img loading=\"lazy\" decoding=\"async\" class=\" wp-image-3713 alignright\" src=\"https:\/\/www.savigny-viry-catholique.fr\/wp-content\/uploads\/2020\/12\/la-presentation-de-jesus-au-temple-de-giovanni-bellini-V1-300x211.jpg\" alt=\"\" width=\"535\" height=\"376\" \/>Au moment o\u00f9 les parents pr\u00e9sentaient l\u2019enfant J\u00e9sus pour se conformer au rite de la Loi qui le concernait, Sym\u00e9on re\u00e7ut l\u2019enfant dans ses bras, et il b\u00e9nit Dieu en disant : \u00ab Maintenant, \u00f4 Ma\u00eetre souverain, tu peux laisser ton serviteur s\u2019en aller en paix, selon ta parole. Car mes yeux ont vu le salut que tu pr\u00e9parais \u00e0 la face des peuples : lumi\u00e8re qui se r\u00e9v\u00e8le aux nations et donne gloire \u00e0 ton peuple Isra\u00ebl. \u00bb Le p\u00e8re et la m\u00e8re de l\u2019enfant s\u2019\u00e9tonnaient de ce qui \u00e9tait dit de lui. Sym\u00e9on les b\u00e9nit, puis il dit \u00e0 Marie sa m\u00e8re : \u00ab Voici que cet enfant provoquera la chute et le rel\u00e8vement de beaucoup en Isra\u00ebl. Il sera un signe de contradiction \u2013 et toi, ton \u00e2me sera travers\u00e9e d\u2019un glaive \u2013 : ainsi seront d\u00e9voil\u00e9es les pens\u00e9es qui viennent du c\u0153ur d\u2019un grand nombre. \u00bb<\/strong><br \/><strong>Il y avait aussi une femme proph\u00e8te, Anne, fille de Phanuel, de la tribu d\u2019Aser. Elle \u00e9tait tr\u00e8s avanc\u00e9e en \u00e2ge ; apr\u00e8s sept ans de mariage, demeur\u00e9e veuve, elle \u00e9tait arriv\u00e9e \u00e0 l\u2019\u00e2ge de 84 ans. Elle ne s\u2019\u00e9loignait pas du Temple, servant Dieu jour et nuit dans le je\u00fbne et la pri\u00e8re. Survenant \u00e0 cette heure m\u00eame, elle proclamait les louanges de Dieu et parlait de l\u2019enfant \u00e0 tous ceux qui attendaient la d\u00e9livrance de J\u00e9rusalem.<\/strong><br \/><strong>Lorsqu\u2019ils eurent achev\u00e9 tout ce que prescrivait la loi du Seigneur, ils retourn\u00e8rent en Galil\u00e9e, dans leur ville de Nazareth. L\u2019enfant, lui, grandissait et se fortifiait, rempli de sagesse, et la gr\u00e2ce de Dieu \u00e9tait sur lui.<\/strong><\/p>\n<\/div>\n<\/div>\n<h5 style=\"text-align: justify;\">\u00a0<\/h5>\n<hr \/>\n<div class=\"entry-content\">\n<h4><span style=\"color: #ff6600;\"><strong>Les m\u00e9ditations des dimanches pr\u00e9c\u00e9dents\u00a0 :<\/strong><\/span><\/h4>\n<h5>Dimanche 20 d\u00e9cembre 2020 : <a href=\"http:\/\/www.savigny-viry-catholique.fr\/Download\/doc\/ANNONCIATION-JDoussint.pdf\">M\u00e9ditation propos\u00e9e par Jean Doussint &#8211; Diacre<\/a><\/h5>\n<h5><strong>Dimanche 13 d\u00e9cembre 2020 : <a href=\"http:\/\/www.savigny-viry-catholique.fr\/Download\/doc\/2020-12-13Meditation-Evangile-YN.pdf\">M\u00e9ditation propos\u00e9e par Yannick Le Nouen &#8211; Diacre<\/a><\/strong><\/h5>\n<h5>Dimanche 6 d\u00e9cembre 2020 : \u00a0\u00a0<a href=\"http:\/\/www.savigny-viry-catholique.fr\/Download\/doc\/2020-12-06MEDITATION-Evangile-DL1.pdf\">M\u00e9ditation propos\u00e9e par Daniel Lambert &#8211; Diacre<\/a><\/h5>\n<h5>Dimanche 29 novembre 2020 : <a href=\"http:\/\/www.savigny-viry-catholique.fr\/Download\/doc\/2020-11-29MEDITATION-PereBoris-Segla.pdf\">M\u00e9ditation propos\u00e9e par le p\u00e8re Boris Segla<\/a><\/h5>\n<h5><strong>Dimanche 22 novembre 2020 : <a href=\"http:\/\/www.savigny-viry-catholique.fr\/Download\/doc\/2020-11-22Meditation-Evangile.pdf\">M\u00e9ditation propos\u00e9e par le p\u00e8re Achille Waffo<\/a><\/strong><\/h5>\n<\/div>\n<footer class=\"single-footer\">\n<h5>Dimanche 15 novembre 2020 : <a href=\"http:\/\/www.savigny-viry-catholique.fr\/Download\/doc\/2020-11-15Meditation-Evangile.pdf\">M\u00e9ditation propos\u00e9e par le p\u00e8re Antoine JOHNSON<\/a><\/h5>\n<h5>Dimanche 8 novembre 2020 : <a href=\"http:\/\/www.savigny-viry-catholique.fr\/Download\/doc\/2020-11-08M\u00e9ditation.pdf\">M\u00e9ditation propos\u00e9e par le p\u00e8re Emmanuel BIDZOGO<\/a><\/h5>\n<p>\u00a0<\/p>\n<\/footer>\n<p>&#8212;&#8212;&#8212;&#8212;&#8212;&#8212;&#8212;&#8212;&#8212;&#8212;&#8212;&#8212;&#8212;&#8212;&#8212;&#8212;&#8212;&#8212;&#8212;&#8212;&#8212;&#8212;&#8212;&#8212;&#8212;&#8212;&#8212;&#8212;&#8212;&#8212;&#8212;&#8212;&#8212;&#8212;&#8212;&#8212;&#8212;&#8212;&#8212;<\/p>\n<h3>N&rsquo;OUBLIEZ PAS LA QU\u00caTE !!!<img loading=\"lazy\" decoding=\"async\" class=\"size-full wp-image-3240 alignright\" src=\"http:\/\/www.savigny-viry-catholique.fr\/wp-content\/uploads\/2020\/11\/quete-en-lignet.jpg\" alt=\"\" width=\"298\" height=\"169\" \/><\/h3>\n<h3><strong>R\u00e9ouverture de la plate-forme\u00a0<em><a href=\"https:\/\/quete.catholique.fr\/?reserved_diocese=EVRY&amp;reserved_paroisse=\">quete.catholique.fr<\/a><\/em><\/strong><\/h3>\n<p>Ce nouveau confinement emp\u00eache de nouveau nombre de catholiques de se rendre aux c\u00e9l\u00e9brations de leur paroisse et ainsi de participer \u00e0 la qu\u00eate. La qu\u00eate, collect\u00e9e chaque dimanche constitue l\u2019une des principales ressources des paroisses et va conna\u00eetre une baisse comme lors du premier confinement.<\/p>\n<p>Comme lors du confinement du printemps dernier, la Conf\u00e9rence des \u00e9v\u00eaques de France met en place \u00e0 partir d\u2019aujourd\u2019hui une plateforme de <strong>don en ligne<\/strong> temporaire, <span style=\"color: #ff0000;\"><em><strong>s\u00e9curis\u00e9e<\/strong> <\/em><\/span>et accessible \u00e0 l\u2019adresse : <strong><em><a href=\"https:\/\/quete.catholique.fr\/?reserved_diocese=EVRY&amp;reserved_paroisse=\">quete.catholique.fr<\/a><\/em><\/strong><\/p>\n<p>Vous pouvez aussi aider votre dioc\u00e8se par le denier ; dans ces temps difficiles la g\u00e9n\u00e9rosit\u00e9 doit continuer<strong>\u00a0<a href=\"http:\/\/www.savigny-viry-catholique.fr\/portfolio\/la-generosite-continue\/\"> Voir ici.\u00a0<\/a><\/strong><\/p>\n<p><i>Par avance <\/i><em><strong>MERCI !<\/strong><\/em><\/p>\n<h5 tabindex=\"0\" role=\"textbox\" aria-label=\"R\u00e9digez un titre\u2026\" aria-multiline=\"true\" data-block=\"251dace9-6fe4-4f60-8eb3-6213959cb931\" data-type=\"core\/heading\" data-title=\"Titre\">&#8212;&#8212;&#8212;&#8212;&#8212;&#8212;&#8212;&#8212;&#8212;&#8212;&#8212;&#8212;&#8212;&#8212;&#8212;&#8212;&#8212;&#8212;&#8212;&#8212;&#8212;&#8212;&#8212;&#8212;&#8212;&#8212;&#8212;&#8212;&#8212;&#8212;&#8212;&#8212;-<\/h5>\n<div class=\"main col-lg-9 col-md-8\" role=\"main\">\n<article class=\"post-3048 post type-post status-publish format-standard has-post-thumbnail hentry category-officiel\">\n<div class=\"entry-content\">\n<h5><img loading=\"lazy\" decoding=\"async\" class=\"wp-image-3050 alignleft\" src=\"http:\/\/www.savigny-viry-catholique.fr\/wp-content\/uploads\/2020\/10\/papefrancoisok-300x222.jpg\" alt=\"\" width=\"230\" height=\"157\" \/><\/h5>\n<h5>\u00a0<\/h5>\n<h5>Message URBI et ORBI du 25 d\u00e9cembre 2020<\/h5>\n<h5><a href=\"http:\/\/www.savigny-viry-catholique.fr\/Download\/doc\/2020-12-25Pape-Francois-MESSAGE-URBI-ET-ORBI.pdf\"><strong><span style=\"color: #0000ff;\">\u00e0 t\u00e9l\u00e9charger ici\u00a0<\/span><\/strong><\/a><\/h5>\n<h5>\u00a0<\/h5>\n<h5>En cette p\u00e9riode de confinement, la lecture de l&rsquo;encyclique du pape Fran\u00e7ois, &lsquo;Fratelli Tutti&rsquo; est toujours possible et conseill\u00e9e ! Vous pouvez :<\/h5>\n<h5>Lire sur le site du Dioc\u00e8se le \u00a0<a href=\"https:\/\/evry.catholique.fr\/encyclique-du-pape-francois-fratelli-tutti\/\">r\u00e9sum\u00e9 de l\u2019encyclique \u00ab\u00a0Fratelli tutti\u00a0\u00bb<\/a><\/h5>\n<h4>Lire et\/ou t\u00e9l\u00e9charger le\u00a0<a href=\"http:\/\/www.savigny-viry-catholique.fr\/Download\/doc\/20201003_enciclica-fratelli-tutti_pape-Francois.pdf\">texte int\u00e9gral de l\u2019encyclique ici<\/a><\/h4>\n<\/div>\n<\/article>\n<\/div>\n","protected":false},"excerpt":{"rendered":"","protected":false},"author":990003,"featured_media":3675,"comment_status":"closed","ping_status":"closed","sticky":false,"template":"","format":"standard","meta":{"give_campaign_id":0,"footnotes":""},"categories":[1],"tags":[],"class_list":["post-3684","post","type-post","status-publish","format-standard","has-post-thumbnail","hentry","category-uncategorized"],"_links":{"self":[{"href":"https:\/\/demos.uptitude.fr\/savviry1\/wp-json\/wp\/v2\/posts\/3684","targetHints":{"allow":["GET"]}}],"collection":[{"href":"https:\/\/demos.uptitude.fr\/savviry1\/wp-json\/wp\/v2\/posts"}],"about":[{"href":"https:\/\/demos.uptitude.fr\/savviry1\/wp-json\/wp\/v2\/types\/post"}],"author":[{"embeddable":true,"href":"https:\/\/demos.uptitude.fr\/savviry1\/wp-json\/wp\/v2\/users\/990003"}],"replies":[{"embeddable":true,"href":"https:\/\/demos.uptitude.fr\/savviry1\/wp-json\/wp\/v2\/comments?post=3684"}],"version-history":[{"count":0,"href":"https:\/\/demos.uptitude.fr\/savviry1\/wp-json\/wp\/v2\/posts\/3684\/revisions"}],"wp:featuredmedia":[{"embeddable":true,"href":"https:\/\/demos.uptitude.fr\/savviry1\/wp-json\/wp\/v2\/media\/3675"}],"wp:attachment":[{"href":"https:\/\/demos.uptitude.fr\/savviry1\/wp-json\/wp\/v2\/media?parent=3684"}],"wp:term":[{"taxonomy":"category","embeddable":true,"href":"https:\/\/demos.uptitude.fr\/savviry1\/wp-json\/wp\/v2\/categories?post=3684"},{"taxonomy":"post_tag","embeddable":true,"href":"https:\/\/demos.uptitude.fr\/savviry1\/wp-json\/wp\/v2\/tags?post=3684"}],"curies":[{"name":"wp","href":"https:\/\/api.w.org\/{rel}","templated":true}]}}