{"id":3780,"date":"2020-12-24T15:06:00","date_gmt":"2020-12-24T15:06:00","guid":{"rendered":"https:\/\/www.savigny-viry-catholique.fr\/?p=3780"},"modified":"2020-12-24T15:06:00","modified_gmt":"2020-12-24T15:06:00","slug":"nouvel-an","status":"publish","type":"post","link":"https:\/\/demos.uptitude.fr\/savviry1\/nouvel-an\/","title":{"rendered":"NOUVEL AN &#8211; EPIPHANIE"},"content":{"rendered":"\n<p><strong>Sainte Marie, m\u00e8re de Dieu et dimanche 3 janvier, Epiphanie du Seigneur, Liturgie familiale<\/strong><!--more--><\/p>\n<h5>vous trouverez ci apr\u00e8s :\u00a0<\/h5>\n<ul>\n<li style=\"list-style-type: none;\">\n<ul>\n<li><b> les v\u0153ux du P\u00e8re Emmanuel Bidzogo ,\u00a0\u00a0<\/b><\/li>\n<li><strong>la proposition du dioc\u00e8se : une liturgie familiale pour ce dimanche\u00a0<\/strong><\/li>\n<li><strong>la possibilit\u00e9 de participer \u00e0 la qu\u00eate <\/strong><\/li>\n<li><strong>le message du pape pour le 1er janvier 2021<\/strong><\/li>\n<\/ul>\n<\/li>\n<\/ul>\n<p>\u00a0<\/p>\n<h5><span style=\"color: #0000ff;\">Notez que vous pouvez suivre en direct,\u00a0 la messe c\u00e9l\u00e9br\u00e9e en l&rsquo;\u00e9glise Ste Th\u00e9r\u00e8se \u00e0 11h00<\/span>\u00a0<\/h5>\n<h5><span style=\"background-color: #ccffff; color: #ff00ff;\"><strong><a href=\"https:\/\/www.youtube.com\/channel\/UCMIMUDEqUCGxHRdxXpvx1Ug\">\u00a0\u00e0 cette adresse :<\/a> <a href=\"https:\/\/www.youtube.com\/channel\/UCMIMUDEqUCGxHRdxXpvx1Ug\"><img decoding=\"async\" class=\"alignnone size-medium wp-image-3190\" src=\"http:\/\/www.savigny-viry-catholique.fr\/wp-content\/uploads\/2020\/10\/ASTSM-TV-300x49.jpg\" alt=\"\" width=\"300\" height=\"49\" \/><\/a><\/strong><\/span><\/h5>\n<h5>&#8212;&#8212;&#8212;&#8212;&#8212;&#8212;&#8212;&#8212;&#8212;&#8212;&#8212;&#8212;&#8212;&#8212;&#8212;&#8212;&#8212;&#8212;&#8212;&#8212;&#8212;&#8212;&#8212;&#8212;&#8212;&#8212;&#8212;&#8212;&#8212;&#8212;&#8212;&#8212;-<\/h5>\n<div dir=\"ltr\">\n<div dir=\"ltr\">\n<h4>MESSAGE DU PERE EMMANUEL BIDZOGO, RESPONSABLE DU SECTEUR PASTORAL SAVIGNY-VIRY\u00a0\u00a0<\/h4>\n<h4><span style=\"color: #0000ff;\"><strong>Meilleurs V\u0153ux de sant\u00e9 et de bonheur pour 2021\u00a0!<\/strong><\/span><\/h4>\n<h5 style=\"text-align: justify;\"><em><strong>Tout le monde conc\u00e8de que l\u2019ann\u00e9e 2020 n\u2019a pas \u00e9t\u00e9 facile. Un euph\u00e9misme\u00a0! Elle nous aura cependant appris autant que possible, l\u2019humilit\u00e9 et la simplicit\u00e9 dans les relations humaines.<\/strong><\/em><\/h5>\n<h5 style=\"text-align: justify;\"><em><strong>Le pari est que l\u2019ann\u00e9e 2021 nous ouvre une bouff\u00e9e d\u2019air nouveau sans n\u00e9cessairement revenir exactement au monde d\u2019avant quant \u00e0 la mani\u00e8re de vivre. Les le\u00e7ons apprises devraient nous aider \u00e0 soigner notre mode de relation au monde et entre nous, dans le sens d\u2019une qualit\u00e9 de vie moins polluante et respectueuse des \u00e9quilibres des \u00e9cosyst\u00e8mes.<\/strong><\/em><\/h5>\n<h5 style=\"text-align: justify;\"><em><strong>La tradition biblique nous enseigne que la cr\u00e9ation forme un tout dont les composants sont interd\u00e9pendants dans la grande constellation du cosmos. En r\u00e9alit\u00e9, c\u2019est dans cette interd\u00e9pendance que doit se comprendre la n\u00e9cessit\u00e9 d\u2019une culture de relation, celle qui marque et oriente les relations humaines. Ne jamais oublier que l\u2019homme fait partie du cosmos, il est un \u00eatre de relation ou si l\u2019on veut un \u00eatre social. Il ne se r\u00e9alise pas isol\u00e9ment.<\/strong><\/em><\/h5>\n<h5 style=\"text-align: justify;\"><em><strong>Puissions-nous entrer dans une nouvelle ann\u00e9e avec le d\u00e9sir d\u2019une lumi\u00e8re \u00e9clatante de bonheur, capable de renouveler et d\u2019enrichir nos relations\u00a0! Notre Dieu n\u2019est-il pas relation en lui-m\u00eame\u00a0par le myst\u00e8re de la Trinit\u00e9\u00a0?<\/strong><\/em><\/h5>\n<h5 style=\"text-align: justify;\"><em><strong>Pour nous chr\u00e9tiens, la lumi\u00e8re \u00e9clatante de bonheur est r\u00e9alis\u00e9e \u00e0 la nuit de No\u00ebl par la venue dans notre histoire humaine de J\u00e9sus le Christ, le sauveur. Il est le Prince de la Paix de Dieu.<\/strong><\/em><\/h5>\n<h5 style=\"text-align: justify;\"><em><strong>Le premier jour de l\u2019An, tout en c\u00e9l\u00e9brant Marie M\u00e8re de Dieu, l\u2019\u00c9glise prie pour qu\u2019advienne la Paix dans notre monde. Le message du pape Fran\u00e7ois dans ce sens invite \u00e0 promouvoir une culture du \u00ab\u00a0soin des plus fragiles\u00a0\u00bb d\u2019entre nous (Message pour le 1<sup>er<\/sup> janvier 2021; <a href=\"http:\/\/www.savigny-viry-catholique.fr\/Download\/doc\/MESSAGE-DU-PAPE-Paix-2021.pdf\">\u00e0 t\u00e9l\u00e9charger ici)<\/a>.<\/strong><\/em><\/h5>\n<h5 style=\"text-align: justify;\"><em><strong>Que l\u2019ann\u00e9e 2021 soit une ann\u00e9e de sant\u00e9 et de bonheur\u00a0! Sant\u00e9 physique, sant\u00e9 morale et sant\u00e9 spirituelle. Tels sont les v\u0153ux que je formule pour chacune et pour chacun.<\/strong><\/em><\/h5>\n<h5><em><strong>Bonne ann\u00e9e 2021\u00a0!<\/strong><\/em><\/h5>\n<h5><em><strong><img decoding=\"async\" class=\"wp-image-2970 alignleft\" src=\"https:\/\/www.savigny-viry-catholique.fr\/wp-content\/uploads\/2020\/09\/BIDZOGO-V1-284x300.jpg\" alt=\"\" width=\"159\" height=\"189\" \/>P\u00e8re Emmanuel BIDZOGO<\/strong><\/em><\/h5>\n<h5><em><strong>Responsable du Secteur pastoral Savigny-Viry<\/strong><\/em><\/h5>\n<p><strong><span style=\"color: #0000ff;\">Le message ci-dessus est <a href=\"http:\/\/www.savigny-viry-catholique.fr\/Download\/doc\/Edito-fetes-fin-annee-voeux-2021.pdf\">t\u00e9l\u00e9chargeable ici<\/a><\/span><\/strong><\/p>\n<p>\u00a0<\/p>\n<\/div>\n<\/div>\n<hr \/>\n<p><img fetchpriority=\"high\" decoding=\"async\" class=\"size-full wp-image-3682 aligncenter\" src=\"https:\/\/www.savigny-viry-catholique.fr\/wp-content\/uploads\/2020\/12\/Mages-etoile01.jpg\" alt=\"\" width=\"278\" height=\"196\" \/><\/p>\n<p style=\"text-align: justify;\"><strong>\u00c9piphanie<\/strong><br \/><strong>La f\u00eate est venue d\u2019Orient o\u00f9 elle a \u00e9t\u00e9 fix\u00e9e au 6 janvier : f\u00eate des lumi\u00e8res, f\u00eate<\/strong><br \/><strong>de l\u2019eau, elle est beaucoup plus la c\u00e9l\u00e9bration de l\u2019inauguration du minist\u00e8re<\/strong><br \/><strong>public du Christ, lors de son bapt\u00eame au Jourdain, qu\u2019une festivit\u00e9 des \u00e9v\u00e9nements de l\u2019enfance de J\u00e9sus.<\/strong><br \/><strong>Dans la liturgie latine, l\u00e0 o\u00f9 ce jour n\u2019est pas f\u00e9ri\u00e9, la c\u00e9l\u00e9bration de cette f\u00eate est fix\u00e9e au dimanche le plus proche du 6 janvier, afin que le plus grand nombre des fid\u00e8les puissent la comm\u00e9morer. (En 2021, le 3 janvier en France). En Occident, elle est surtout la f\u00eate des Mages ou des \u00ab Rois \u00bb. Les manifestations <\/strong><strong>inaugurales de la vie publique ne sont pas oubli\u00e9es, puisque l\u2019office de la f\u00eate parle des trois myst\u00e8res de ce jour comme n\u2019en faisant qu\u2019un : l\u2019adoration des Mages, le bapt\u00eame de J\u00e9sus et les noces de Cana ; il faut dire cependant que les Mages retiennent presque toute l\u2019attention. Pour laisser \u00e0 l\u2019\u00c9piphanie toute sa dimension de \u00ab Pentec\u00f4te \u00bb du cycle de la Nativit\u00e9, l\u2019\u00c9glise latine a r\u00e9cemment instaur\u00e9 la F\u00eate du Bapt\u00eame du Seigneur, c\u00e9l\u00e9br\u00e9e le dimanche qui suit l\u2019\u00c9piphanie.\u00a0 \u00a0 \u00a0 \u00a0 \u00a0 \u00a0 \u00a0 \u00a0 \u00a0 \u00a0 \u00a0 \u00a0 \u00a0 \u00a0 \u00a0 \u00a0 \u00a0 \u00a0 \u00a0 \u00a0 \u00a0 \u00a0 \u00a0 \u00a0 \u00a0 \u00a0 \u00a0 \u00a0 \u00a0 \u00a0 \u00a0 \u00a0 \u00a0 \u00a0 \u00a0 \u00a0 \u00a0 \u00a0 \u00a0 \u00a0 \u00a0 \u00a0 \u00a0 \u00a0 \u00a0 \u00a0 \u00a0 \u00a0 \u00a0 \u00a0 \u00a0 \u00a0 \u00a0 \u00a0 \u00a0 \u00a0 \u00a0 \u00a0 \u00a0 \u00a0 \u00a0 \u00a0 \u00a0 \u00a0 \u00a0 \u00a0 \u00a0 \u00a0 \u00a0 \u00a0 \u00a0 \u00a0 source : https:\/\/eglise.catholique.fr\/<\/strong><\/p>\n<p><a href=\"https:\/\/vimeo.com\/496495375\"><strong> <img loading=\"lazy\" decoding=\"async\" class=\" wp-image-3807 alignleft\" src=\"https:\/\/www.savigny-viry-catholique.fr\/wp-content\/uploads\/2021\/01\/Adoration-mages-Autun-300x200.jpg\" alt=\"\" width=\"368\" height=\"245\" \/><\/strong><\/a><\/p>\n<p>\u00a0<\/p>\n<p>\u00a0<\/p>\n<p><strong>Liturgie familiale propos\u00e9e par le dioc\u00e8se, <a href=\"http:\/\/www.savigny-viry-catholique.fr\/Download\/doc\/2021-01LITURGIE-FAMILIALE-Epiphanie21.pdf\">\u00e0 t\u00e9l\u00e9charger ici<\/a><\/strong><\/p>\n<p>\u00a0<\/p>\n<p>\u00a0<\/p>\n<p><strong>Video m\u00e9ditative sur le chapiteau de la cath\u00e9drale d&rsquo;Autun<a href=\"https:\/\/vimeo.com\/496495375\">.\u00a0 Cliquez ici .<\/a><\/strong><\/p>\n<h5><em><strong>\u00c9vangile selon Saint Matthieu (2, 1-12)<\/strong><\/em><\/h5>\n<p style=\"text-align: justify;\"><strong>J\u00e9sus \u00e9tait n\u00e9 \u00e0 Bethl\u00e9em en Jud\u00e9e, au temps du roi H\u00e9rode le Grand. Or, voici que des mages venus d\u2019Orient arriv\u00e8rent \u00e0 J\u00e9rusalem et demand\u00e8rent : \u00ab O\u00f9 est le roi des Juifs qui vient de na\u00eetre ? Nous avons vu son \u00e9toile \u00e0 l\u2019orient et nous sommes venus nous prosterner devant lui. \u00bb En apprenant cela, le roi H\u00e9rode fut boulevers\u00e9, et tout J\u00e9rusalem avec lui. Il r\u00e9unit tous les grands pr\u00eatres et les scribes du peuple, pour leur demander o\u00f9 devait na\u00eetre le Christ. Ils lui r\u00e9pondirent : \u00ab \u00c0 Bethl\u00e9em en Jud\u00e9e, car voici ce qui est \u00e9crit par le proph\u00e8te : Et toi, Bethl\u00e9em, terre de Juda, tu n\u2019es certes pas le dernier parmi les chefs-lieux de Juda, car de toi sortira un chef, qui sera le berger de mon peuple Isra\u00ebl. \u00bb Alors H\u00e9rode convoqua les mages en secret pour leur faire pr\u00e9ciser \u00e0 quelle date l\u2019\u00e9toile \u00e9tait apparue ; puis il les envoya \u00e0 Bethl\u00e9em, en leur disant : \u00ab Allez-vous renseigner avec pr\u00e9cision sur l\u2019enfant. Et quand vous l\u2019aurez trouv\u00e9, venez me l\u2019annoncer pour que j\u2019aille, moi aussi, me prosterner devant lui. \u00bb Apr\u00e8s avoir entendu le roi, ils partirent. Et voici que l\u2019\u00e9toile qu\u2019ils avaient vue \u00e0 l\u2019orient les pr\u00e9c\u00e9dait, jusqu\u2019\u00e0 ce qu\u2019elle vienne s\u2019arr\u00eater au-dessus de l\u2019endroit o\u00f9 se trouvait l\u2019enfant. Quand ils virent l\u2019\u00e9toile, ils se r\u00e9jouirent d\u2019une tr\u00e8s grande joie. Ils entr\u00e8rent dans la maison, ils virent l\u2019enfant avec Marie sa m\u00e8re ; et, tombant \u00e0 ses pieds, ils se prostern\u00e8rent devant lui. Ils ouvrirent leurs coffrets, et lui offrirent leurs pr\u00e9sents : de l\u2019or, de l\u2019encens et de la myrrhe. Mais, avertis en songe de ne pas<\/strong> <strong>retourner chez H\u00e9rode, ils regagn\u00e8rent leur pays par un autre chemin.<\/strong><\/p>\n<hr \/>\n<div class=\"entry-content\">\n<h4><span style=\"color: #ff6600;\"><strong>Les m\u00e9ditations des dimanches pr\u00e9c\u00e9dents\u00a0 :<\/strong><\/span><\/h4>\n<h5>Dimanche 20 d\u00e9cembre 2020 : <a href=\"http:\/\/www.savigny-viry-catholique.fr\/Download\/doc\/ANNONCIATION-JDoussint.pdf\">M\u00e9ditation propos\u00e9e par Jean Doussint &#8211; Diacre<\/a><\/h5>\n<h5><strong>Dimanche 13 d\u00e9cembre 2020 : <a href=\"http:\/\/www.savigny-viry-catholique.fr\/Download\/doc\/2020-12-13Meditation-Evangile-YN.pdf\">M\u00e9ditation propos\u00e9e par Yannick Le Nouen &#8211; Diacre<\/a><\/strong><\/h5>\n<h5>Dimanche 6 d\u00e9cembre 2020 : \u00a0\u00a0<a href=\"http:\/\/www.savigny-viry-catholique.fr\/Download\/doc\/2020-12-06MEDITATION-Evangile-DL1.pdf\">M\u00e9ditation propos\u00e9e par Daniel Lambert &#8211; Diacre<\/a><\/h5>\n<h5>Dimanche 29 novembre 2020 : <a href=\"http:\/\/www.savigny-viry-catholique.fr\/Download\/doc\/2020-11-29MEDITATION-PereBoris-Segla.pdf\">M\u00e9ditation propos\u00e9e par le p\u00e8re Boris Segla<\/a><\/h5>\n<h5><strong>Dimanche 22 novembre 2020 : <a href=\"http:\/\/www.savigny-viry-catholique.fr\/Download\/doc\/2020-11-22Meditation-Evangile.pdf\">M\u00e9ditation propos\u00e9e par le p\u00e8re Achille Waffo<\/a><\/strong><\/h5>\n<\/div>\n<footer class=\"single-footer\">\n<h5>Dimanche 15 novembre 2020 : <a href=\"http:\/\/www.savigny-viry-catholique.fr\/Download\/doc\/2020-11-15Meditation-Evangile.pdf\">M\u00e9ditation propos\u00e9e par le p\u00e8re Antoine JOHNSON<\/a><\/h5>\n<h5>Dimanche 8 novembre 2020 : <a href=\"http:\/\/www.savigny-viry-catholique.fr\/Download\/doc\/2020-11-08M\u00e9ditation.pdf\">M\u00e9ditation propos\u00e9e par le p\u00e8re Emmanuel BIDZOGO<\/a><\/h5>\n<p>\u00a0<\/p>\n<\/footer>\n<p>&#8212;&#8212;&#8212;&#8212;&#8212;&#8212;&#8212;&#8212;&#8212;&#8212;&#8212;&#8212;&#8212;&#8212;&#8212;&#8212;&#8212;&#8212;&#8212;&#8212;&#8212;&#8212;&#8212;&#8212;&#8212;&#8212;&#8212;&#8212;&#8212;&#8212;&#8212;&#8212;&#8212;&#8212;&#8212;&#8212;&#8212;&#8212;&#8212;<\/p>\n<h3>N&rsquo;OUBLIEZ PAS LA QU\u00caTE !!!<img loading=\"lazy\" decoding=\"async\" class=\"size-full wp-image-3240 alignright\" src=\"http:\/\/www.savigny-viry-catholique.fr\/wp-content\/uploads\/2020\/11\/quete-en-lignet.jpg\" alt=\"\" width=\"298\" height=\"169\" \/><\/h3>\n<h3><strong>R\u00e9ouverture de la plate-forme\u00a0<em><a href=\"https:\/\/quete.catholique.fr\/?reserved_diocese=EVRY&amp;reserved_paroisse=\">quete.catholique.fr<\/a><\/em><\/strong><\/h3>\n<p>Ce nouveau confinement emp\u00eache de nouveau nombre de catholiques de se rendre aux c\u00e9l\u00e9brations de leur paroisse et ainsi de participer \u00e0 la qu\u00eate. La qu\u00eate, collect\u00e9e chaque dimanche constitue l\u2019une des principales ressources des paroisses et va conna\u00eetre une baisse comme lors du premier confinement.<\/p>\n<p>Comme lors du confinement du printemps dernier, la Conf\u00e9rence des \u00e9v\u00eaques de France met en place \u00e0 partir d\u2019aujourd\u2019hui une plateforme de <strong>don en ligne<\/strong> temporaire, <span style=\"color: #ff0000;\"><em><strong>s\u00e9curis\u00e9e<\/strong> <\/em><\/span>et accessible \u00e0 l\u2019adresse : <strong><em><a href=\"https:\/\/quete.catholique.fr\/?reserved_diocese=EVRY&amp;reserved_paroisse=\">quete.catholique.fr<\/a><\/em><\/strong><\/p>\n<p>Vous pouvez aussi aider votre dioc\u00e8se par le denier ; dans ces temps difficiles la g\u00e9n\u00e9rosit\u00e9 doit continuer<strong>\u00a0<a href=\"http:\/\/www.savigny-viry-catholique.fr\/portfolio\/la-generosite-continue\/\"> Voir ici.\u00a0<\/a><\/strong><\/p>\n<p><i>Par avance <\/i><em><strong>MERCI !<\/strong><\/em><\/p>\n<h5 tabindex=\"0\" role=\"textbox\" aria-label=\"R\u00e9digez un titre\u2026\" aria-multiline=\"true\" data-block=\"251dace9-6fe4-4f60-8eb3-6213959cb931\" data-type=\"core\/heading\" data-title=\"Titre\">&#8212;&#8212;&#8212;&#8212;&#8212;&#8212;&#8212;&#8212;&#8212;&#8212;&#8212;&#8212;&#8212;&#8212;&#8212;&#8212;&#8212;&#8212;&#8212;&#8212;&#8212;&#8212;&#8212;&#8212;&#8212;&#8212;&#8212;&#8212;&#8212;&#8212;&#8212;&#8212;-<\/h5>\n<div class=\"main col-lg-9 col-md-8\" role=\"main\">\n<article class=\"post-3048 post type-post status-publish format-standard has-post-thumbnail hentry category-officiel\">\n<div class=\"entry-content\">\n<h5><img loading=\"lazy\" decoding=\"async\" class=\"wp-image-3050 alignleft\" src=\"http:\/\/www.savigny-viry-catholique.fr\/wp-content\/uploads\/2020\/10\/papefrancoisok-300x222.jpg\" alt=\"\" width=\"230\" height=\"157\" \/><\/h5>\n<h5>Message pour la Paix et le 1er janvier 2021<\/h5>\n<h5><a href=\"http:\/\/www.savigny-viry-catholique.fr\/Download\/doc\/MESSAGE-DU-PAPE-Paix-2021.pdf\"><span style=\"color: #0000ff;\">\u00e0 t\u00e9l\u00e9charger ici<\/span><\/a><\/h5>\n<h5>Message URBI et ORBI du 25 d\u00e9cembre 2020<\/h5>\n<h5><a href=\"http:\/\/www.savigny-viry-catholique.fr\/Download\/doc\/2020-12-25Pape-Francois-MESSAGE-URBI-ET-ORBI.pdf\"><strong><span style=\"color: #0000ff;\">\u00e0 t\u00e9l\u00e9charger ici\u00a0<\/span><\/strong><\/a><\/h5>\n<h5>\u00a0<\/h5>\n<h5>En cette p\u00e9riode de confinement, la lecture de l&rsquo;encyclique du pape Fran\u00e7ois, &lsquo;Fratelli Tutti&rsquo; est toujours possible et conseill\u00e9e ! Vous pouvez :<\/h5>\n<h5>Lire sur le site du Dioc\u00e8se le \u00a0<a href=\"https:\/\/evry.catholique.fr\/encyclique-du-pape-francois-fratelli-tutti\/\">r\u00e9sum\u00e9 de l\u2019encyclique \u00ab\u00a0Fratelli tutti\u00a0\u00bb<\/a><\/h5>\n<h4>Lire et\/ou t\u00e9l\u00e9charger le\u00a0<a href=\"http:\/\/www.savigny-viry-catholique.fr\/Download\/doc\/20201003_enciclica-fratelli-tutti_pape-Francois.pdf\">texte int\u00e9gral de l\u2019encyclique ici<\/a><\/h4>\n<\/div>\n<\/article>\n<\/div>\n<hr \/>\n","protected":false},"excerpt":{"rendered":"","protected":false},"author":990003,"featured_media":3813,"comment_status":"closed","ping_status":"closed","sticky":false,"template":"","format":"standard","meta":{"give_campaign_id":0,"footnotes":""},"categories":[1],"tags":[],"class_list":["post-3780","post","type-post","status-publish","format-standard","has-post-thumbnail","hentry","category-uncategorized"],"_links":{"self":[{"href":"https:\/\/demos.uptitude.fr\/savviry1\/wp-json\/wp\/v2\/posts\/3780","targetHints":{"allow":["GET"]}}],"collection":[{"href":"https:\/\/demos.uptitude.fr\/savviry1\/wp-json\/wp\/v2\/posts"}],"about":[{"href":"https:\/\/demos.uptitude.fr\/savviry1\/wp-json\/wp\/v2\/types\/post"}],"author":[{"embeddable":true,"href":"https:\/\/demos.uptitude.fr\/savviry1\/wp-json\/wp\/v2\/users\/990003"}],"replies":[{"embeddable":true,"href":"https:\/\/demos.uptitude.fr\/savviry1\/wp-json\/wp\/v2\/comments?post=3780"}],"version-history":[{"count":0,"href":"https:\/\/demos.uptitude.fr\/savviry1\/wp-json\/wp\/v2\/posts\/3780\/revisions"}],"wp:featuredmedia":[{"embeddable":true,"href":"https:\/\/demos.uptitude.fr\/savviry1\/wp-json\/"}],"wp:attachment":[{"href":"https:\/\/demos.uptitude.fr\/savviry1\/wp-json\/wp\/v2\/media?parent=3780"}],"wp:term":[{"taxonomy":"category","embeddable":true,"href":"https:\/\/demos.uptitude.fr\/savviry1\/wp-json\/wp\/v2\/categories?post=3780"},{"taxonomy":"post_tag","embeddable":true,"href":"https:\/\/demos.uptitude.fr\/savviry1\/wp-json\/wp\/v2\/tags?post=3780"}],"curies":[{"name":"wp","href":"https:\/\/api.w.org\/{rel}","templated":true}]}}