{"id":3834,"date":"2021-01-09T11:53:10","date_gmt":"2021-01-09T11:53:10","guid":{"rendered":"https:\/\/www.savigny-viry-catholique.fr\/?p=3834"},"modified":"2021-01-09T11:53:10","modified_gmt":"2021-01-09T11:53:10","slug":"bapteme-du-seigneur","status":"publish","type":"post","link":"https:\/\/demos.uptitude.fr\/savviry1\/bapteme-du-seigneur\/","title":{"rendered":"BAPT\u00caME DU SEIGNEUR"},"content":{"rendered":"\n<p>Dimanche 10 janvier 2021, pour vivre notre foi autrement &#8230;<!--more--><\/p>\n<h5>vous trouverez ci apr\u00e8s :\u00a0<\/h5>\n<ul>\n<li style=\"list-style-type: none;\">\n<ul>\n<li><b> les v\u0153ux du P\u00e8re Emmanuel Bidzogo ,\u00a0\u00a0<\/b><\/li>\n<li><strong>Le bapt\u00eame du\u00a0 Christ ( R\u00e9f\u00e9rence et Evangile de Marc)\u00a0<\/strong><\/li>\n<li><strong>la possibilit\u00e9 de participer \u00e0 la qu\u00eate <\/strong><\/li>\n<li><strong>le message du pape pour le 1er janvier 2021<\/strong><\/li>\n<\/ul>\n<\/li>\n<\/ul>\n<p>\u00a0<\/p>\n<h5><span style=\"color: #0000ff;\">Notez que vous pouvez suivre en direct,\u00a0 la messe c\u00e9l\u00e9br\u00e9e en l&rsquo;\u00e9glise Ste Th\u00e9r\u00e8se \u00e0 11h00<\/span>\u00a0<\/h5>\n<h5><span style=\"background-color: #ccffff; color: #ff00ff;\"><strong><a href=\"https:\/\/www.youtube.com\/channel\/UCMIMUDEqUCGxHRdxXpvx1Ug\">\u00a0\u00e0 cette adresse :<\/a> <a href=\"https:\/\/www.youtube.com\/channel\/UCMIMUDEqUCGxHRdxXpvx1Ug\"><img decoding=\"async\" class=\"alignnone size-medium wp-image-3190\" src=\"http:\/\/www.savigny-viry-catholique.fr\/wp-content\/uploads\/2020\/10\/ASTSM-TV-300x49.jpg\" alt=\"\" width=\"300\" height=\"49\" \/><\/a><\/strong><\/span><\/h5>\n<h5>&#8212;&#8212;&#8212;&#8212;&#8212;&#8212;&#8212;&#8212;&#8212;&#8212;&#8212;&#8212;&#8212;&#8212;&#8212;&#8212;&#8212;&#8212;&#8212;&#8212;&#8212;&#8212;&#8212;&#8212;&#8212;&#8212;&#8212;&#8212;&#8212;&#8212;&#8212;&#8212;-<\/h5>\n<div dir=\"ltr\">\n<div dir=\"ltr\">\n<h4>MESSAGE DU PERE EMMANUEL BIDZOGO, RESPONSABLE DU SECTEUR PASTORAL SAVIGNY-VIRY\u00a0\u00a0<\/h4>\n<h4><span style=\"color: #0000ff;\"><strong>Meilleurs V\u0153ux de sant\u00e9 et de bonheur pour 2021\u00a0!<\/strong><\/span><\/h4>\n<h5 style=\"text-align: justify;\"><em><strong>Tout le monde conc\u00e8de que l\u2019ann\u00e9e 2020 n\u2019a pas \u00e9t\u00e9 facile. Un euph\u00e9misme\u00a0! Elle nous aura cependant appris autant que possible, l\u2019humilit\u00e9 et la simplicit\u00e9 dans les relations humaines.<\/strong><\/em><\/h5>\n<h5 style=\"text-align: justify;\"><em><strong>Le pari est que l\u2019ann\u00e9e 2021 nous ouvre une bouff\u00e9e d\u2019air nouveau sans n\u00e9cessairement revenir exactement au monde d\u2019avant quant \u00e0 la mani\u00e8re de vivre. Les le\u00e7ons apprises devraient nous aider \u00e0 soigner notre mode de relation au monde et entre nous, dans le sens d\u2019une qualit\u00e9 de vie moins polluante et respectueuse des \u00e9quilibres des \u00e9cosyst\u00e8mes.<\/strong><\/em><\/h5>\n<h5 style=\"text-align: justify;\"><em><strong>La tradition biblique nous enseigne que la cr\u00e9ation forme un tout dont les composants sont interd\u00e9pendants dans la grande constellation du cosmos. En r\u00e9alit\u00e9, c\u2019est dans cette interd\u00e9pendance que doit se comprendre la n\u00e9cessit\u00e9 d\u2019une culture de relation, celle qui marque et oriente les relations humaines. Ne jamais oublier que l\u2019homme fait partie du cosmos, il est un \u00eatre de relation ou si l\u2019on veut un \u00eatre social. Il ne se r\u00e9alise pas isol\u00e9ment.<\/strong><\/em><\/h5>\n<h5 style=\"text-align: justify;\"><em><strong>Puissions-nous entrer dans une nouvelle ann\u00e9e avec le d\u00e9sir d\u2019une lumi\u00e8re \u00e9clatante de bonheur, capable de renouveler et d\u2019enrichir nos relations\u00a0! Notre Dieu n\u2019est-il pas relation en lui-m\u00eame\u00a0par le myst\u00e8re de la Trinit\u00e9\u00a0?<\/strong><\/em><\/h5>\n<h5 style=\"text-align: justify;\"><em><strong>Pour nous chr\u00e9tiens, la lumi\u00e8re \u00e9clatante de bonheur est r\u00e9alis\u00e9e \u00e0 la nuit de No\u00ebl par la venue dans notre histoire humaine de J\u00e9sus le Christ, le sauveur. Il est le Prince de la Paix de Dieu.<\/strong><\/em><\/h5>\n<h5 style=\"text-align: justify;\"><em><strong>Le premier jour de l\u2019An, tout en c\u00e9l\u00e9brant Marie M\u00e8re de Dieu, l\u2019\u00c9glise prie pour qu\u2019advienne la Paix dans notre monde. Le message du pape Fran\u00e7ois dans ce sens invite \u00e0 promouvoir une culture du \u00ab\u00a0soin des plus fragiles\u00a0\u00bb d\u2019entre nous (Message pour le 1<sup>er<\/sup> janvier 2021; <a href=\"http:\/\/www.savigny-viry-catholique.fr\/Download\/doc\/MESSAGE-DU-PAPE-Paix-2021.pdf\">\u00e0 t\u00e9l\u00e9charger ici)<\/a>.<\/strong><\/em><\/h5>\n<h5 style=\"text-align: justify;\"><em><strong>Que l\u2019ann\u00e9e 2021 soit une ann\u00e9e de sant\u00e9 et de bonheur\u00a0! Sant\u00e9 physique, sant\u00e9 morale et sant\u00e9 spirituelle. Tels sont les v\u0153ux que je formule pour chacune et pour chacun.<\/strong><\/em><\/h5>\n<h5><em><strong>Bonne ann\u00e9e 2021\u00a0!<\/strong><\/em><\/h5>\n<h5><em><strong><img decoding=\"async\" class=\"wp-image-2970 alignleft\" src=\"https:\/\/www.savigny-viry-catholique.fr\/wp-content\/uploads\/2020\/09\/BIDZOGO-V1-284x300.jpg\" alt=\"\" width=\"159\" height=\"189\" \/>P\u00e8re Emmanuel BIDZOGO<\/strong><\/em><\/h5>\n<h5><em><strong>Responsable du Secteur pastoral Savigny-Viry<\/strong><\/em><\/h5>\n<p><strong><span style=\"color: #0000ff;\">Le message ci-dessus est <a href=\"http:\/\/www.savigny-viry-catholique.fr\/Download\/doc\/Edito-fetes-fin-annee-voeux-2021.pdf\">t\u00e9l\u00e9chargeable ici<\/a><\/span><\/strong><\/p>\n<p>\u00a0<\/p>\n<\/div>\n<\/div>\n<hr \/>\n<p>\u00a0<\/p>\n<p style=\"text-align: justify;\"><strong>\u00c9piphanie<\/strong><br \/><strong>La f\u00eate est venue d\u2019Orient o\u00f9 elle a \u00e9t\u00e9 fix\u00e9e au 6 janvier : f\u00eate des lumi\u00e8res, f\u00eate<\/strong><br \/><strong>de l\u2019eau, elle est beaucoup plus la c\u00e9l\u00e9bration de l\u2019inauguration du minist\u00e8re<\/strong><br \/><strong>public du Christ, lors de son bapt\u00eame au Jourdain, qu\u2019une festivit\u00e9 des \u00e9v\u00e9nements de l\u2019enfance de J\u00e9sus.<\/strong><br \/><strong>\u00a0 \u00a0 \u00a0 \u00a0 \u00a0 \u00a0 \u00a0 \u00a0 \u00a0 \u00a0 \u00a0 \u00a0 \u00a0 \u00a0 \u00a0 \u00a0 \u00a0 \u00a0 \u00a0 \u00a0 \u00a0 \u00a0 \u00a0 \u00a0 \u00a0 \u00a0 \u00a0 \u00a0 \u00a0 \u00a0 \u00a0 \u00a0 \u00a0 \u00a0 \u00a0 \u00a0 \u00a0 \u00a0 \u00a0 \u00a0 \u00a0 \u00a0 \u00a0 \u00a0 \u00a0 \u00a0 source : https:\/\/eglise.catholique.fr\/<\/strong><\/p>\n<p><a href=\"https:\/\/vimeo.com\/496495375\"><strong> <img fetchpriority=\"high\" decoding=\"async\" class=\" wp-image-3807 alignleft\" src=\"https:\/\/www.savigny-viry-catholique.fr\/wp-content\/uploads\/2021\/01\/Adoration-mages-Autun-300x200.jpg\" alt=\"\" width=\"368\" height=\"245\" \/><\/strong><\/a><\/p>\n<p>\u00a0<\/p>\n<p>\u00a0<\/p>\n<p><strong>Video m\u00e9ditative sur le chapiteau de la cath\u00e9drale d&rsquo;Autun<a href=\"https:\/\/vimeo.com\/496495375\">.\u00a0 Cliquez ici .<\/a><\/strong><\/p>\n<p>\u00a0<\/p>\n<p>\u00a0<\/p>\n<p>&#8212;&#8212;&#8212;&#8212;&#8212;&#8212;&#8212;&#8212;&#8212;&#8212;&#8212;&#8212;&#8212;&#8212;&#8212;&#8212;&#8212;&#8212;&#8212;&#8212;&#8212;&#8212;&#8212;&#8212;&#8212;&#8212;&#8212;&#8212;&#8212;&#8212;&#8212;&#8212;&#8212;&#8212;&#8212;&#8212;&#8212;&#8212;&#8212;<\/p>\n<h3><span style=\"color: #0000ff;\">LE BAPT\u00caME DU SEIGNEUR<\/span><\/h3>\n<figure id=\"attachment_3837\" aria-describedby=\"caption-attachment-3837\" style=\"width: 677px\" class=\"wp-caption alignnone\"><img loading=\"lazy\" decoding=\"async\" class=\"wp-image-3837\" src=\"https:\/\/www.savigny-viry-catholique.fr\/wp-content\/uploads\/2021\/01\/Bapteme-Christ-Ravenne-300x191.jpg\" alt=\"\" width=\"677\" height=\"431\" \/><figcaption id=\"caption-attachment-3837\" class=\"wp-caption-text\">Bapt\u00eame du Christ &#8211; Mosa\u00efque du VI \u00e8me si\u00e8cle &#8211; Ravenne (Italie) &#8211; \u00a9BW<\/figcaption><\/figure>\n<div class=\"spotlight01\">\n<h5 style=\"text-align: justify;\"><strong>Le\u00a0bapt\u00eame de J\u00e9sus,\u00a0c\u00e9l\u00e9br\u00e9 le dimanche qui suit l\u2019\u00c9piphanie, est un des \u00e9v\u00e9nements de la vie de J\u00e9sus les plus assur\u00e9s historiquement. Les quatre \u00e9vang\u00e9listes le mentionnent.<\/strong><\/h5>\n<\/div>\n<p style=\"text-align: justify;\"><strong>C\u2019est la premi\u00e8re manifestation publique du Christ. Lors de sa naissance \u00e0 Bethl\u00e9em, il n\u2019avait \u00e9t\u00e9 r\u00e9v\u00e9l\u00e9 qu\u2019\u00e0 quelques privil\u00e9gi\u00e9s. Aujourd\u2019hui, tous ceux qui entourent le Baptiste, c\u2019est-\u00e0-dire ses disciples et la foule venue aux bords du Jourdain, sont t\u00e9moins d\u2019une manifestation plus solennelle, que Jean soulignera d\u2019ailleurs lui-m\u00eame.<\/strong><\/p>\n<p style=\"text-align: justify;\"><strong>Elle comporte deux aspects : l\u2019aspect d\u2019humilit\u00e9 repr\u00e9sent\u00e9 par le\u00a0bapt\u00eame\u00a0auquel le Seigneur se soumet. L\u2019aspect de gloire repr\u00e9sent\u00e9 par le t\u00e9moignage humain que lui rend Jean le Baptiste et le t\u00e9moignage divin que le P\u00e8re et l\u2019Esprit rendent au Fils, la garantie que cet homme appartient bien \u00e0 la\u00a0<a class=\"glossary-term\" title=\"Myst\u00e8re d'un seul Dieu en trois personnes indivisibles.\" href=\"https:\/\/eglise.catholique.fr\/glossaire\/trinite\">Trinit\u00e9<\/a>\u00a0divine.<\/strong><\/p>\n<p><strong>Ces deux aspects sont \u00e0 retenir dans l\u2019histoire des hommes comme dans la vie int\u00e9rieure et spirituelle de chaque homme.\u00a0 \u00a0 &#8230;\/&#8230; <a href=\"https:\/\/eglise.catholique.fr\/approfondir-sa-foi\/la-celebration-de-la-foi\/les-grandes-fetes-chretiennes\/471382-le-bapteme-du-seigneur\/\">Texte int\u00e9gral \u00e0 lire ici\u00a0<\/a><\/strong><\/p>\n<p><strong>Source Eglise Catholique en\u00a0 France<\/strong><\/p>\n<hr \/>\n<h3><em><strong>\u00c9vangile selon Saint Marc (1,7-11)<\/strong><\/em><\/h3>\n<h4><span style=\"color: #0000ff;\"><em><strong>\u00ab\u00a0Tu es mon fils bien-aim\u00e9, en toi, je trouve ma joie\u00a0\u00bb<\/strong><\/em><\/span><\/h4>\n<h4 style=\"text-align: justify;\"><strong>En ce temps-l\u00e0, Jean le Baptiste proclamait : \u00ab Voici venir derri\u00e8re moi celui qui est plus fort que moi ; je ne suis pas digne de m\u2019abaisser pour d\u00e9faire la courroie de ses sandales. Moi, je vous ai baptis\u00e9s avec de l\u2019eau ; lui vous baptisera dans l\u2019Esprit Saint. \u00bb<\/strong><br \/><strong>En ces jours-l\u00e0, J\u00e9sus vint de Nazareth, ville de Galil\u00e9e, et il fut baptis\u00e9 par Jean dans le Jourdain. Et aussit\u00f4t, en remontant de l\u2019eau, il vit les cieux se d\u00e9chirer et l\u2019Esprit descendre sur lui comme une colombe. Il y eut une voix venant des cieux : \u00ab Tu es mon Fils bien-aim\u00e9 ; en toi, je trouve ma joie. \u00bb<\/strong><\/h4>\n<hr \/>\n<div class=\"entry-content\">\u00a0<\/div>\n<p>\u00a0<\/p>\n<h3>N&rsquo;OUBLIEZ PAS LA QU\u00caTE !!!<img loading=\"lazy\" decoding=\"async\" class=\"size-full wp-image-3240 alignright\" src=\"http:\/\/www.savigny-viry-catholique.fr\/wp-content\/uploads\/2020\/11\/quete-en-lignet.jpg\" alt=\"\" width=\"298\" height=\"169\" \/><\/h3>\n<h3><strong>R\u00e9ouverture de la plate-forme\u00a0<em><a href=\"https:\/\/quete.catholique.fr\/?reserved_diocese=EVRY&amp;reserved_paroisse=\">quete.catholique.fr<\/a><\/em><\/strong><\/h3>\n<p>Ce nouveau confinement emp\u00eache de nouveau nombre de catholiques de se rendre aux c\u00e9l\u00e9brations de leur paroisse et ainsi de participer \u00e0 la qu\u00eate. La qu\u00eate, collect\u00e9e chaque dimanche constitue l\u2019une des principales ressources des paroisses et va conna\u00eetre une baisse comme lors du premier confinement.<\/p>\n<p>Comme lors du confinement du printemps dernier, la Conf\u00e9rence des \u00e9v\u00eaques de France met en place \u00e0 partir d\u2019aujourd\u2019hui une plateforme de <strong>don en ligne<\/strong> temporaire, <span style=\"color: #ff0000;\"><em><strong>s\u00e9curis\u00e9e<\/strong> <\/em><\/span>et accessible \u00e0 l\u2019adresse : <strong><em><a href=\"https:\/\/quete.catholique.fr\/?reserved_diocese=EVRY&amp;reserved_paroisse=\">quete.catholique.fr<\/a><\/em><\/strong><\/p>\n<p>Vous pouvez aussi aider votre dioc\u00e8se par le denier ; dans ces temps difficiles la g\u00e9n\u00e9rosit\u00e9 doit continuer<strong>\u00a0<a href=\"http:\/\/www.savigny-viry-catholique.fr\/portfolio\/la-generosite-continue\/\"> Voir ici.\u00a0<\/a><\/strong><\/p>\n<p><i>Par avance <\/i><em><strong>MERCI !<\/strong><\/em><\/p>\n<h5 tabindex=\"0\" role=\"textbox\" aria-label=\"R\u00e9digez un titre\u2026\" aria-multiline=\"true\" data-block=\"251dace9-6fe4-4f60-8eb3-6213959cb931\" data-type=\"core\/heading\" data-title=\"Titre\">&#8212;&#8212;&#8212;&#8212;&#8212;&#8212;&#8212;&#8212;&#8212;&#8212;&#8212;&#8212;&#8212;&#8212;&#8212;&#8212;&#8212;&#8212;&#8212;&#8212;&#8212;&#8212;&#8212;&#8212;&#8212;&#8212;&#8212;&#8212;&#8212;&#8212;&#8212;&#8212;-<\/h5>\n<div class=\"main col-lg-9 col-md-8\" role=\"main\">\n<article class=\"post-3048 post type-post status-publish format-standard has-post-thumbnail hentry category-officiel\">\n<div class=\"entry-content\">\n<h5><img loading=\"lazy\" decoding=\"async\" class=\"wp-image-3050 alignleft\" src=\"http:\/\/www.savigny-viry-catholique.fr\/wp-content\/uploads\/2020\/10\/papefrancoisok-300x222.jpg\" alt=\"\" width=\"230\" height=\"157\" \/><\/h5>\n<h5>Message pour la Paix et le 1er janvier 2021<\/h5>\n<h5><a href=\"http:\/\/www.savigny-viry-catholique.fr\/Download\/doc\/MESSAGE-DU-PAPE-Paix-2021.pdf\"><span style=\"color: #0000ff;\">\u00e0 t\u00e9l\u00e9charger ici<\/span><\/a><\/h5>\n<h5>Message URBI et ORBI du 25 d\u00e9cembre 2020<\/h5>\n<h5><a href=\"http:\/\/www.savigny-viry-catholique.fr\/Download\/doc\/2020-12-25Pape-Francois-MESSAGE-URBI-ET-ORBI.pdf\"><strong><span style=\"color: #0000ff;\">\u00e0 t\u00e9l\u00e9charger ici\u00a0<\/span><\/strong><\/a><\/h5>\n<h5>\u00a0<\/h5>\n<h5>En cette p\u00e9riode de confinement, la lecture de l&rsquo;encyclique du pape Fran\u00e7ois, &lsquo;Fratelli Tutti&rsquo; est toujours possible et conseill\u00e9e ! Vous pouvez :<\/h5>\n<h5>Lire sur le site du Dioc\u00e8se le \u00a0<a href=\"https:\/\/evry.catholique.fr\/encyclique-du-pape-francois-fratelli-tutti\/\">r\u00e9sum\u00e9 de l\u2019encyclique \u00ab\u00a0Fratelli tutti\u00a0\u00bb<\/a><\/h5>\n<h4>Lire et\/ou t\u00e9l\u00e9charger le\u00a0<a href=\"http:\/\/www.savigny-viry-catholique.fr\/Download\/doc\/20201003_enciclica-fratelli-tutti_pape-Francois.pdf\">texte int\u00e9gral de l\u2019encyclique ici<\/a><\/h4>\n<\/div>\n<\/article>\n<\/div>\n","protected":false},"excerpt":{"rendered":"","protected":false},"author":990003,"featured_media":3837,"comment_status":"closed","ping_status":"closed","sticky":false,"template":"","format":"standard","meta":{"give_campaign_id":0,"footnotes":""},"categories":[1],"tags":[],"class_list":["post-3834","post","type-post","status-publish","format-standard","has-post-thumbnail","hentry","category-uncategorized"],"_links":{"self":[{"href":"https:\/\/demos.uptitude.fr\/savviry1\/wp-json\/wp\/v2\/posts\/3834","targetHints":{"allow":["GET"]}}],"collection":[{"href":"https:\/\/demos.uptitude.fr\/savviry1\/wp-json\/wp\/v2\/posts"}],"about":[{"href":"https:\/\/demos.uptitude.fr\/savviry1\/wp-json\/wp\/v2\/types\/post"}],"author":[{"embeddable":true,"href":"https:\/\/demos.uptitude.fr\/savviry1\/wp-json\/wp\/v2\/users\/990003"}],"replies":[{"embeddable":true,"href":"https:\/\/demos.uptitude.fr\/savviry1\/wp-json\/wp\/v2\/comments?post=3834"}],"version-history":[{"count":0,"href":"https:\/\/demos.uptitude.fr\/savviry1\/wp-json\/wp\/v2\/posts\/3834\/revisions"}],"wp:featuredmedia":[{"embeddable":true,"href":"https:\/\/demos.uptitude.fr\/savviry1\/wp-json\/"}],"wp:attachment":[{"href":"https:\/\/demos.uptitude.fr\/savviry1\/wp-json\/wp\/v2\/media?parent=3834"}],"wp:term":[{"taxonomy":"category","embeddable":true,"href":"https:\/\/demos.uptitude.fr\/savviry1\/wp-json\/wp\/v2\/categories?post=3834"},{"taxonomy":"post_tag","embeddable":true,"href":"https:\/\/demos.uptitude.fr\/savviry1\/wp-json\/wp\/v2\/tags?post=3834"}],"curies":[{"name":"wp","href":"https:\/\/api.w.org\/{rel}","templated":true}]}}