{"id":3846,"date":"2020-12-31T19:27:00","date_gmt":"2020-12-31T19:27:00","guid":{"rendered":"https:\/\/www.savigny-viry-catholique.fr\/?p=3846"},"modified":"2020-12-31T19:27:00","modified_gmt":"2020-12-31T19:27:00","slug":"le-temps-de-noel","status":"publish","type":"post","link":"https:\/\/demos.uptitude.fr\/savviry1\/le-temps-de-noel\/","title":{"rendered":"LE TEMPS DE NO\u00cbL"},"content":{"rendered":"\n<h5><span style=\"background-color: #ffff00; color: #0000ff;\">\u00a0Ann\u00e9e B. <\/span><span style=\"color: #000000;\">No\u00ebl et l\u2019octave de la Nativit\u00e9 du Seigneur,\u00a0<\/span><span style=\"color: #000000;\">L\u2019\u00c9piphanie du Seigneur, <\/span><span style=\"color: #000000;\">Le Bapt\u00eame du Seigneur <a style=\"color: #000000;\" title=\"Le Bapt\u00eame du Seigneur\" href=\"https:\/\/liturgie.catholique.fr\/accueil\/annee-liturgique\/de-lavent-au-temps-de-noel\/le-temps-de-noel\/le-bapteme-du-seigneur\/\"><span style=\"text-decoration: underline;\">;<\/span><\/a><\/span>\u00a0voici des\u00a0 pistes pour vivre notre foi autrement.<\/h5>\n<p><!--more--><\/p>\n<h5>Ainsi, vous trouverez ci apr\u00e8s :\u00a0<\/h5>\n<ul>\n<li><strong>\u00a0<\/strong><\/li>\n<li><strong>la proposition du dioc\u00e8se : une liturgie familiale le dimanche 27 d\u00e9cembre<\/strong><\/li>\n<li><strong>la possibilit\u00e9 de participer \u00e0 la qu\u00eate <\/strong><\/li>\n<li><strong>le message du pape pour le 1er janvier 2021<\/strong><\/li>\n<\/ul>\n<h5><span style=\"color: #0000ff;\">Notez que vous pouvez suivre en direct,\u00a0 la messe c\u00e9l\u00e9br\u00e9e en l&rsquo;\u00e9glise Ste Th\u00e9r\u00e8se \u00e0 11h00<\/span>\u00a0<\/h5>\n<h5><span style=\"background-color: #ccffff; color: #ff00ff;\"><strong><a href=\"https:\/\/www.youtube.com\/channel\/UCMIMUDEqUCGxHRdxXpvx1Ug\">\u00a0\u00e0 cette adresse :<\/a> <a href=\"https:\/\/www.youtube.com\/channel\/UCMIMUDEqUCGxHRdxXpvx1Ug\"><img decoding=\"async\" class=\"alignnone size-medium wp-image-3190\" src=\"http:\/\/www.savigny-viry-catholique.fr\/wp-content\/uploads\/2020\/10\/ASTSM-TV-300x49.jpg\" alt=\"\" width=\"300\" height=\"49\" \/><\/a><\/strong><\/span><\/h5>\n<h5>&#8212;&#8212;&#8212;&#8212;&#8212;&#8212;&#8212;&#8212;&#8212;&#8212;&#8212;&#8212;&#8212;&#8212;&#8212;&#8212;&#8212;&#8212;&#8212;&#8212;&#8212;&#8212;&#8212;&#8212;&#8212;&#8212;&#8212;&#8212;&#8212;&#8212;&#8212;&#8212;-<\/h5>\n<div dir=\"ltr\">\n<div dir=\"ltr\">\n<h4 style=\"text-align: justify;\">\u00c0\u00a0No\u00ebl, en c\u00e9l\u00e9brant le 25 d\u00e9cembre, la naissance de J\u00e9sus, l\u2019incarnation du Fils de Dieu, c\u2019est le myst\u00e8re pascal tout entier qui est c\u00e9l\u00e9br\u00e9 sous un aspect particulier.<\/h4>\n<h5 style=\"text-align: justify;\"><strong style=\"color: inherit; font-size: 1em;\">Vous pouvez <a href=\"https:\/\/www.dailymotion.com\/video\/x7ybtf6\">voir ici la vid\u00e9o de l&rsquo;hom\u00e9lie du P\u00e8re Emmanuel<\/a>\u00a0<\/strong><strong><a href=\"https:\/\/www.dailymotion.com\/video\/x7ybtf6\"><br \/><img decoding=\"async\" class=\"wp-image-3758 alignright\" src=\"https:\/\/www.savigny-viry-catholique.fr\/wp-content\/uploads\/2020\/12\/Homelie-2020-12-25-300x173.jpg\" alt=\"\" width=\"177\" height=\"102\" \/><\/a><\/strong><strong>lors de la messe du Jour de No\u00ebl 2020<\/strong><\/h5>\n<p>\u00a0<\/p>\n<\/div>\n<\/div>\n<h5><img decoding=\"async\" class=\"wp-image-2970 alignleft\" src=\"https:\/\/www.savigny-viry-catholique.fr\/wp-content\/uploads\/2020\/09\/BIDZOGO-V1-284x300.jpg\" alt=\"\" width=\"158\" height=\"167\" \/><\/h5>\n<h5><em><strong>P\u00e8re Emmanuel BIDZOGO<\/strong><\/em><\/h5>\n<h5><em><strong>Responsable du Secteur pastoral Savigny-Viry<\/strong><\/em><\/h5>\n<p>\u00a0<\/p>\n<p>\u00a0<\/p>\n<p>\u00a0<\/p>\n<hr \/>\n<h4 style=\"text-align: left;\"><img loading=\"lazy\" decoding=\"async\" class=\"size-medium wp-image-3687 alignleft\" src=\"https:\/\/www.savigny-viry-catholique.fr\/wp-content\/uploads\/2020\/12\/Sainte-famille-icone-205x300.jpg\" alt=\"\" width=\"205\" height=\"300\" \/><\/h4>\n<table style=\"border-collapse: collapse; width: 67.0667%; height: 193px;\">\n<tbody>\n<tr>\n<td style=\"width: 100%;\">\n<h4 style=\"text-align: left;\"><strong><em>Liturgie familiale pour <\/em><em>le<\/em><\/strong><\/h4>\n<h4 style=\"text-align: left;\"><strong>dimanche 27 d\u00e9cembre 2020<\/strong><\/h4>\n<h4 style=\"text-align: left;\"><strong>F\u00eate de la Sainte Famille<\/strong><\/h4>\n<\/td>\n<\/tr>\n<\/tbody>\n<\/table>\n<h4 style=\"text-align: center;\"><span style=\"color: #0000ff;\">T\u00e9l\u00e9chargez le <a href=\"http:\/\/www.savigny-viry-catholique.fr\/Download\/doc\/2020-12-27Liturgie-familiale-dimanche27dec.pdf\">document ici\u00a0<\/a><\/span><\/h4>\n<p>\u00a0<\/p>\n<hr \/>\n<div dir=\"ltr\">\n<div dir=\"ltr\">\u00a0<\/div>\n<\/div>\n<h3 style=\"text-align: justify;\">1 er jour de l&rsquo;ann\u00e9e<\/h3>\n<h3 class=\"bloc-summary-title\">Sainte Marie M\u00e8re de Dieu<\/h3>\n<h5 style=\"text-align: justify;\"><strong>En ce jour o\u00f9 l\u2019\u00c9glise invite les fid\u00e8les \u00e0 prier pour la paix,(<span style=\"color: #0000ff;\"><em>Message du pape pour <a href=\"http:\/\/www.savigny-viry-catholique.fr\/Download\/doc\/MESSAGE-DU-PAPE-Paix-2021.pdf\">la Paix en ce 1er janvier 2021 \u00e0 lire ici<\/a><\/em><\/span>) elle nous donne pour mod\u00e8le Marie, celle qui a accueilli le projet de Dieu sans r\u00e9serve : donner au monde le Sauveur, son propre Fils<\/strong><\/h5>\n<p style=\"text-align: justify;\">\u00a0<\/p>\n<p style=\"text-align: justify;\"><img loading=\"lazy\" decoding=\"async\" class=\"alignnone size-full wp-image-3682\" src=\"https:\/\/www.savigny-viry-catholique.fr\/wp-content\/uploads\/2020\/12\/Mages-etoile01.jpg\" alt=\"\" width=\"278\" height=\"196\" \/><\/p>\n<h3 class=\"bloc-summary-title\" style=\"text-align: justify;\">L&rsquo;Epiphanie<\/h3>\n<h5 style=\"text-align: justify;\">La\u00a0f\u00eate de l\u2019\u00c9piphanie qui signifie \u00ab manifestation de Dieu \u00bb\u00a0<strong> est venue d\u2019Orient o\u00f9 elle a \u00e9t\u00e9 fix\u00e9e au 6 janvier : f\u00eate des lumi\u00e8res, f\u00eate <\/strong><strong>de l\u2019eau, elle est beaucoup plus la c\u00e9l\u00e9bration de l\u2019inauguration du minist\u00e8re <\/strong><strong>public du Christ, lors de son bapt\u00eame au Jourdain, qu\u2019une festivit\u00e9 des \u00e9v\u00e9nements de l\u2019enfance de J\u00e9sus.<\/strong><br \/><strong>Dans la liturgie latine, l\u00e0 o\u00f9 ce jour n\u2019est pas f\u00e9ri\u00e9, la c\u00e9l\u00e9bration de cette f\u00eate est fix\u00e9e au dimanche le plus proche du 6 janvier, afin que le plus grand nombre des fid\u00e8les puissent la comm\u00e9morer. (En 2021, le 3 janvier en France). En Occident, elle est surtout la f\u00eate des Mages ou des \u00ab Rois \u00bb. Les manifestations <\/strong><strong>inaugurales de la vie publique ne sont pas oubli\u00e9es, puisque l\u2019office de la f\u00eate parle des trois myst\u00e8res de ce jour comme n\u2019en faisant qu\u2019un : l\u2019adoration des Mages, le bapt\u00eame de J\u00e9sus et les noces de Cana ; il faut dire cependant que les Mages retiennent presque toute l\u2019attention. Pour laisser \u00e0 l\u2019\u00c9piphanie toute sa dimension de \u00ab Pentec\u00f4te \u00bb du cycle de la Nativit\u00e9, l\u2019\u00c9glise latine a r\u00e9cemment instaur\u00e9 la F\u00eate du Bapt\u00eame du Seigneur, c\u00e9l\u00e9br\u00e9e le dimanche qui suit l\u2019\u00c9piphanie.\u00a0 \u00a0 \u00a0 \u00a0 \u00a0 \u00a0 \u00a0 \u00a0 \u00a0 \u00a0 \u00a0 \u00a0 \u00a0 \u00a0 \u00a0 \u00a0 \u00a0 \u00a0 \u00a0 \u00a0 \u00a0 \u00a0 \u00a0 \u00a0 \u00a0 \u00a0 \u00a0 \u00a0 \u00a0 \u00a0 \u00a0 \u00a0 \u00a0 \u00a0 \u00a0 \u00a0 \u00a0 \u00a0 \u00a0 \u00a0 \u00a0 \u00a0 \u00a0 \u00a0 \u00a0 \u00a0 \u00a0 \u00a0 \u00a0 \u00a0 \u00a0 \u00a0 \u00a0 \u00a0 \u00a0 \u00a0 \u00a0 \u00a0 \u00a0 \u00a0 \u00a0 \u00a0 \u00a0 \u00a0 \u00a0 \u00a0 \u00a0 \u00a0 \u00a0 \u00a0 \u00a0 \u00a0 <\/strong><\/h5>\n<h5 style=\"text-align: justify;\"><strong>source : https:\/\/eglise.catholique.fr\/<\/strong><\/h5>\n<p>\u00a0<\/p>\n<p><a href=\"https:\/\/vimeo.com\/496495375\"><strong><img loading=\"lazy\" decoding=\"async\" class=\"size-medium wp-image-3807 alignleft\" src=\"https:\/\/www.savigny-viry-catholique.fr\/wp-content\/uploads\/2021\/01\/Adoration-mages-Autun-300x200.jpg\" alt=\"\" width=\"300\" height=\"200\" \/><\/strong><\/a><strong>Video m\u00e9ditative sur le chapiteau de la cath\u00e9drale d&rsquo;Autun<a href=\"https:\/\/vimeo.com\/496495375\">.\u00a0 Cliquez ici .<\/a><\/strong><\/p>\n<p>\u00a0<\/p>\n<p>\u00a0<\/p>\n<p>\u00a0<\/p>\n<p>\u00a0<\/p>\n<h3 class=\"bloc-summary-title\">Le bapt\u00eame du Seigneur<\/h3>\n<h5 style=\"text-align: justify;\">C\u2019est la\u00a0F\u00eate\u00a0qui cl\u00f4t le cycle de\u00a0No\u00ebl. On la c\u00e9l\u00e8bre le dimanche qui suit le 6 janvier. L\u2019Epiphanie inclut les trois myst\u00e8res de l\u2019adoration des Mages, du Bapt\u00eame\u00a0du Seigneur et des noces de Cana.<\/h5>\n<p><a href=\"https:\/\/www.savigny-viry-catholique.fr\/2021\/01\/09\/bapteme-du-seigneur\/\"><span style=\"color: #008000;\"><strong>aller sur la page du dimanche 10 janvier 2021<\/strong><\/span><\/a><\/p>\n<hr \/>\n<div class=\"entry-content\">\n<h4><span style=\"color: #ff6600;\"><strong>Les m\u00e9ditations des dimanches pr\u00e9c\u00e9dents\u00a0 :<\/strong><\/span><\/h4>\n<h5>Dimanche 20 d\u00e9cembre 2020 : <a href=\"http:\/\/www.savigny-viry-catholique.fr\/Download\/doc\/ANNONCIATION-JDoussint.pdf\">M\u00e9ditation propos\u00e9e par Jean Doussint &#8211; Diacre<\/a><\/h5>\n<h5><strong>Dimanche 13 d\u00e9cembre 2020 : <a href=\"http:\/\/www.savigny-viry-catholique.fr\/Download\/doc\/2020-12-13Meditation-Evangile-YN.pdf\">M\u00e9ditation propos\u00e9e par Yannick Le Nouen &#8211; Diacre<\/a><\/strong><\/h5>\n<h5>Dimanche 6 d\u00e9cembre 2020 : \u00a0\u00a0<a href=\"http:\/\/www.savigny-viry-catholique.fr\/Download\/doc\/2020-12-06MEDITATION-Evangile-DL1.pdf\">M\u00e9ditation propos\u00e9e par Daniel Lambert &#8211; Diacre<\/a><\/h5>\n<h5>Dimanche 29 novembre 2020 : <a href=\"http:\/\/www.savigny-viry-catholique.fr\/Download\/doc\/2020-11-29MEDITATION-PereBoris-Segla.pdf\">M\u00e9ditation propos\u00e9e par le p\u00e8re Boris Segla<\/a><\/h5>\n<h5><strong>Dimanche 22 novembre 2020 : <a href=\"http:\/\/www.savigny-viry-catholique.fr\/Download\/doc\/2020-11-22Meditation-Evangile.pdf\">M\u00e9ditation propos\u00e9e par le p\u00e8re Achille Waffo<\/a><\/strong><\/h5>\n<\/div>\n<footer class=\"single-footer\">\n<h5>Dimanche 15 novembre 2020 : <a href=\"http:\/\/www.savigny-viry-catholique.fr\/Download\/doc\/2020-11-15Meditation-Evangile.pdf\">M\u00e9ditation propos\u00e9e par le p\u00e8re Antoine JOHNSON<\/a><\/h5>\n<h5>Dimanche 8 novembre 2020 : <a href=\"http:\/\/www.savigny-viry-catholique.fr\/Download\/doc\/2020-11-08M\u00e9ditation.pdf\">M\u00e9ditation propos\u00e9e par le p\u00e8re Emmanuel BIDZOGO<\/a><\/h5>\n<p>\u00a0<\/p>\n<\/footer>\n<p>&#8212;&#8212;&#8212;&#8212;&#8212;&#8212;&#8212;&#8212;&#8212;&#8212;&#8212;&#8212;&#8212;&#8212;&#8212;&#8212;&#8212;&#8212;&#8212;&#8212;&#8212;&#8212;&#8212;&#8212;&#8212;&#8212;&#8212;&#8212;&#8212;&#8212;&#8212;&#8212;&#8212;&#8212;&#8212;&#8212;&#8212;&#8212;&#8212;<\/p>\n<h3>N&rsquo;OUBLIEZ PAS LA QU\u00caTE !!!<img loading=\"lazy\" decoding=\"async\" class=\"size-full wp-image-3240 alignright\" src=\"http:\/\/www.savigny-viry-catholique.fr\/wp-content\/uploads\/2020\/11\/quete-en-lignet.jpg\" alt=\"\" width=\"298\" height=\"169\" \/><\/h3>\n<h3><strong>R\u00e9ouverture de la plate-forme\u00a0<em><a href=\"https:\/\/quete.catholique.fr\/?reserved_diocese=EVRY&amp;reserved_paroisse=\">quete.catholique.fr<\/a><\/em><\/strong><\/h3>\n<p>Ce nouveau confinement emp\u00eache de nouveau nombre de catholiques de se rendre aux c\u00e9l\u00e9brations de leur paroisse et ainsi de participer \u00e0 la qu\u00eate. La qu\u00eate, collect\u00e9e chaque dimanche constitue l\u2019une des principales ressources des paroisses et va conna\u00eetre une baisse comme lors du premier confinement.<\/p>\n<p>Comme lors du confinement du printemps dernier, la Conf\u00e9rence des \u00e9v\u00eaques de France met en place \u00e0 partir d\u2019aujourd\u2019hui une plateforme de <strong>don en ligne<\/strong> temporaire, <span style=\"color: #ff0000;\"><em><strong>s\u00e9curis\u00e9e<\/strong> <\/em><\/span>et accessible \u00e0 l\u2019adresse : <strong><em><a href=\"https:\/\/quete.catholique.fr\/?reserved_diocese=EVRY&amp;reserved_paroisse=\">quete.catholique.fr<\/a><\/em><\/strong><\/p>\n<p>Vous pouvez aussi aider votre dioc\u00e8se par le denier ; dans ces temps difficiles la g\u00e9n\u00e9rosit\u00e9 doit continuer<strong>\u00a0<a href=\"http:\/\/www.savigny-viry-catholique.fr\/portfolio\/la-generosite-continue\/\"> Voir ici.\u00a0<\/a><\/strong><\/p>\n<p><i>Par avance <\/i><em><strong>MERCI !<\/strong><\/em><\/p>\n<h5 tabindex=\"0\" role=\"textbox\" aria-label=\"R\u00e9digez un titre\u2026\" aria-multiline=\"true\" data-block=\"251dace9-6fe4-4f60-8eb3-6213959cb931\" data-type=\"core\/heading\" data-title=\"Titre\">&#8212;&#8212;&#8212;&#8212;&#8212;&#8212;&#8212;&#8212;&#8212;&#8212;&#8212;&#8212;&#8212;&#8212;&#8212;&#8212;&#8212;&#8212;&#8212;&#8212;&#8212;&#8212;&#8212;&#8212;&#8212;&#8212;&#8212;&#8212;&#8212;&#8212;&#8212;&#8212;-<\/h5>\n<div class=\"main col-lg-9 col-md-8\" role=\"main\">\n<article class=\"post-3048 post type-post status-publish format-standard has-post-thumbnail hentry category-officiel\">\n<div class=\"entry-content\">\n<h5><img loading=\"lazy\" decoding=\"async\" class=\"wp-image-3050 alignleft\" src=\"http:\/\/www.savigny-viry-catholique.fr\/wp-content\/uploads\/2020\/10\/papefrancoisok-300x222.jpg\" alt=\"\" width=\"230\" height=\"157\" \/><\/h5>\n<h5>\u00a0<\/h5>\n<h5>Message URBI et ORBI du 25 d\u00e9cembre 2020<\/h5>\n<h5><a href=\"http:\/\/www.savigny-viry-catholique.fr\/Download\/doc\/2020-12-25Pape-Francois-MESSAGE-URBI-ET-ORBI.pdf\"><strong><span style=\"color: #0000ff;\">\u00e0 t\u00e9l\u00e9charger ici\u00a0<\/span><\/strong><\/a><\/h5>\n<h5>\u00a0<\/h5>\n<h5>En cette p\u00e9riode de confinement, la lecture de l&rsquo;encyclique du pape Fran\u00e7ois, &lsquo;Fratelli Tutti&rsquo; est toujours possible et conseill\u00e9e ! Vous pouvez :<\/h5>\n<h5>Lire sur le site du Dioc\u00e8se le \u00a0<a href=\"https:\/\/evry.catholique.fr\/encyclique-du-pape-francois-fratelli-tutti\/\">r\u00e9sum\u00e9 de l\u2019encyclique \u00ab\u00a0Fratelli tutti\u00a0\u00bb<\/a><\/h5>\n<h4>Lire et\/ou t\u00e9l\u00e9charger le\u00a0<a href=\"http:\/\/www.savigny-viry-catholique.fr\/Download\/doc\/20201003_enciclica-fratelli-tutti_pape-Francois.pdf\">texte int\u00e9gral de l\u2019encyclique ici<\/a><\/h4>\n<\/div>\n<\/article>\n<\/div>\n<p>\u00a0<\/p>\n<p>\u00a0<\/p>\n","protected":false},"excerpt":{"rendered":"","protected":false},"author":990003,"featured_media":3675,"comment_status":"open","ping_status":"open","sticky":false,"template":"","format":"standard","meta":{"give_campaign_id":0,"footnotes":""},"categories":[1],"tags":[],"class_list":["post-3846","post","type-post","status-publish","format-standard","has-post-thumbnail","hentry","category-uncategorized"],"_links":{"self":[{"href":"https:\/\/demos.uptitude.fr\/savviry1\/wp-json\/wp\/v2\/posts\/3846","targetHints":{"allow":["GET"]}}],"collection":[{"href":"https:\/\/demos.uptitude.fr\/savviry1\/wp-json\/wp\/v2\/posts"}],"about":[{"href":"https:\/\/demos.uptitude.fr\/savviry1\/wp-json\/wp\/v2\/types\/post"}],"author":[{"embeddable":true,"href":"https:\/\/demos.uptitude.fr\/savviry1\/wp-json\/wp\/v2\/users\/990003"}],"replies":[{"embeddable":true,"href":"https:\/\/demos.uptitude.fr\/savviry1\/wp-json\/wp\/v2\/comments?post=3846"}],"version-history":[{"count":0,"href":"https:\/\/demos.uptitude.fr\/savviry1\/wp-json\/wp\/v2\/posts\/3846\/revisions"}],"wp:featuredmedia":[{"embeddable":true,"href":"https:\/\/demos.uptitude.fr\/savviry1\/wp-json\/wp\/v2\/media\/3675"}],"wp:attachment":[{"href":"https:\/\/demos.uptitude.fr\/savviry1\/wp-json\/wp\/v2\/media?parent=3846"}],"wp:term":[{"taxonomy":"category","embeddable":true,"href":"https:\/\/demos.uptitude.fr\/savviry1\/wp-json\/wp\/v2\/categories?post=3846"},{"taxonomy":"post_tag","embeddable":true,"href":"https:\/\/demos.uptitude.fr\/savviry1\/wp-json\/wp\/v2\/tags?post=3846"}],"curies":[{"name":"wp","href":"https:\/\/api.w.org\/{rel}","templated":true}]}}