{"id":3864,"date":"2021-01-13T16:17:00","date_gmt":"2021-01-13T16:17:00","guid":{"rendered":"https:\/\/www.savigny-viry-catholique.fr\/?p=3864"},"modified":"2021-01-13T16:17:00","modified_gmt":"2021-01-13T16:17:00","slug":"semaine-de-priere-pour-lunite-des-chretiens","status":"publish","type":"post","link":"https:\/\/demos.uptitude.fr\/savviry1\/semaine-de-priere-pour-lunite-des-chretiens\/","title":{"rendered":"SEMAINE DE PRIERE POUR l&rsquo;UNITE des CHRETIENS"},"content":{"rendered":"\n<p>Chaque ann\u00e9e, le principal temps fort \u0153cum\u00e9nique demeure la \u00ab Semaine de pri\u00e8re pour l\u2019unit\u00e9 chr\u00e9tienne \u00bb qui, depuis 1908,\u00a0rassemble des chr\u00e9tiens de toutes confessions du 18 au 25 janvier.<!--more--><\/p>\n\n\n\n<h3><span style=\"color: #0000ff;\"><em>\u00ab\u00a0Demeurez dans mon amour et vous porterez du fruit en abondance\u00a0\u00bb\u00a0 (cf Jean 15, 1-17)<\/em><\/span><\/h3>\n<p style=\"text-align: justify;\"><strong>Le th\u00e8me de cette ann\u00e9e exprime la vocation de pri\u00e8re, de<\/strong> <strong>r\u00e9conciliation et d\u2019unit\u00e9 dans l\u2019\u00c9glise et la famille humaine de cette communaut\u00e9 religieuse. Il indique \u00e9galement la mission de tout chr\u00e9tien.\u00a0 <a href=\"https:\/\/eglise.catholique.fr\/approfondir-sa-foi\/vivre-sa-foi-a-tous-les-ages\/lunite-des-chretiens\/369578-la-semaine-de-priere-pour-lunite-chretienne\/\">(suite sur le portail de l&rsquo;Eglise catholique en France)<\/a><\/strong><\/p>\n<h5 id=\"block-9bde0476-33e5-458b-b44e-c3aa07c0373b\" class=\"block-editor-block-list__block wp-block rich-text block-editor-rich-text__editable wp-block\" tabindex=\"0\" role=\"textbox\" aria-label=\"Bloc paragraphe\" aria-multiline=\"true\" data-block=\"9bde0476-33e5-458b-b44e-c3aa07c0373b\" data-type=\"core\/paragraph\" data-title=\"Paragraphe\">Des c\u00e9l\u00e9brations auront lieu :<\/h5>\n<ul>\n<li>\n<h5>\u00c0 Sainte Genevi\u00e8ve des Bois :\u00a0<span style=\"color: #ff6600;\"><strong>samedi 23 janvier,\u00a0<\/strong>\u00e0 15h<\/span>, \u00e0 l\u2019\u00e9glise Protestante Unie de la Vall\u00e9e de l\u2019Orge, 1 Rue Fr\u00e9d\u00e9ric Joliot Curie,<\/h5>\n<\/li>\n<li>\n<h5>Dans le secteur de la Vall\u00e9e de l\u2019Yvette : une c\u00e9l\u00e9bration sera retransmise de St Paul de Chevry <span style=\"color: #ff6600;\">le vendredi 22 janvier \u00e0 20h30<\/span> sur youtube,\u00a0<a href=\"https:\/\/www.youtube.com\/channel\/UCtBgKqAjy_5UqBdWm2TXsTg\"><em><strong>via ce lien<\/strong><\/em><\/a>.<\/h5>\n<h5>Cette c\u00e9l\u00e9bration r\u00e9unira des membres de l\u2019\u00c9glise Protestante Unie, de l\u2019\u00c9glise anglicane, des baptistes, des orthodoxes et des catholiques.<\/h5>\n<\/li>\n<\/ul>\n<p>&nbsp;<\/p>\n<h5><span style=\"color: #0000ff;\"><em>Le texte de St Jean ( chapitre 15 , versets 1-17):<\/em><\/span><\/h5>\n<div data-canvas-width=\"20.384800000000002\">\n<h5 style=\"text-align: justify;\"><span style=\"color: #0000ff;\"><em>1Moi je suis la vraie vigne et mon P\u00e8re est le vigneron. 2Il enl\u00e8ve tout sarment qui, uni \u00e0 moi, ne porte pas de fruit, mais il taille, il purifie chaque sarment qui porte du fruit, afin qu&rsquo;il en porte encore plus. 3Vous, vous \u00eates d\u00e9j\u00e0 purs gr\u00e2ce \u00e0 la parole que je vous ai dite. 4Demeurez unis \u00e0 moi, comme je suis uni \u00e0 vous. Un sarment ne peut pas porter de fruit par lui-m\u00eame, sans \u00eatre uni \u00e0 la vigne ; de m\u00eame, vous non plus vous ne pouvez pas porter de fruit si vous ne demeurez pas unis \u00e0 moi. 5Moi je suis la vigne, vous \u00eates les sarments. La personne qui demeure unie \u00e0 moi, et \u00e0 qui je suis uni, porte beaucoup de fruits, car sans moi vous ne pouvez rien faire. 6La personne qui ne demeure pas unie \u00e0 moi est jet\u00e9e dehors, comme un sarment, et elle s\u00e8che ; les sarments secs, on les ramasse, on les jette au feu et ils br\u00fblent. 7Si vous demeurez unis \u00e0 moi et que mes paroles demeurent en vous, demandez ce que vous voulez et cela sera fait pour vous. 8Voici comment la gloire de mon P\u00e8re se manifeste : quand vous portez beaucoup de fruits et que vous vous montrez ainsi mes disciples. 9Tout comme le P\u00e8re m&rsquo;a aim\u00e9, je vous ai aim\u00e9s. Demeurez dans mon amour. 10Si vous ob\u00e9issez \u00e0 mes commandements, vous demeurerez dans mon amour, tout comme j&rsquo;ai ob\u00e9i aux commandements de mon P\u00e8re et que je demeure dans son amour.<\/em><\/span><\/h5>\n<h5 style=\"text-align: justify;\"><span style=\"color: #0000ff;\"><em>11Je vous ai dit cela afin que ma joie soit en vous et que votre joie soit compl\u00e8te. 12Voici mon commandement : aimez-vous les uns les autres comme je vous ai aim\u00e9s. 13Il n&rsquo;y a pas de plus grand amour que de donner sa vie pour ses amis. 14Vous \u00eates mes amis si vous faites ce que je vous commande. 15Je ne vous appelle plus serviteurs, parce qu&rsquo;un serviteur ne sait pas ce que fait son ma\u00eetre. Je vous appelle amis, parce que je vous ai fait conna\u00eetre tout ce que j&rsquo;ai appris de mon P\u00e8re. 16Ce n&rsquo;est pas vous qui m&rsquo;avez choisi, c&rsquo;est moi qui vous ai choisis ; je vous ai donn\u00e9 une mission afin que vous alliez, que vous portiez du fruit et que votre fruit demeure. Alors, le P\u00e8re vous donnera tout ce que vous lui demanderez en mon nom. 17Ce que je vous commande, donc, c&rsquo;est de vous aimer les uns les autres.<\/em><\/span><\/h5>\n<h5><span style=\"color: #0000ff;\">Traduction \u0153cum\u00e9nique TOB<\/span><\/h5>\n<h5><span style=\"color: #0000ff;\"><img fetchpriority=\"high\" decoding=\"async\" class=\"size-medium wp-image-3867 aligncenter\" src=\"https:\/\/www.savigny-viry-catholique.fr\/wp-content\/uploads\/2021\/01\/Unite-800-300x167.jpg\" alt=\"\" width=\"300\" height=\"167\" \/><\/span><\/h5>\n<\/div>\n<div data-canvas-width=\"564.6323999999998\">\n<p style=\"text-align: center;\">*****<\/p>\n<\/div>\n<p><strong><span style=\"font-size: 16px;\">A SAVOIR : sur France 2 \u00ab\u00a0Le jour du Seigneur\u00a0\u00bb propose le 24 janvier une matin\u00e9e\u00a0<\/span><\/strong><span style=\"font-size: 16px;\"><b>\u0153cum\u00e9nique.<\/b><\/span><\/p>\n<table width=\"100%\">\n<tbody>\n<tr>\n<td>\n<table width=\"100%\">\n<tbody>\n<tr>\n<td>\n<p><strong>Une matin\u00e9e riche de reportages, d\u00e9bats et c\u00e9l\u00e9bration avec pour th\u00e8me commun le verset du livre de l\u2019Exode : \u00ab <em>Et l\u2019eau jaillira du rocher<\/em> \u00bb. Au m\u00eame titre que les montagnes qui l\u2019entourent, l\u2019eau est un \u00e9l\u00e9ment majeur de la vie grenobloise. Surnomm\u00e9e la capitale des Alpes, Grenoble est aussi un lieu historique de l\u2019\u0153cum\u00e9nisme fran\u00e7ais, \u00e0 travers, particuli\u00e8rement, le Centre \u0153cum\u00e9nique Saint-Marc inaugur\u00e9 en 1968.<\/strong><\/p>\n<p><a href=\"https:\/\/www.lejourduseigneur.com\/nos-programmes\/\"><strong><span style=\"font-size: 16px; color: #0000ff;\">Programme de la matin\u00e9e \u00e0 retrouver ici<\/span><\/strong><\/a>\u00a0<\/p>\n<\/td>\n<\/tr>\n<\/tbody>\n<\/table>\n<\/td>\n<\/tr>\n<\/tbody>\n<\/table>\n\n\n","protected":false},"excerpt":{"rendered":"","protected":false},"author":990003,"featured_media":3868,"comment_status":"closed","ping_status":"closed","sticky":false,"template":"","format":"standard","meta":{"give_campaign_id":0,"footnotes":""},"categories":[1],"tags":[],"class_list":["post-3864","post","type-post","status-publish","format-standard","has-post-thumbnail","hentry","category-uncategorized"],"_links":{"self":[{"href":"https:\/\/demos.uptitude.fr\/savviry1\/wp-json\/wp\/v2\/posts\/3864","targetHints":{"allow":["GET"]}}],"collection":[{"href":"https:\/\/demos.uptitude.fr\/savviry1\/wp-json\/wp\/v2\/posts"}],"about":[{"href":"https:\/\/demos.uptitude.fr\/savviry1\/wp-json\/wp\/v2\/types\/post"}],"author":[{"embeddable":true,"href":"https:\/\/demos.uptitude.fr\/savviry1\/wp-json\/wp\/v2\/users\/990003"}],"replies":[{"embeddable":true,"href":"https:\/\/demos.uptitude.fr\/savviry1\/wp-json\/wp\/v2\/comments?post=3864"}],"version-history":[{"count":0,"href":"https:\/\/demos.uptitude.fr\/savviry1\/wp-json\/wp\/v2\/posts\/3864\/revisions"}],"wp:featuredmedia":[{"embeddable":true,"href":"https:\/\/demos.uptitude.fr\/savviry1\/wp-json\/"}],"wp:attachment":[{"href":"https:\/\/demos.uptitude.fr\/savviry1\/wp-json\/wp\/v2\/media?parent=3864"}],"wp:term":[{"taxonomy":"category","embeddable":true,"href":"https:\/\/demos.uptitude.fr\/savviry1\/wp-json\/wp\/v2\/categories?post=3864"},{"taxonomy":"post_tag","embeddable":true,"href":"https:\/\/demos.uptitude.fr\/savviry1\/wp-json\/wp\/v2\/tags?post=3864"}],"curies":[{"name":"wp","href":"https:\/\/api.w.org\/{rel}","templated":true}]}}