{"id":3872,"date":"2021-04-07T20:46:24","date_gmt":"2021-04-07T20:46:24","guid":{"rendered":"https:\/\/www.savigny-viry-catholique.fr\/?p=3872"},"modified":"2021-04-07T20:46:24","modified_gmt":"2021-04-07T20:46:24","slug":"attention-nouvelles-directives","status":"publish","type":"post","link":"https:\/\/demos.uptitude.fr\/savviry1\/attention-nouvelles-directives\/","title":{"rendered":"ATTENTION, NOUVELLES DIRECTIVES"},"content":{"rendered":"\n<p>Nouvelles dispositions sanitaires, attestation,\u00a0 r\u00e9unions adultes \u00e0 6 personnes&#8230;<!--more--><\/p>\n<p><img fetchpriority=\"high\" decoding=\"async\" class=\"alignnone size-medium wp-image-4444\" src=\"https:\/\/www.savigny-viry-catholique.fr\/wp-content\/uploads\/2021\/03\/Annonce-18marsNEW-300x173.jpg\" alt=\"\" width=\"300\" height=\"173\" \/><\/p>\n<div dir=\"ltr\">\n<div>\n<p><span style=\"font-size: 16px;\"><strong>SELON LES DIRECTIVES GOUVERNEMENTALES DU 18 et du 31 MARS\u00a0 2021\u00a0 et LES INSTRUCTIONS DE Mgr PANSARD EVEQUE DU DIOCESE<\/strong><\/span><\/p>\n<p><span style=\"font-size: 16px; color: #0000ff;\"><strong>Les offices dans les lieux de cultes sont autoris\u00e9s, les fid\u00e8les doivent respecter une r\u00e8gle <span style=\"color: #ff0000;\">d\u2019un si\u00e8ge sur trois<\/span> et <span style=\"color: #ff0000;\">d\u2019une rang\u00e9e sur deux<\/span> pour y assister.\u201d<\/strong><\/span><\/p>\n<p><strong><em><span style=\"color: #333333; font-size: 16px;\">Voir le nombre de places autoris\u00e9es dans chaque \u00e9glise du secteur dans la colonne actualit\u00e9s &#8211; affichage aux portes des \u00e9glises.<\/span><\/em><\/strong><\/p>\n<p><span style=\"color: #993300; font-size: 16px;\"><strong>Les r\u00e8gles pour les r\u00e9unions sont les suivantes : Pour les adultes pas plus de<\/strong><\/span><span style=\"color: #ff0000;\"><strong style=\"font-size: 16px;\"> six personnes ; mais les activit\u00e9s cat\u00e9ch\u00e9tiques, aum\u00f4nerie et autres pr\u00e9vues en salle sont annul\u00e9es pour les 4 prochaines semaines. PRIVILEGIER la Visio-conf\u00e9rence.<\/strong><\/span><\/p>\n<p><span style=\"font-size: 16px;\"><strong><span style=\"color: #993300;\">Port du masque obligatoire + utilisation de gel hydroalcoolique<\/span><\/strong><\/span><\/p>\n<p><span style=\"font-size: 16px; color: #000000;\"><strong>Couvre-feu instaur\u00e9 de 19h \u00e0 6h du matin \u00e0 partir du samedi 20 mars 2021. ATTENTION au passage \u00e0 l&rsquo;heure d&rsquo;\u00e9t\u00e9 dans la nuit du 27 au 28 mars.<\/strong><\/span><\/p>\n<hr \/>\n<p><span style=\"font-size: 20px;\"><strong><span style=\"color: #ff0000;\">ATTENTION, ATTENTION !<\/span> : MODIFICATION en ce qui concerne l&rsquo;attestation de d\u00e9placement. <\/strong><\/span><\/p>\n<p><span style=\"font-size: 20px;\"><strong>Pour tout d\u00e9placement dans u<span style=\"color: #ff0000;\">n rayon de 10 kms<\/span> autour de son domicile, une carte d&rsquo;identit\u00e9 ou un justificatif de domicile suffit.<\/strong><\/span><\/p>\n<p><span style=\"font-size: 20px;\"><strong>Au-del\u00e0 des 10 kms, y compris\u00a0<\/strong><\/span><span style=\"font-size: 20px;\"><strong>POUR SE RENDRE DANS UN LIEU DE CULTE\u00a0 (A L&rsquo;EGLISE) IL FAUT <span style=\"color: #ff0000;\">REMPLIR UNE ATTESTATION.<\/span><\/strong><\/span><\/p>\n<p><span style=\"font-size: 20px;\"><b style=\"font-size: 20px;\">De m\u00eame pour se d\u00e9placer\u00a0 entre 19h00 et 6h00 du matin une attestation est <\/b><span style=\"font-size: 20px;\"><b>n\u00e9cessaires.<\/b><\/span><\/span><\/p>\n<p><span style=\"font-size: 20px;\"><b style=\"font-size: 20px;\">Vous pouvez la\u00a0 <\/b><a href=\"https:\/\/www.interieur.gouv.fr\/Actualites\/L-actu-du-Ministere\/Attestations-de-deplacement\">T\u00e9l\u00e9charger ici<\/a><\/span><\/p>\n<p>&nbsp;<\/p>\n<hr \/>\n<p>Les horaires des messes sont les suivants :<\/p>\n<\/div>\n<div style=\"text-align: justify;\">* <b>Messes dominicales du samedi soir <\/b>:<\/div>\n<div style=\"text-align: justify;\"><span style=\"color: #ff0000;\"><strong>Horaires\u00a0avanc\u00e9s\u00a0<\/strong><\/span> \u00e0 <b>16h00 \u00e0 ND d&rsquo;Esp\u00e9rance \u00e0 Savigny\/Orge<\/b><\/div>\n<div style=\"text-align: justify;\"><b> et \u00e0 ND des Cit\u00e9s \u00e0 Viry-Ch\u00e2tillon <\/b>\u00a0au lieu de 18h00.<\/div>\n<\/div>\n<div style=\"text-align: justify;\">\u00a0<\/div>\n<div dir=\"ltr\">\n<div style=\"text-align: justify;\">* <b>Messes du dimanche<\/b>: Horaires habituels, sans changement sur le secteur Savigny-Viry<\/div>\n<div style=\"text-align: justify;\">\u00a0<\/div>\n<div style=\"text-align: justify;\">* <b>Messes de semaines<\/b><\/div>\n<div style=\"text-align: justify;\">&#8211; \u00c0 Savigny\u00a0sur Orge, pas de changement, mardi (St Martin) et jeudi (Ste Th\u00e9r\u00e8se) : 9h00<\/div>\n<div style=\"text-align: justify;\">\u00a0<\/div>\n<div style=\"text-align: justify;\">&#8211;<strong><span style=\"color: #ff0000;\"> A Viry-Ch\u00e2tillon, changements<\/span><\/strong>:<\/div>\n<div style=\"text-align: justify;\"><span style=\"text-decoration: underline;\"><b>horaires avanc\u00e9s \u00e0 17h00 lundi et mercredi \u00e0 Ste Bernadette et vendredi \u00e0 NDC<\/b>.<\/span><\/div>\n<\/div>\n<div>\u00a0<\/div>\n<div><span style=\"font-size: 20px;\"><strong>Les horaires des c\u00e9l\u00e9brations de la Semaines Sainte sont maintenus<\/strong><\/span><\/div>\n<div><span style=\"font-size: 20px;\"><strong><span style=\"color: #ff0000;\">Vous pouvez les t\u00e9l\u00e9charger en <a href=\"http:\/\/www.savigny-viry-catholique.fr\/Download\/doc\/2021-Horaires-Semaine-Sainte.pdf\">cliquant ici<\/a><\/span><\/strong><\/span><\/div>\n","protected":false},"excerpt":{"rendered":"","protected":false},"author":990003,"featured_media":4444,"comment_status":"closed","ping_status":"closed","sticky":false,"template":"","format":"standard","meta":{"give_campaign_id":0,"footnotes":""},"categories":[1],"tags":[],"class_list":["post-3872","post","type-post","status-publish","format-standard","has-post-thumbnail","hentry","category-uncategorized"],"_links":{"self":[{"href":"https:\/\/demos.uptitude.fr\/savviry1\/wp-json\/wp\/v2\/posts\/3872","targetHints":{"allow":["GET"]}}],"collection":[{"href":"https:\/\/demos.uptitude.fr\/savviry1\/wp-json\/wp\/v2\/posts"}],"about":[{"href":"https:\/\/demos.uptitude.fr\/savviry1\/wp-json\/wp\/v2\/types\/post"}],"author":[{"embeddable":true,"href":"https:\/\/demos.uptitude.fr\/savviry1\/wp-json\/wp\/v2\/users\/990003"}],"replies":[{"embeddable":true,"href":"https:\/\/demos.uptitude.fr\/savviry1\/wp-json\/wp\/v2\/comments?post=3872"}],"version-history":[{"count":0,"href":"https:\/\/demos.uptitude.fr\/savviry1\/wp-json\/wp\/v2\/posts\/3872\/revisions"}],"wp:featuredmedia":[{"embeddable":true,"href":"https:\/\/demos.uptitude.fr\/savviry1\/wp-json\/"}],"wp:attachment":[{"href":"https:\/\/demos.uptitude.fr\/savviry1\/wp-json\/wp\/v2\/media?parent=3872"}],"wp:term":[{"taxonomy":"category","embeddable":true,"href":"https:\/\/demos.uptitude.fr\/savviry1\/wp-json\/wp\/v2\/categories?post=3872"},{"taxonomy":"post_tag","embeddable":true,"href":"https:\/\/demos.uptitude.fr\/savviry1\/wp-json\/wp\/v2\/tags?post=3872"}],"curies":[{"name":"wp","href":"https:\/\/api.w.org\/{rel}","templated":true}]}}