{"id":3917,"date":"2021-01-09T19:41:13","date_gmt":"2021-01-09T19:41:13","guid":{"rendered":"https:\/\/www.savigny-viry-catholique.fr\/?p=3917"},"modified":"2021-01-09T19:41:13","modified_gmt":"2021-01-09T19:41:13","slug":"17-janvier-2021-2-eme-dimanche-du-temps-ordinaire","status":"publish","type":"post","link":"https:\/\/demos.uptitude.fr\/savviry1\/17-janvier-2021-2-eme-dimanche-du-temps-ordinaire\/","title":{"rendered":"17 JANVIER 2021 : 2 -\u00e8me Dimanche du Temps Ordinaire"},"content":{"rendered":"<p>Liturgie familiale et m\u00e9ditation <!--more--><\/p>\n<p style=\"text-align: justify;\"><span style=\"font-size: 20px; font-family: arial, helvetica, sans-serif;\"><strong>Le temps ordinaire se d\u00e9ploie en 2 p\u00e9riodes distinctes de l\u2019ann\u00e9e liturgique. En effet, entre le bapt\u00eame du Seigneur et le mercredi des Cendres, puis entre la Pentec\u00f4te et l\u2019Avent, se d\u00e9roule le temps dit \u00ab Ordinaire \u00bb, au sens d\u2019habituel (ordinarius) familier, proche du d\u00e9roulement quotidien de l\u2019existence. Il est jalonn\u00e9 d\u2019un certain nombre de f\u00eates et solennit\u00e9s.<\/strong><\/span><\/p>\n<p style=\"text-align: justify;\"><span style=\"font-family: arial, helvetica, sans-serif; font-size: 16px;\">Nous concevons parfois le Temps ordinaire en n\u00e9gatif, \u00e0 partir de ce qu\u2019il n\u2019est pas, \u00e0 savoir un temps sp\u00e9cifique de pr\u00e9paration ou de f\u00eate.\u00a0 \u00ab Ordinaire \u00bb devient alors synonyme de \u00ab quelconque \u00bb. Le Temps ordinaire constitue un d\u00e9fi d\u2019envergure, dans une culture ambiante qui valorise l\u2019\u00e9v\u00e9nementiel et ignore la vertu de r\u00e9p\u00e9tition.<\/span><\/p>\n<p style=\"text-align: justify;\"><span style=\"font-family: arial, helvetica, sans-serif; font-size: 16px;\">Le Temps ordinaire invite \u00e0 reconsid\u00e9rer la nouveaut\u00e9 pascale de toute c\u00e9l\u00e9bration et \u00e0 affirmer de mani\u00e8re heureuse la f\u00e9condit\u00e9 de l\u2019ordinaire et du quotidien chr\u00e9tien.<\/span><\/p>\n<p style=\"text-align: justify;\"><span style=\"font-family: arial, helvetica, sans-serif; font-size: 16px;\">Au sein m\u00eame de ce temps dit \u00ab\u00a0ordinaire\u00a0\u00bb qui c\u00e9l\u00e8bre la nouveaut\u00e9 permanente de l\u2019irruption de Dieu dans l\u2019histoire, l\u2019expression \u00ab\u00a0Dimanche du Temps\u00a0ordinaire\u00a0\u00bb\u00a0d\u00e9ploie alors toute sa puissance.<\/span><\/p>\n<p>(source : Liturgie et Sacrements)<\/p>\n<h4>\u00a0LITURGIE FAMILIALE DU DIMANCHE 17JANVIER :<\/h4>\n<p><img fetchpriority=\"high\" decoding=\"async\" class=\" wp-image-3920 alignleft\" src=\"https:\/\/www.savigny-viry-catholique.fr\/wp-content\/uploads\/2021\/01\/Parle-ecoute.jpg\" alt=\"\" width=\"319\" height=\"240\" \/><\/p>\n<p><span style=\"font-size: 16px;\"><strong>Deuxi\u00e8me dimanche du temps ordinaire, Ann\u00e9e B<\/strong><\/span><\/p>\n<p><span style=\"font-size: 16px;\">\u00ab\u00a0En communion avec tous les chr\u00e9tiens qui peuvent encore c\u00e9l\u00e9brer l\u2019Eucharistie en ce dimanche,<\/span><span style=\"font-size: 16px;\"> ainsi qu\u2019avec ceux d\u2019ici ou d\u2019ailleurs qui n\u2019ont pas de messe dominicale pour une raison ou une autre, et anim\u00e9s par le d\u00e9sir de se retrouver ensemble a\u0300 nouveau pour c\u00e9l\u00e9brer l\u2019Eucharistie, \u00c9levons notre c\u0153ur vers le Seigneur.\u00a0\u00bb<\/span><\/p>\n<h5><\/h5>\n<h5><\/h5>\n<h5><\/h5>\n<h5><\/h5>\n<h5><\/h5>\n<h5><span style=\"font-size: 20px; color: #0000ff;\"><em>\u00ab\u00a0Parle Seigneur, ton serviteur \u00e9coute\u00a0\u00bb (1 S 3,3b-10.19)<\/em><\/span><\/h5>\n<p><span style=\"font-size: 16px;\"><strong>\u00ab Vos corps sont les membres du Christ \u00bb (1 Co 6, 13c-15a. 17-20)<\/strong><\/span><\/p>\n<p>&nbsp;<\/p>\n<p><a href=\"http:\/\/www.savigny-viry-catholique.fr\/Download\/doc\/2021-01-17Liturgie-familiale-dimanche-17-Janvier.pdf\"><span style=\"font-size: 16px;\"><strong>T\u00e9l\u00e9charger le document ici\u00a0<\/strong><\/span><\/a><\/p>\n<p>&nbsp;<\/p>\n<h4><span style=\"color: #0000ff;\"><em><strong><img decoding=\"async\" class=\" wp-image-3919 aligncenter\" src=\"https:\/\/www.savigny-viry-catholique.fr\/wp-content\/uploads\/2021\/01\/venez-vous-verrez.jpg\" alt=\"\" width=\"446\" height=\"297\" \/>\u00ab Ils virent o\u00f9 il demeurait, et ils rest\u00e8rent aupr\u00e8s de lui \u00bb (Jn 1, 35-42)<\/strong><\/em><\/span><\/h4>\n<p style=\"line-height: 115%; text-align: justify;\"><strong><span style=\"font-size: 16px;\">\u00c9vangile de J\u00e9sus Christ selon saint Jean<\/span><\/strong><\/p>\n<p style=\"text-align: justify; line-height: 115%;\"><strong><span style=\"font-size: 16px;\">En ce temps-l\u00e0, Jean le Baptiste se trouvait avec deux de ses disciples. Posant son regard sur J\u00e9sus qui allait et venait, il dit : \u00ab Voici l\u2019Agneau de Dieu. \u00bb Les deux disciples entendirent ce qu\u2019il disait, et ils suivirent J\u00e9sus. Se retournant, J\u00e9sus vit qu\u2019ils le suivaient, et leur dit : \u00ab Que cherchez-vous\u00a0? \u00bb Ils lui r\u00e9pondirent :<\/span><\/strong><br \/>\n<strong><span style=\"font-size: 16px;\">\u00ab Rabbi \u2013 ce qui veut dire : Ma\u00eetre \u2013, o\u00f9 demeures-tu\u00a0? \u00bb Il leur dit : \u00ab Venez, et vous verrez. \u00bb Ils all\u00e8rent donc, ils virent o\u00f9 il demeurait, et ils rest\u00e8rent aupr\u00e8s de lui ce jour-l\u00e0. C\u2019\u00e9tait vers la dixi\u00e8me heure (environ quatre heures de l\u2019apr\u00e8s-midi).<\/span><\/strong><\/p>\n<p style=\"text-align: justify; line-height: 115%;\"><strong><span style=\"font-size: 16px;\">Andr\u00e9, le fr\u00e8re de Simon-Pierre,\u00a0\u00e9tait l\u2019un des deux disciples qui avaient entendu la parole de Jean et qui avaient suivi J\u00e9sus. Il trouve d\u2019abord Simon, son propre fr\u00e8re, et lui dit : \u00ab Nous avons trouv\u00e9 le Messie \u00bb \u2013 ce qui veut dire : Christ. Andr\u00e9 amena son fr\u00e8re \u00e0 J\u00e9sus. J\u00e9sus posa son regard sur lui et dit : \u00ab Tu es Simon, fils de Jean ; tu t\u2019appelleras K\u00e8phas \u00bb \u2013 ce qui veut dire : Pierre.<\/span><\/strong><\/p>\n<p>&nbsp;<\/p>\n<p><em><span style=\"font-size: 16px;\"><strong>Br\u00e8ve m\u00e9ditation<\/strong><\/span><\/em><\/p>\n<p style=\"text-align: justify;\"><em><span style=\"font-size: 16px;\">Comme Samuel et les premiers disciples de J\u00e9sus, Dieu appelle qui il veut, comme il veut, quand il veut et o\u00f9 il veut. Cet appel \u00e9chappe \u00e0 toute programmation humaine et peut survenir de fa\u00e7on impr\u00e9vue, par le biais d\u2019un p\u00e8lerinage, par une suggestion ou au terme d\u2019une longue recherche. Les r\u00e9ponses \u00e0 cet appel sont aussi vari\u00e9es. Le psalmiste se rend imm\u00e9diatement disponible, alors que ce n\u2019est pas le cas pour certains \u00e0 l\u2019instar des premiers disciples de J\u00e9sus qui ont \u00e9t\u00e9 pr\u00e9alablement avec Jean Baptiste. De plus, il est important de reconna\u00eetre que m\u00eame s\u2019il y a des milieux d\u00e9j\u00e0 favorables \u00e0 son \u00e9panouissement (comme Samuel qui servait dans le temple et les disciples de J\u00e9sus qui vivaient d\u00e9j\u00e0 aupr\u00e8s de Jean-Baptiste), l\u2019appel de Dieu a besoin de discernement et de confirmation. \u00c0 cette \u00e9tape, le r\u00f4le de l\u2019\u00c9glise s\u2019av\u00e8re alors d\u00e9terminant pour aider \u00e0 mieux concr\u00e9tiser la r\u00e9ponse \u00e0 cet appel. Dieu nous appelle pour nous montrer son amour et pour demeurer constamment en sa pr\u00e9sence pour notre salut et pour Sa gloire. Amen.<\/span><\/em><\/p>\n","protected":false},"excerpt":{"rendered":"<p>Liturgie familiale et m\u00e9ditation<\/p>\n","protected":false},"author":990003,"featured_media":3929,"comment_status":"closed","ping_status":"closed","sticky":false,"template":"","format":"standard","meta":{"give_campaign_id":0,"footnotes":""},"categories":[1],"tags":[],"class_list":["post-3917","post","type-post","status-publish","format-standard","has-post-thumbnail","hentry","category-uncategorized"],"_links":{"self":[{"href":"https:\/\/demos.uptitude.fr\/savviry1\/wp-json\/wp\/v2\/posts\/3917","targetHints":{"allow":["GET"]}}],"collection":[{"href":"https:\/\/demos.uptitude.fr\/savviry1\/wp-json\/wp\/v2\/posts"}],"about":[{"href":"https:\/\/demos.uptitude.fr\/savviry1\/wp-json\/wp\/v2\/types\/post"}],"author":[{"embeddable":true,"href":"https:\/\/demos.uptitude.fr\/savviry1\/wp-json\/wp\/v2\/users\/990003"}],"replies":[{"embeddable":true,"href":"https:\/\/demos.uptitude.fr\/savviry1\/wp-json\/wp\/v2\/comments?post=3917"}],"version-history":[{"count":0,"href":"https:\/\/demos.uptitude.fr\/savviry1\/wp-json\/wp\/v2\/posts\/3917\/revisions"}],"wp:featuredmedia":[{"embeddable":true,"href":"https:\/\/demos.uptitude.fr\/savviry1\/wp-json\/"}],"wp:attachment":[{"href":"https:\/\/demos.uptitude.fr\/savviry1\/wp-json\/wp\/v2\/media?parent=3917"}],"wp:term":[{"taxonomy":"category","embeddable":true,"href":"https:\/\/demos.uptitude.fr\/savviry1\/wp-json\/wp\/v2\/categories?post=3917"},{"taxonomy":"post_tag","embeddable":true,"href":"https:\/\/demos.uptitude.fr\/savviry1\/wp-json\/wp\/v2\/tags?post=3917"}],"curies":[{"name":"wp","href":"https:\/\/api.w.org\/{rel}","templated":true}]}}