{"id":3937,"date":"2021-01-21T15:22:47","date_gmt":"2021-01-21T15:22:47","guid":{"rendered":"https:\/\/www.savigny-viry-catholique.fr\/?p=3937"},"modified":"2021-01-21T15:22:47","modified_gmt":"2021-01-21T15:22:47","slug":"24-janvier-dimanche-de-la-parole-de-dieu","status":"publish","type":"post","link":"https:\/\/demos.uptitude.fr\/savviry1\/24-janvier-dimanche-de-la-parole-de-dieu\/","title":{"rendered":"24 Janvier : DIMANCHE DE LA PAROLE DE DIEU"},"content":{"rendered":"<p>24 janvier 2021, 3-\u00e8me dimanche du temps ordinaire; le dimanche de la parole.\u00a0 Textes \u00e0 m\u00e9diter, Liturgie familiale, voici des\u00a0 pistes pour vivre notre foi autrement.<\/p>\n<p><!--more--><\/p>\n<p>&nbsp;<\/p>\n<h3><img decoding=\"async\" class=\"size-medium wp-image-3935 alignleft\" src=\"https:\/\/www.savigny-viry-catholique.fr\/wp-content\/uploads\/2021\/01\/Parole-02-300x143.jpg\" alt=\"\" width=\"300\" height=\"143\" \/><\/h3>\n<h4><span style=\"font-size: 28px;\"><em>le\u00a0\u00ab\u2009Dimanche de la Parole de Dieu\u2009\u00bb<\/em><\/span><em><span style=\"font-size: 28px;\">,<\/span>\u00a0<\/em><\/h4>\n<h3><span style=\"font-size: 16px;\"><strong><span style=\"font-size: 16px;\">institu\u00e9 en 2019 par le pape Fran\u00e7ois, est c\u00e9l\u00e9br\u00e9 le 3eme dimanche du Temps Ordinaire. A cette occasion la Congr\u00e9gation pour le culte divin a publi\u00e9 une note donnant des instructions pour c\u00e9l\u00e9brer cette journ\u00e9e en insistant sur \u00ab\u2009l\u2019importance et la valeur de la sainte \u00c9criture\u2009\u00bb<\/span>. <a href=\"https:\/\/evry.catholique.fr\/dimanche-de-la-parole\/\"><span style=\"color: #3366ff;\">Voir la note publi\u00e9e ici<\/span> <\/a><a href=\"https:\/\/evry.catholique.fr\/dimanche-de-la-parole\/\">: https:\/\/evry.catholique.fr\/dimanche-de-la-parole\/\u00a0\u00a0\u00a0<\/a><\/strong><\/span><\/h3>\n<p><strong><span style=\"font-size: 16px;\">Lettre apostolique en forme de \u00ab\u00a0<a class=\"glossary-term\" title=\"Acte l\u00e9gislatif pris et promulgu\u00e9 par le Pape.\" href=\"https:\/\/eglise.catholique.fr\/glossaire\/motu-proprio\">Motu proprio<\/a>\u00a0\u00bb du Pape Fran\u00e7ois \u00ab\u00a0Aperuit illis\u00a0\u00bb par laquelle est institu\u00e9 le dimanche de la Parole de Dieu l <a href=\"https:\/\/eglise.catholique.fr\/vatican\/messages-du-saint-pere\/485666-lettre-apostolique-en-forme-de-motu-proprio-du-souverain-pontife-aperuit-illis\/\">\u00e0 lire ici\u00a0<\/a><\/span><\/strong><\/p>\n<div class=\"gl_quote\">\n<p>&nbsp;<\/p>\n<p><span style=\"color: #0000ff;\"><strong>De 15h \u00e0 18h30, <\/strong><\/span><span style=\"color: #0000ff;\"><strong>\u00a0Le Coll\u00e8ge des Bernardins <\/strong><\/span>propose une lecture int\u00e9grale et comment\u00e9e des chapitres 1 \u00e0 11 du Livre de la Gen\u00e8se, ouverte \u00e0 tous, d\u00e8s le plus jeune \u00e2ge.<\/p>\n<h5><em><span style=\"color: #0000ff;\">Quelle est la Parole de la Bible sur la Cr\u00e9ation ?<\/span><\/em><\/h5>\n<p>Cet \u00e9v\u00e9nement qui s\u2019associe \u00e0 la 5e \u00e9dition de la Nuit de la lecture sur le th\u00e8me \u00ab relire le monde \u00bb, proposera des temps de lecture \u00e0 haute voix, d\u00e9clam\u00e9s par le com\u00e9dien Pierre Hancisse, ponctu\u00e9s par trois commentaires (th\u00e9ologique, rabbinique, patristique), et un \u00e9clairage artistique.<\/p>\n<p><span style=\"font-size: 16px;\"><strong>Diffusion en direct sur le site internet du Coll\u00e8ge des Bernardins<\/strong><\/span> &#8211; <a href=\"https:\/\/www.collegedesbernardins.fr\/content\/lecture-de-la-genese-et-interpretations\"><span style=\"font-size: 16px;\"><strong>ICI<\/strong><\/span><\/a>&#8211; <strong><span style=\"color: #ff00ff;\">Gratuit et sans inscription pr\u00e9alable.<\/span><\/strong><\/p>\n<p>Avec :<\/p>\n<p>\u25b6 M\u00e9lina de Courcy, Professeure d\u2019histoire de l\u2019Art au Coll\u00e8ge des Bernardins, dipl\u00f4m\u00e9e de l\u2019\u00c9cole du Louvre<\/p>\n<p>\u25b6 Pierre Hancisse, Acteur, ancien pensionnaire de la Com\u00e9die fran\u00e7ais<\/p>\n<p>\u25b6 Rabbin Philippe Haddad, Rabbin du S\u00e9minaire isra\u00e9lite de France &#8211; Union Lib\u00e9rale Isra\u00e9lite de France (ULIF) Copernic<\/p>\n<p>\u25b6 Fr\u00e9d\u00e9ric Louzeau, docteur en th\u00e9ologie et en philosophie, professeur ordinaire, directeur du P\u00f4le de Recherche du Coll\u00e8ge des Bernardins (2014 &#8211; 2020)<\/p>\n<p>\u25b6 Fanyu Zeng, Pianiste<\/p>\n<\/div>\n<p>&nbsp;<\/p>\n<h3><img fetchpriority=\"high\" decoding=\"async\" class=\"size-full wp-image-3936 alignleft\" src=\"https:\/\/www.savigny-viry-catholique.fr\/wp-content\/uploads\/2021\/01\/Parole-01.jpg\" alt=\"\" width=\"299\" height=\"168\" \/><\/h3>\n<h3>Liturgie familiale<\/h3>\n<p><a href=\"http:\/\/www.savigny-viry-catholique.fr\/Download\/doc\/2021-01-24Liturgie-familiale-dimanche-parole.pdf\"><strong><span style=\"color: #0000ff; font-size: 16px;\">Document \u00e0 t\u00e9l\u00e9charger ici\u00a0\u00a0<\/span><\/strong><\/a><\/p>\n<p>&nbsp;<\/p>\n<p>&nbsp;<\/p>\n<p><em><span style=\"color: #0000ff; font-size: 20px;\">\u00ab Convertissez-vous et croyez \u00e0 l\u2019\u00c9vangile \u00bb<\/span><\/em><\/p>\n<p>&nbsp;<\/p>\n<h4>\u00c9vangile de J\u00e9sus Christ selon saint Marc (1, 14-20)<\/h4>\n<p class=\"explanation\"><span style=\"font-size: 16px;\"><strong>Apr\u00e8s l\u2019arrestation de Jean le Baptiste, J\u00e9sus partit pour la Galil\u00e9e proclamer l\u2019\u00c9vangile de Dieu ; il disait : \u00ab Les temps sont accomplis : le r\u00e8gne de Dieu est tout proche. Convertissez-vous et croyez \u00e0 l\u2019\u00c9vangile. \u00bb<\/strong><\/span><br \/>\n<span style=\"font-size: 16px;\"><strong>Passant le long de la mer de Galil\u00e9e, J\u00e9sus vit Simon et Andr\u00e9, le fr\u00e8re de Simon, en train de jeter les filets dans la mer, car c\u2019\u00e9taient des p\u00eacheurs. Il leur dit : \u00ab Venez \u00e0 ma suite. Je vous ferai devenir p\u00eacheurs d\u2019hommes. \u00bb Aussit\u00f4t, laissant leurs filets, ils le suivirent.<\/strong><\/span><br \/>\n<span style=\"font-size: 16px;\"><strong>J\u00e9sus avan\u00e7a un peu et il vit Jacques, fils de Z\u00e9b\u00e9d\u00e9e, et son fr\u00e8re Jean, qui \u00e9taient dans la barque et r\u00e9paraient les filets. Aussit\u00f4t, J\u00e9sus les appela. Alors, laissant dans la barque leur p\u00e8re Z\u00e9b\u00e9d\u00e9e avec ses ouvriers, ils partirent \u00e0 sa suite.<\/strong><\/span><\/p>\n<h4><\/h4>\n<h4>24 Janvier : St Fran\u00e7ois de Sales\u00a0 &#8211; \u00e9v\u00eaque de Gen\u00e8ve\u00a0 (1567 -1622) <a href=\"https:\/\/nominis.cef.fr\/contenus\/saint\/494\/Saint-Francois-de-Sales.html\">Saint Patron des journalistes.\u00a0 <img decoding=\"async\" class=\" wp-image-3948 alignright\" src=\"https:\/\/www.savigny-viry-catholique.fr\/wp-content\/uploads\/2021\/01\/Saint-Francois-de-Sale-ecrivant-1-300x236.jpg\" alt=\"\" width=\"362\" height=\"285\" \/><\/a><\/h4>\n<p>I<span style=\"font-size: 16px;\">l est le\u00a0<em>patron des journalistes<\/em> car il \u00e9crivit de nombreuses feuilles imprim\u00e9es qui sont des \u00ab\u00a0gazettes\u00a0\u00bb pour s&rsquo;adresser aux calvinistes q<\/span><span style=\"font-size: 16px;\">u&rsquo;il ne peut rencontrer<\/span><\/p>\n<p>&nbsp;<\/p>\n<div class=\"spotlight01\">A l\u2019occasion de la f\u00eate de saint Fran\u00e7ois de Sales, Son Excellence Mgr Bruno Forte, archev\u00eaque de Chieti-Vasto, a \u00e9crit la pri\u00e8re du journaliste.<\/div>\n<div class=\"spotlight01\"><\/div>\n<div class=\"img-watermark-holder alignright\">\n<div class=\"img-watermark\">\n<div class=\"img-watermark-txt\"><\/div>\n<p><span class=\"img-watermark-icon\"><br \/>\ni<\/span><\/p>\n<\/div>\n<\/div>\n<div>\n<p>&nbsp;<\/p>\n<p><em><span style=\"font-size: 16px; color: #0000ff;\">\u00ab Seigneur, vous m\u2019avez appel\u00e9 pour servir les autres \u00e0 travers l\u2019information. Accordez-moi de le faire toujours dans l\u2019ob\u00e9issance \u00e0 la v\u00e9rit\u00e9, avec le courage de payer de ma personne, afin que la v\u00e9rit\u00e9 ne soit jamais trahie.<\/span><\/em><em><span style=\"font-size: 16px; color: #0000ff;\">Aidez-moi aussi \u00e0 conjuguer la v\u00e9rit\u00e9 avec la\u00a0<a class=\"glossary-term\" style=\"color: #0000ff;\" title=\"Amour de Dieu et du prochain.\" href=\"https:\/\/eglise.catholique.fr\/glossaire\/charite\">charit\u00e9<\/a>, pour ne jamais blesser la dignit\u00e9 de personne et \u00e0 promouvoir en tout, autant que je le peux, la justice et la paix.<\/span><\/em><\/p>\n<p><em><span style=\"font-size: 16px; color: #0000ff;\">Que je ne fasse pas de pr\u00e9f\u00e9rences de personnes et sache proposer mes id\u00e9es avec humilit\u00e9, honn\u00eatet\u00e9 et libert\u00e9 du c\u0153ur. Donnez-moi aussi d\u2019\u00eatre ainsi un t\u00e9moin de l\u2019amour qui vient de vous, de la v\u00e9rit\u00e9 qui lib\u00e8re et sauve. Vous, qui vivez et r\u00e9gnez avec Dieu le P\u00e8re, pour les si\u00e8cles des si\u00e8cles. Amen \u00bb.<\/span><\/em><\/p>\n<\/div>\n<h5><\/h5>\n<p>&nbsp;<\/p>\n<p>&nbsp;<\/p>\n","protected":false},"excerpt":{"rendered":"<p>24 janvier 2021, 3-\u00e8me dimanche du temps ordinaire; le dimanche de la parole.\u00a0 Textes \u00e0 m\u00e9diter, Liturgie familiale, voici des\u00a0 pistes pour vivre notre foi autrement.<\/p>\n","protected":false},"author":990003,"featured_media":3955,"comment_status":"closed","ping_status":"closed","sticky":false,"template":"","format":"standard","meta":{"give_campaign_id":0,"footnotes":""},"categories":[1],"tags":[],"class_list":["post-3937","post","type-post","status-publish","format-standard","has-post-thumbnail","hentry","category-uncategorized"],"_links":{"self":[{"href":"https:\/\/demos.uptitude.fr\/savviry1\/wp-json\/wp\/v2\/posts\/3937","targetHints":{"allow":["GET"]}}],"collection":[{"href":"https:\/\/demos.uptitude.fr\/savviry1\/wp-json\/wp\/v2\/posts"}],"about":[{"href":"https:\/\/demos.uptitude.fr\/savviry1\/wp-json\/wp\/v2\/types\/post"}],"author":[{"embeddable":true,"href":"https:\/\/demos.uptitude.fr\/savviry1\/wp-json\/wp\/v2\/users\/990003"}],"replies":[{"embeddable":true,"href":"https:\/\/demos.uptitude.fr\/savviry1\/wp-json\/wp\/v2\/comments?post=3937"}],"version-history":[{"count":0,"href":"https:\/\/demos.uptitude.fr\/savviry1\/wp-json\/wp\/v2\/posts\/3937\/revisions"}],"wp:featuredmedia":[{"embeddable":true,"href":"https:\/\/demos.uptitude.fr\/savviry1\/wp-json\/"}],"wp:attachment":[{"href":"https:\/\/demos.uptitude.fr\/savviry1\/wp-json\/wp\/v2\/media?parent=3937"}],"wp:term":[{"taxonomy":"category","embeddable":true,"href":"https:\/\/demos.uptitude.fr\/savviry1\/wp-json\/wp\/v2\/categories?post=3937"},{"taxonomy":"post_tag","embeddable":true,"href":"https:\/\/demos.uptitude.fr\/savviry1\/wp-json\/wp\/v2\/tags?post=3937"}],"curies":[{"name":"wp","href":"https:\/\/api.w.org\/{rel}","templated":true}]}}