{"id":3958,"date":"2021-02-10T16:15:17","date_gmt":"2021-02-10T16:15:17","guid":{"rendered":"https:\/\/www.savigny-viry-catholique.fr\/?p=3958"},"modified":"2021-02-10T16:15:17","modified_gmt":"2021-02-10T16:15:17","slug":"potes-en-ciel","status":"publish","type":"post","link":"https:\/\/demos.uptitude.fr\/savviry1\/potes-en-ciel\/","title":{"rendered":"POTES EN CIEL ! C&rsquo;ETAIT SUPER !"},"content":{"rendered":"<h3><img fetchpriority=\"high\" decoding=\"async\" class=\"wp-image-4161 alignleft\" src=\"https:\/\/www.savigny-viry-catholique.fr\/wp-content\/uploads\/2021\/02\/2021-AFFICHE-V2-Rencontre-jeunes-212x300.jpg\" alt=\"\" width=\"347\" height=\"492\" \/>C&rsquo;\u00e9tait super !<\/h3>\n<h4><span style=\"color: #0000ff;\">Ce RDV du\u00a0 13 f\u00e9vrier 2021 <\/span><\/h4>\n<p><strong><em><span style=\"font-size: 20px; color: #0000ff;\">Th\u00e8me de la rencontre :\u00a0 \u00ab\u00a0Aimer et prendre soin\u00a0\u00bb<\/span><\/em><\/strong><\/p>\n<div dir=\"ltr\">\n<div dir=\"ltr\">\n<div><\/div>\n<\/div>\n<\/div>\n<div dir=\"ltr\">\n<div dir=\"ltr\">\n<div>\n<div><strong><span style=\"font-size: 16px;\">24 jeunes de 16 \u00e0 25 ans se sont retrouv\u00e9s ce samedi 13 F\u00e9vrier 2021 \u00e0 l&rsquo;Espace P.Coindreau, autour du P\u00e8re Emmanuel et du P\u00e8re Achille avec pour th\u00e8me \u00ab\u00a0Aimer et Prendre soin\u00a0\u00bb.<\/span><\/strong><br \/>\n<strong><span style=\"font-size: 16px;\">Avec l&rsquo;\u00e9quipe d&rsquo;animateur, et d&rsquo;apr\u00e8s l&rsquo;\u00e9vangile du bon samaritain, ils se sont rencontr\u00e9s en petit groupe pour r\u00e9fl\u00e9chir aux questions pos\u00e9es :<\/span><\/strong><\/p>\n<ul>\n<li><strong><span style=\"font-size: 16px;\">Quels sont les domaines importants pour prendre soin de soi-m\u00eame ?<\/span><\/strong><\/li>\n<\/ul>\n<ul>\n<li><strong><span style=\"font-size: 16px;\">Comment prenons nous soin des personnes que nous aimons ?<\/span><\/strong><\/li>\n<\/ul>\n<p><strong><span style=\"font-size: 16px;\">Tout le monde \u00e9tait ravi de cette rencontre ! <\/span><\/strong><\/p>\n<p><strong><span style=\"font-size: 16px;\">Alors si tu veux nous rejoindre, nous te donnons <span style=\"color: #0000ff; font-size: 24px;\">rendez-vous<\/span> <span style=\"color: #0000ff; font-size: 24px;\">Samedi 17 Avril.<\/span><\/span><\/strong><\/p>\n<\/div>\n<\/div>\n<\/div>\n<\/div>\n<p>&nbsp;<\/p>\n<p><span style=\"font-size: 16px;\"><strong>Un temps d\u2019\u00e9change,<\/strong><\/span><br \/>\n<span style=\"font-size: 16px;\"><strong>de pri\u00e8re et de louange anim\u00e9 par les jeunes. <\/strong><\/span><\/p>\n<p><span style=\"font-size: 16px;\"><strong>Un temps de convivialit\u00e9.\u00a0<\/strong><\/span><\/p>\n<p>&nbsp;<\/p>\n<p>&nbsp;<\/p>\n<p>&nbsp;<\/p>\n<p>Quelques Photos de la journ\u00e9e \u00e0 retrouver\u00a0 <a href=\"https:\/\/www.savigny-viry-catholique.fr\/bwg_gallery\/potes-en-ciel\/\">\u00e0 cette adresse<\/a><\/p>\n<p>&nbsp;<\/p>\n<p><a href=\"https:\/\/www.savigny-viry-catholique.fr\/bwg_gallery\/potes-en-ciel\/\"><img decoding=\"async\" class=\"alignnone size-medium wp-image-4143\" src=\"https:\/\/demos.uptitude.fr\/savviry1\/wp-content\/uploads\/2021\/02\/20210213_GdJ-1-300x138.jpg\" alt=\"\" width=\"300\" height=\"138\" \/><\/a> <a href=\"https:\/\/www.savigny-viry-catholique.fr\/bwg_gallery\/potes-en-ciel\/\"><img decoding=\"async\" class=\"alignnone size-medium wp-image-4144\" src=\"https:\/\/www.savigny-viry-catholique.fr\/wp-content\/uploads\/2021\/02\/20210213_GdJ-2-300x138.jpeg\" alt=\"\" width=\"300\" height=\"138\" \/><\/a><\/p>\n","protected":false},"excerpt":{"rendered":"<p>C&rsquo;\u00e9tait super ! Ce RDV du\u00a0 13 f\u00e9vrier 2021 Th\u00e8me de la rencontre :\u00a0 \u00ab\u00a0Aimer et prendre soin\u00a0\u00bb 24 jeunes de 16 \u00e0 25 ans se sont retrouv\u00e9s ce samedi 13 F\u00e9vrier 2021 \u00e0 l&rsquo;Espace P.Coindreau, autour du P\u00e8re&hellip;<\/p>\n","protected":false},"author":990003,"featured_media":3957,"comment_status":"closed","ping_status":"closed","sticky":false,"template":"","format":"standard","meta":{"give_campaign_id":0,"footnotes":""},"categories":[1],"tags":[],"class_list":["post-3958","post","type-post","status-publish","format-standard","has-post-thumbnail","hentry","category-uncategorized"],"_links":{"self":[{"href":"https:\/\/demos.uptitude.fr\/savviry1\/wp-json\/wp\/v2\/posts\/3958","targetHints":{"allow":["GET"]}}],"collection":[{"href":"https:\/\/demos.uptitude.fr\/savviry1\/wp-json\/wp\/v2\/posts"}],"about":[{"href":"https:\/\/demos.uptitude.fr\/savviry1\/wp-json\/wp\/v2\/types\/post"}],"author":[{"embeddable":true,"href":"https:\/\/demos.uptitude.fr\/savviry1\/wp-json\/wp\/v2\/users\/990003"}],"replies":[{"embeddable":true,"href":"https:\/\/demos.uptitude.fr\/savviry1\/wp-json\/wp\/v2\/comments?post=3958"}],"version-history":[{"count":0,"href":"https:\/\/demos.uptitude.fr\/savviry1\/wp-json\/wp\/v2\/posts\/3958\/revisions"}],"wp:featuredmedia":[{"embeddable":true,"href":"https:\/\/demos.uptitude.fr\/savviry1\/wp-json\/"}],"wp:attachment":[{"href":"https:\/\/demos.uptitude.fr\/savviry1\/wp-json\/wp\/v2\/media?parent=3958"}],"wp:term":[{"taxonomy":"category","embeddable":true,"href":"https:\/\/demos.uptitude.fr\/savviry1\/wp-json\/wp\/v2\/categories?post=3958"},{"taxonomy":"post_tag","embeddable":true,"href":"https:\/\/demos.uptitude.fr\/savviry1\/wp-json\/wp\/v2\/tags?post=3958"}],"curies":[{"name":"wp","href":"https:\/\/api.w.org\/{rel}","templated":true}]}}