{"id":3972,"date":"2021-01-25T22:50:11","date_gmt":"2021-01-25T22:50:11","guid":{"rendered":"https:\/\/www.savigny-viry-catholique.fr\/?p=3972"},"modified":"2021-01-25T22:50:11","modified_gmt":"2021-01-25T22:50:11","slug":"31-janvier-2021-4-eme-dimanche-du-temps-ordinaire","status":"publish","type":"post","link":"https:\/\/demos.uptitude.fr\/savviry1\/31-janvier-2021-4-eme-dimanche-du-temps-ordinaire\/","title":{"rendered":"31 janvier 2021 : 4-\u00e8me DIMANCHE DU TEMPS ORDINAIRE"},"content":{"rendered":"<p>31 janvier 2021, 4-\u00e8me dimanche du temps ordinaire; St Jean Bosco ; Journ\u00e9e Mondiale des L\u00e9preux ;.Liturgie familiale, voici des\u00a0 pistes pour vivre notre foi autrement.<!--more--><\/p>\n<p>&nbsp;<\/p>\n<h4>JOURNEE MONDIALE DES LEPREUX<\/h4>\n<p><img fetchpriority=\"high\" decoding=\"async\" class=\"size-medium wp-image-4011 alignleft\" src=\"https:\/\/www.savigny-viry-catholique.fr\/wp-content\/uploads\/2021\/01\/JML-2021-620x349-1-1-300x169.jpg\" alt=\"\" width=\"300\" height=\"169\" \/>L\u2019origine de la l\u00e8pre se perd dans la nuit des temps. Elle appara\u00eet en Europe d\u00e8s les premiers si\u00e8cles de l\u2019\u00e8re chr\u00e9tienne. Tout le bassin m\u00e9diterran\u00e9en est contamin\u00e9. Elle dispara\u00eet progressivement de France et d\u2019Europe, au cours du XVIIIe si\u00e8cle. Quelques foyers persistent en Europe et en Am\u00e9rique du Nord (Louisiane).<\/p>\n<h2><span style=\"font-size: 20px;\">Un fl\u00e9au d\u2019hier\u2026 et d\u2019aujourd\u2019hui<\/span><\/h2>\n<p>Mais en Am\u00e9rique du Sud, en Afrique, en Asie, ses victimes se comptent encore par centaines de milliers : une quinzaine de pays comptent encore plus d\u2019un malade de la l\u00e8pre pour dix mille habitants, au premier rang desquels, l\u2019Inde, le Br\u00e9sil, Madagascar, le Myanmar, le Nig\u00e9ria\u2026<\/p>\n<p>Selon les donn\u00e9es r\u00e9centes de l\u2019<strong>Organisation Mondiale de la Sant\u00e9<\/strong>, il y aurait toujours &#8211; en 2015 &#8211; 175 000 malades enregistr\u00e9s dans le monde\u2026 mais plus de 200 000 nouveaux cas d\u00e9pist\u00e9s chaque ann\u00e9e, soit un toutes les 5 minutes&#8230;<\/p>\n<p>Arr\u00eater la lutte contre la l\u00e8pre aujourd\u2019hui sous pr\u00e9texte des succ\u00e8s remport\u00e9s aurait tout naturellement comme cons\u00e9quence le retour progressif \u00e0 la situation que Raoul Follereau d\u00e9non\u00e7ait encore en 1961 : \u00a0\u00bb Cela va-t-il durer ? Laisserons-nous mourir, pourrir, quinze millions d\u2019\u00eatres humains, alors que nous savons maintenant qu\u2019on peut les soigner, les sauver, les gu\u00e9rir ? \u00a0\u00bb<\/p>\n<h3><span style=\"font-size: 20px;\">Une Journ\u00e9e Mondiale \u00e0 date variable<\/span><\/h3>\n<p>La journ\u00e9e mondiale des l\u00e9preux est traditionnellement organis\u00e9e le dernier week-end de janvier, <strong>soit pour 2021 les 29, 30 et\u00a031 janvier. Il s&rsquo;agira de la 68\u00e8me \u00e9dition.<\/strong><\/p>\n<p><strong><span style=\"font-size: 16px; color: #0000ff;\">Les sites \u00e0 visiter : deux associations oeuvrent conjointement pour assurer l&rsquo;organisation mat\u00e9rielle de la journ\u00e9e mondiale des l\u00e9preux, <\/span><\/strong><\/p>\n<p><span style=\"text-decoration: underline;\"><strong><span style=\"font-size: 16px; text-decoration: underline;\">l<\/span><\/strong><\/span><strong><span style=\"font-size: 16px;\"><span style=\"text-decoration: underline;\">&lsquo;<\/span><a href=\"http:\/\/www.raoul-follereau.org\/\" target=\"_blank\" rel=\"noopener\"><span style=\"text-decoration: underline;\">association Raoul Follereau<\/span><\/a>\u00a0et <span style=\"text-decoration: underline;\">l&rsquo;<a style=\"text-decoration: underline;\" href=\"http:\/\/www.ordredemaltefrance.org\/fr\/\" target=\"_blank\" rel=\"noopener\">Ordre de Malte<\/a>.<\/span><\/span><\/strong><\/p>\n<hr \/>\n<h4><strong>LITURGIE FAMILIALE DU DIMANCHE 31 JANVIER 2021 &#8211;\u00a0 4-\u00e8me dimanche du temps ordinaire<\/strong><\/h4>\n<p><img decoding=\"async\" class=\"size-medium wp-image-3976 alignleft\" src=\"https:\/\/www.savigny-viry-catholique.fr\/wp-content\/uploads\/2021\/01\/jesus_exorc1-300x199.jpg\" alt=\"\" width=\"300\" height=\"199\" \/><\/p>\n<p>&nbsp;<\/p>\n<p>&nbsp;<\/p>\n<p>&nbsp;<\/p>\n<p><strong><span style=\"font-size: 16px;\">T\u00e9l\u00e9charger le <a href=\"http:\/\/www.savigny-viry-catholique.fr\/Download\/doc\/2021-01-31Liturgie-familiale-4eme-dimancheTO.pdf\">document\u00a0 ici<\/a><\/span><\/strong><\/p>\n<p>&nbsp;<\/p>\n<p>&nbsp;<\/p>\n<p>&nbsp;<\/p>\n<p>&nbsp;<\/p>\n<p><strong>EVANGILE DE MARC (1, 21-28)<\/strong><\/p>\n<p class=\"explanation\"><span style=\"color: #0000ff;\"><em><strong><span style=\"font-size: 16px;\"><img decoding=\"async\" class=\"wp-image-3975 alignright\" src=\"https:\/\/www.savigny-viry-catholique.fr\/wp-content\/uploads\/2021\/01\/marc_1_-21-28-300x200.jpg\" alt=\"\" width=\"308\" height=\"205\" \/>\u00ab Il enseignait en homme qui a autorit\u00e9 \u00bb<\/span><\/strong><\/em><\/span><\/p>\n<p>J\u00e9sus et ses disciples entr\u00e8rent \u00e0 Capharna\u00fcm. Aussit\u00f4t, le jour du sabbat, il se rendit \u00e0 la synagogue, et l\u00e0, il enseignait. On \u00e9tait frapp\u00e9 par son enseignement, car il enseignait en homme qui a autorit\u00e9, et non pas comme les scribes.<br \/>\nOr, il y avait dans leur synagogue un homme tourment\u00e9 par un esprit impur, qui se mit \u00e0 crier : \u00ab Que nous veux-tu, J\u00e9sus de Nazareth ? Es-tu venu pour nous perdre ? Je sais qui tu es : tu es le Saint de Dieu. \u00bb J\u00e9sus l\u2019interpella vivement : \u00ab Tais-toi ! Sors de cet homme. \u00bb L\u2019esprit impur le fit entrer en convulsions, puis, poussant un grand cri, sortit de lui.<br \/>\nIls furent tous frapp\u00e9s de stupeur et se demandaient entre eux : \u00ab Qu\u2019est-ce que cela veut dire ? Voil\u00e0 un enseignement nouveau, donn\u00e9 avec autorit\u00e9 ! Il commande m\u00eame aux esprits impurs, et ils lui ob\u00e9issent. \u00bb<br \/>\nSa renomm\u00e9e se r\u00e9pandit aussit\u00f4t partout, dans toute la r\u00e9gion de la Galil\u00e9e.<\/p>\n<p>&nbsp;<\/p>\n<div class=\"lc-alert\">\n<p>&nbsp;<\/p>\n<p><strong><span style=\"font-size: 16px;\">Commentaire<\/span> <\/strong>: D\u00e8s que J\u00e9sus commence son minist\u00e8re, en manifestant l&rsquo;irruption du R\u00e8gne de Dieu, il surprend, il \u00e9tonne et, plus encore, il d\u00e9range les puissances du mal. Tous se posent des questions \u00e0 son sujet. Une introduction \u00e0 l\u2019\u00e9vangile lu le dimanche 31 janvier 2021 &#8211; 4e dimanche du temps ordinaire B.<\/p>\n<\/div>\n<div class=\"article-body ap-article-trigger\">\n<p>J\u00e9sus venait d&rsquo;annoncer son message :\u00a0<em>\u00ab\u00a0Le R\u00e8gne de Dieu est arriv\u00e9<\/em>\u00ab\u00a0, et de constituer le groupe de ses disciples. Aussit\u00f4t, ce R\u00e8gne de Dieu produit ses effets, que les \u00e9vangiles de ces dimanches annon\u00adcent tour \u00e0 tour, en commen\u00e7ant par une remise en ordre imm\u00e9diate : les forces du mal, personnifi\u00e9es et repr\u00e9sent\u00e9es par un esprit mauvais qui parle au pluriel, reconnaissent que leur temps est fini et que le Prince de la lumi\u00e8re vient les neutraliser.<\/p>\n<p>Pour parler le langage de notre temps, nous pouvons consid\u00e9rer ces esprits mauvais comme repr\u00e9sentant les multiples formes du mal, surtout celui dont l&rsquo;humanit\u00e9 se rend responsable. Par sa venue, J\u00e9sus renverse le cours de l&rsquo;histoire. Il reprend \u00e0 son compte, mais \u00e0 un niveau bien sup\u00e9rieur, le parcours de Mo\u00efse, pour lib\u00e9rer l&rsquo;humanit\u00e9 et reconstituer le Peuple de Dieu, en l&rsquo;en\u00ad gageant \u00e0 sa suite, sur ce parcours.<\/p>\n<\/div>\n<div class=\"article-author\">Source : Signes d\u2019aujourd\u2019hui &#8211; croire.la-croix.com JANVIER 20<\/div>\n<div>\n<hr \/>\n<\/div>\n<div><\/div>\n<div><strong><span style=\"font-size: 16px;\">St JEAN BOSCO<\/span><\/strong><\/div>\n<div>\n<p><img loading=\"lazy\" decoding=\"async\" class=\"size-medium wp-image-4015 alignleft\" src=\"https:\/\/www.savigny-viry-catholique.fr\/wp-content\/uploads\/2021\/01\/saint-jean-bosco-300x168.jpg\" alt=\"\" width=\"300\" height=\"168\" \/><\/p>\n<p>Saint\u00a0<b>Jean Bosco<\/b>, ou\u00a0<b>Don Bosco<\/b>, n\u00e9\u00a0<b>Giovanni Melchior Bosco<\/b> est un pr\u00eatre italien n\u00e9 le \u00e0<time class=\"nowrap date-lien\" datetime=\"1815-08-16\" data-sort-value=\"1815-08-16\">16\u00a0ao\u00fbt\u00a01815<\/time>\u00a0 dans le \u00a0Pi\u00e9mont\u00a0et mort le\u00a0<time class=\"nowrap date-lien\" datetime=\"1888-01-31\" data-sort-value=\"1888-01-31\">31\u00a0janvier\u00a01888<\/time> \u00e0 Turin.<\/p>\n<p><strong>Il a vou\u00e9 sa vie \u00e0 l&rsquo;\u00e9ducation\u00a0des jeunes enfants issus de milieux d\u00e9favoris\u00e9s<\/strong> et a fond\u00e9, en\u00a01859, la\u00a0Soci\u00e9t\u00e9 de Saint Fran\u00e7ois de Sales, plus connue sous le nom de<em><strong><a href=\"https:\/\/www.salesien.com\/\"> congr\u00e9gation des sal\u00e9siens. <\/a><\/strong><\/em>Il fut \u00a0d\u00e9clar\u00e9 saint en 1934 par le Pape PIe XI, sous le nom de<strong><i>saint Jean Bosco<\/i>.\u00a0<\/strong> En 1988, Jean-Paul II le d\u00e9clare \u00ab\u00a0<strong>P\u00e8re et le Ma\u00eetre de la jeunesse \u00bb. <\/strong>Il est f\u00eat\u00e9 le\u00a031 janvier.<\/p>\n<\/div>\n<p>Une paroisse parisienne, dans le 20-\u00e8me arrondissement est d\u00e9di\u00e9e \u00e0 Jean Bosco, elle est \u00a0class\u00e9e <strong>\u00ab Art d\u00e9co \u00bb<\/strong>\u00a0et \u00ab\u00a0<strong>patrimoine du 20\u00e8me<\/strong> \u00bb, Cette \u00e9glise paroissiale se pr\u00e9sente aussi comme <strong>l<a href=\"https:\/\/www.saintjeanbosco.fr\/sanctuaire-national-don-bosco\/\">e Sanctuaire national d\u00e9di\u00e9 \u00e0 Don Bosco<\/a>,<\/strong> saint patron et ami de la jeunesse.<\/p>\n","protected":false},"excerpt":{"rendered":"<p>31 janvier 2021, 4-\u00e8me dimanche du temps ordinaire; St Jean Bosco ; Journ\u00e9e Mondiale des L\u00e9preux ;.Liturgie familiale, voici des\u00a0 pistes pour vivre notre foi autrement.<\/p>\n","protected":false},"author":990003,"featured_media":3976,"comment_status":"closed","ping_status":"closed","sticky":false,"template":"","format":"standard","meta":{"give_campaign_id":0,"footnotes":""},"categories":[1],"tags":[],"class_list":["post-3972","post","type-post","status-publish","format-standard","has-post-thumbnail","hentry","category-uncategorized"],"_links":{"self":[{"href":"https:\/\/demos.uptitude.fr\/savviry1\/wp-json\/wp\/v2\/posts\/3972","targetHints":{"allow":["GET"]}}],"collection":[{"href":"https:\/\/demos.uptitude.fr\/savviry1\/wp-json\/wp\/v2\/posts"}],"about":[{"href":"https:\/\/demos.uptitude.fr\/savviry1\/wp-json\/wp\/v2\/types\/post"}],"author":[{"embeddable":true,"href":"https:\/\/demos.uptitude.fr\/savviry1\/wp-json\/wp\/v2\/users\/990003"}],"replies":[{"embeddable":true,"href":"https:\/\/demos.uptitude.fr\/savviry1\/wp-json\/wp\/v2\/comments?post=3972"}],"version-history":[{"count":0,"href":"https:\/\/demos.uptitude.fr\/savviry1\/wp-json\/wp\/v2\/posts\/3972\/revisions"}],"wp:featuredmedia":[{"embeddable":true,"href":"https:\/\/demos.uptitude.fr\/savviry1\/wp-json\/"}],"wp:attachment":[{"href":"https:\/\/demos.uptitude.fr\/savviry1\/wp-json\/wp\/v2\/media?parent=3972"}],"wp:term":[{"taxonomy":"category","embeddable":true,"href":"https:\/\/demos.uptitude.fr\/savviry1\/wp-json\/wp\/v2\/categories?post=3972"},{"taxonomy":"post_tag","embeddable":true,"href":"https:\/\/demos.uptitude.fr\/savviry1\/wp-json\/wp\/v2\/tags?post=3972"}],"curies":[{"name":"wp","href":"https:\/\/api.w.org\/{rel}","templated":true}]}}