{"id":3997,"date":"2021-02-03T23:04:36","date_gmt":"2021-02-03T23:04:36","guid":{"rendered":"https:\/\/www.savigny-viry-catholique.fr\/?p=3997"},"modified":"2021-02-03T23:04:36","modified_gmt":"2021-02-03T23:04:36","slug":"la-chandeleur-2-fevrier-2021","status":"publish","type":"post","link":"https:\/\/demos.uptitude.fr\/savviry1\/la-chandeleur-2-fevrier-2021\/","title":{"rendered":"LA CHANDELEUR &#8211; Le 2 f\u00e9vrier fut une belle soir\u00e9e"},"content":{"rendered":"<p>La soir\u00e9e propos\u00e9e le 2 f\u00e9vrier dernier fut une r\u00e9ussite &#8230;\/&#8230;<!--more--><\/p>\n<h3><span style=\"color: #0000ff;\">La Chandeleur : soir\u00e9e r\u00e9ussie !!<\/span><\/h3>\n<p>Le 2 f\u00e9vrier, au c\u0153ur de l&rsquo;hiver, l&rsquo;\u00c9glise a c\u00e9l\u00e9br\u00e9<strong> la pr\u00e9sentation de J\u00e9sus au Temple : la Chandeleur. <\/strong>Ce mot \u00ab\u00a0Chandeleur\u00a0\u00bb en rappelle un autre, \u00ab\u00a0chandelle\u00a0\u00bb et \u00e9voque la lumi\u00e8re.<br \/>\nLa f\u00eate de la Chandeleur, c&rsquo;est en effet<strong> la f\u00eate de la lumi\u00e8re<\/strong> car le vieux Sym\u00e9on, au Temple, reconna\u00eet en J\u00e9sus, ce petit b\u00e9b\u00e9 qu&rsquo;il prend dans ses bras, <strong>la lumi\u00e8re qui \u00e9claire le monde et annonce le salut aux hommes ! <\/strong><\/p>\n<p><strong> <img fetchpriority=\"high\" decoding=\"async\" class=\"size-medium wp-image-4001 alignleft\" src=\"https:\/\/www.savigny-viry-catholique.fr\/wp-content\/uploads\/2021\/01\/2021-02-02-chandeleur-live-Affiche-212x300.jpg\" alt=\"\" width=\"212\" height=\"300\" \/><\/strong><\/p>\n<p>&nbsp;<\/p>\n<p>&nbsp;<\/p>\n<p>&nbsp;<\/p>\n<p><strong><span style=\"font-size: 20px;\">Retour sur cette soir\u00e9e <a href=\"https:\/\/evry.catholique.fr\/soiree-chandeleur-sur-le-net-reussie\/\">en cliquant\u00a0 ici<\/a><\/span><\/strong><\/p>\n","protected":false},"excerpt":{"rendered":"<p>La soir\u00e9e propos\u00e9e le 2 f\u00e9vrier dernier fut une r\u00e9ussite &#8230;\/&#8230;<\/p>\n","protected":false},"author":990003,"featured_media":3996,"comment_status":"closed","ping_status":"closed","sticky":false,"template":"","format":"standard","meta":{"give_campaign_id":0,"footnotes":""},"categories":[1],"tags":[],"class_list":["post-3997","post","type-post","status-publish","format-standard","has-post-thumbnail","hentry","category-uncategorized"],"_links":{"self":[{"href":"https:\/\/demos.uptitude.fr\/savviry1\/wp-json\/wp\/v2\/posts\/3997","targetHints":{"allow":["GET"]}}],"collection":[{"href":"https:\/\/demos.uptitude.fr\/savviry1\/wp-json\/wp\/v2\/posts"}],"about":[{"href":"https:\/\/demos.uptitude.fr\/savviry1\/wp-json\/wp\/v2\/types\/post"}],"author":[{"embeddable":true,"href":"https:\/\/demos.uptitude.fr\/savviry1\/wp-json\/wp\/v2\/users\/990003"}],"replies":[{"embeddable":true,"href":"https:\/\/demos.uptitude.fr\/savviry1\/wp-json\/wp\/v2\/comments?post=3997"}],"version-history":[{"count":0,"href":"https:\/\/demos.uptitude.fr\/savviry1\/wp-json\/wp\/v2\/posts\/3997\/revisions"}],"wp:featuredmedia":[{"embeddable":true,"href":"https:\/\/demos.uptitude.fr\/savviry1\/wp-json\/"}],"wp:attachment":[{"href":"https:\/\/demos.uptitude.fr\/savviry1\/wp-json\/wp\/v2\/media?parent=3997"}],"wp:term":[{"taxonomy":"category","embeddable":true,"href":"https:\/\/demos.uptitude.fr\/savviry1\/wp-json\/wp\/v2\/categories?post=3997"},{"taxonomy":"post_tag","embeddable":true,"href":"https:\/\/demos.uptitude.fr\/savviry1\/wp-json\/wp\/v2\/tags?post=3997"}],"curies":[{"name":"wp","href":"https:\/\/api.w.org\/{rel}","templated":true}]}}