{"id":4053,"date":"2021-02-09T10:42:32","date_gmt":"2021-02-09T10:42:32","guid":{"rendered":"https:\/\/www.savigny-viry-catholique.fr\/?p=4053"},"modified":"2021-02-09T10:42:32","modified_gmt":"2021-02-09T10:42:32","slug":"dimanche-14-fevrier","status":"publish","type":"post","link":"https:\/\/demos.uptitude.fr\/savviry1\/dimanche-14-fevrier\/","title":{"rendered":"Dimanche 14 f\u00e9vrier"},"content":{"rendered":"<p>6 \u00e8me dimanche du temps ordinaire : proposition du sacrement des malades\u00a0 lors des messes du\u00a0 week-end <!--more--><\/p>\n<h3><img fetchpriority=\"high\" decoding=\"async\" class=\"alignnone size-medium wp-image-4047\" src=\"https:\/\/www.savigny-viry-catholique.fr\/wp-content\/uploads\/2021\/02\/Signe-de-la-tendresse-du-Pe\u0300re-300x225.jpg\" alt=\"\" width=\"300\" height=\"225\" \/><\/h3>\n<h3>13 et 14 f\u00e9vrier dans le secteur Savigny-Viry<\/h3>\n<p><span style=\"font-size: 24px;\"><strong><span style=\"color: #0000ff;\">Le sacrement des malades :<\/span><\/strong><\/span><br \/>\n<span style=\"font-size: 20px;\"><strong><span style=\"color: #0000ff;\">Le samedi 13 et dimanche 14 sera c\u00e9l\u00e9br\u00e9 sur notre Secteur Savigny-Viry le sacrement de l\u2019onction des malades :<\/span><\/strong><\/span><br \/>\n<span style=\"font-size: 20px;\"><strong><span style=\"color: #0000ff;\">Le samedi 13 f\u00e9vrier : onction des malades \u00e0 NDE , messe de 16h<\/span><\/strong><\/span><br \/>\n<span style=\"font-size: 20px;\"><strong><span style=\"color: #0000ff;\">Le dimanche 14 f\u00e9vrier : onction des malades \u00e0 Sainte Th\u00e9r\u00e8se, messe de 11h<\/span><\/strong><\/span><\/p>\n<p><strong><span style=\"color: #008000;\"><em><span style=\"font-size: 16px;\">Les fiches d\u2019inscription sont disponibles au fond des \u00e9glises : d\u00e9posez les avant le 13 f\u00e9vrier 2021 aupr\u00e8s de l\u2019accueil de la Maison Bonne Nouvelle 3 rue Joliot Curie ou remettez-les \u00e0 la sortie de la messe<\/span><\/em><\/span><\/strong><br \/>\n<strong><span style=\"color: #008000;\"><em><span style=\"font-size: 16px;\">Si en raison de votre \u00e9tat de sant\u00e9, vous ne pouvez pas vous associer \u00e0 une de ces c\u00e9l\u00e9brations, mais que vous souhaitez tout de m\u00eame recevoir ce sacrement \u00e0 votre domicile, un rendez-vous pourra \u00eatre pris individuellement avec un Pr\u00eatre du secteur, en contactant un des num\u00e9ros t\u00e9l\u00e9phonique ci-dessous :<\/span><\/em><\/span><\/strong><br \/>\n<strong><span style=\"color: #008000;\"><em><span style=\"font-size: 16px;\">Jean Doussint, diacre coordonnateur 06 42 26 94 39<\/span><\/em><\/span><\/strong><br \/>\n<strong><span style=\"color: #008000;\"><em><span style=\"font-size: 16px;\">Accueil Savigny sur Orge (Bonne Nouvelle) 01 69 05 28 42<\/span><\/em><\/span><\/strong><br \/>\n<strong><span style=\"color: #008000;\"><em><span style=\"font-size: 16px;\">Accueil Viry Chatillon (Saint Denis) 01 69 05 30 43<\/span><\/em><\/span><\/strong><\/p>\n<h4>Message du Pape Fran\u00e7oispour la 29e Journ\u00e9e Mondiale du Malade<\/h4>\n<div class=\"wp-block-image\">\n<figure class=\"alignleft size-large is-resized\"><img decoding=\"async\" class=\"wp-image-5448 alignleft\" src=\"https:\/\/evry.catholique.fr\/wp-content\/uploads\/2021\/01\/ciric-379502-300x200-1.jpg\" alt=\"\" width=\"368\" height=\"245\" \/><\/figure>\n<\/div>\n<p>&nbsp;<\/p>\n<p>&nbsp;<\/p>\n<p><em><strong>\u00ab Vous n\u2019avez qu\u2019un seul ma\u00eetre et vous \u00eates tous fr\u00e8res (Mt 23, 8).<\/strong><\/em><br \/>\n<em><strong>La relation de confiance \u00e0 la base du soin des malades. \u00bb<\/strong><\/em><\/p>\n<p>&nbsp;<\/p>\n<p><a href=\"http:\/\/www.vatican.va\/content\/francesco\/fr\/messages\/sick\/documents\/papa-francesco_20201220_giornata-malato.html\"><em><strong>L<\/strong><\/em><\/a><a href=\"http:\/\/www.vatican.va\/content\/francesco\/fr\/messages\/sick\/documents\/papa-francesco_20201220_giornata-malato.html\"><em><strong>ire le message sur le site du Vatican<\/strong><\/em><\/a><\/p>\n<p>&nbsp;<\/p>\n<p>&nbsp;<\/p>\n<p>&nbsp;<\/p>\n<p>&nbsp;<\/p>\n<p><span style=\"font-size: 16px;\">Apr\u00e8s 10 mois de pand\u00e9mie, nous sommes tous touch\u00e9s au plus profond de nos c\u0153urs. Nous sommes boulevers\u00e9s par <\/span><span style=\"font-size: 16px;\">ces confinements inattendus. Ce virus qui d\u00e9vaste les vies nous inqui\u00e8te. Nous entendons le d\u00e9sespoir des familles qui pleurent des \u00eatres aim\u00e9s \u00e0 qui ils n\u2019ont pas pu dire Adieu. Nous d\u00e9plorons la crise \u00e9conomique qui touche de nombreuses familles. Combien de temps encore tiendront ceux qui prennent soin des personnes qui souffrent ?<\/span><br \/>\n<span style=\"font-size: 16px;\">Je sugg\u00e8re que nous demandions \u00e0 J\u00e9sus-Christ, de nous inciter \u00e0 pratiquer <span style=\"color: #000000;\">la Consolation<\/span>\u00a0 lors de ce <a href=\"https:\/\/evry.catholique.fr\/dimanche-de-la-sante\/\"><strong>Dimanche de la Sant\u00e9 2021<\/strong><\/a> et durant le temps du Car\u00eame.<\/span><\/p>\n<p><span style=\"font-size: 16px;\"><strong>Marie-France Vidon<\/strong><\/span><br \/>\n<span style=\"font-size: 16px;\"><strong>Responsable Dioc\u00e9saine des Aum\u00f4niers d\u2019H\u00f4pitaux<\/strong><\/span><\/p>\n<p>&nbsp;<\/p>\n<p>&nbsp;<\/p>\n<p><img decoding=\"async\" class=\"size-medium wp-image-4057 alignleft\" src=\"https:\/\/www.savigny-viry-catholique.fr\/wp-content\/uploads\/2021\/02\/14-fev-21Benoit-MercierCroire-300x252.jpg\" alt=\"\" width=\"300\" height=\"252\" \/><\/p>\n<p>&nbsp;<\/p>\n<h5><span style=\"font-size: 20px;\">\u00ab La l\u00e8pre le quitta et il fut purifi\u00e9 \u00bb<\/span><\/h5>\n<p>&nbsp;<\/p>\n<p>&nbsp;<\/p>\n<p><span style=\"color: #0000ff; font-size: 20px;\"><strong>Liturgie familiale du\u00a0 14 f\u00e9vrier : 6 eme dimanche du temps ordinaire<\/strong><\/span><\/p>\n<p><strong><span style=\"font-size: 16px;\"><a href=\"http:\/\/www.savigny-viry-catholique.fr\/Download\/doc\/2021-02-14Liturgie-familiale-Dimanche14fev.pdf\">T\u00e9l\u00e9charger le document ici.<\/a><\/span><\/strong><\/p>\n<p>&nbsp;<\/p>\n<p>&nbsp;<\/p>\n<p>&nbsp;<\/p>\n<p>&nbsp;<\/p>\n<p>\u00c9vangile de J\u00e9sus Christ selon saint Marc (1, 40-45)<\/p>\n<p>En ce temps-l\u00e0,<br \/>\nun l\u00e9preux vint aupr\u00e8s de J\u00e9sus ;<br \/>\nil le supplia et, tombant \u00e0 ses genoux, lui dit :<br \/>\n\u00ab Si tu le veux, tu peux me purifier. \u00bb<br \/>\nSaisi de compassion, J\u00e9sus \u00e9tendit la main,<br \/>\nle toucha et lui dit :<br \/>\n\u00ab Je le veux, sois purifi\u00e9. \u00bb<br \/>\n\u00c0 l\u2019instant m\u00eame, la l\u00e8pre le quitta<br \/>\net il fut purifi\u00e9.<br \/>\nAvec fermet\u00e9, J\u00e9sus le renvoya aussit\u00f4t<br \/>\nen lui disant :<br \/>\n\u00ab Attention, ne dis rien \u00e0 personne,<br \/>\nmais va te montrer au pr\u00eatre,<br \/>\net donne pour ta purification<br \/>\nce que Mo\u00efse a prescrit dans la Loi :<br \/>\ncela sera pour les gens un t\u00e9moignage. \u00bb<br \/>\nUne fois parti,<br \/>\ncet homme se mit \u00e0 proclamer et \u00e0 r\u00e9pandre la nouvelle,<br \/>\nde sorte que J\u00e9sus ne pouvait plus entrer ouvertement dans une ville,<br \/>\nmais restait \u00e0 l\u2019\u00e9cart, dans des endroits d\u00e9serts.<br \/>\nDe partout cependant on venait \u00e0 lui.<\/p>\n<p>&nbsp;<\/p>\n<div class=\"lc-alert\">\n<p>Voici quelques pistes pour guider un partage de l&rsquo;\u00c9vangile selon saint Marc, chapitre 1, versets 40 \u00e0 45.<\/p>\n<\/div>\n<div class=\"article-body ap-article-trigger\">\n<p>1. Les l\u00e9preux \u00e9taient exclus de toutes les soci\u00e9t\u00e9s antiques. Maladie contagieuse, la l\u00e8pre apparaissait comme une mal\u00e9diction qui retranchait ses victimes de tout commerce avec autrui, les privant par l\u00e0 m\u00eame des soins qui auraient pu les soulager. En touchant un homme atteint de ce mal, J\u00e9sus enfreint un tabou social et religieux. Il renverse le mur d\u2019une implacable s\u00e9gr\u00e9gation, se mettant litt\u00e9ralement hors la loi (de Mo\u00efse). Tout en utilisant le langage de la \u201cpurification\u201d, J\u00e9sus d\u00e9passe et r\u00e9interpr\u00e8te les cat\u00e9gories l\u00e9gales : c\u2019est un c\u0153ur perverti qui rend l\u2019homme impur, et non une maladie ou une infraction au code rituel (cf. Marc 7,20-23).<\/p>\n<p>2. J\u00e9sus attend de ses disciples qu\u2019ils brisent les barri\u00e8res de la peur et du conformisme pour \u201c\u00e9tendre la main\u201d vers leurs semblables d\u00e9sh\u00e9rit\u00e9s ou m\u00e9pris\u00e9s. Seule la contagion de l\u2019amour fraternel peut vaincre celle de la l\u00e8pre multiforme qui ronge nos soci\u00e9t\u00e9s. Avons-nous des yeux pour voir les millions de parias que le monde soi-disant d\u00e9velopp\u00e9 rejette sur ses marges ? Que sommes-nous dispos\u00e9s \u00e0 faire, individuellement et collectivement, \u00e0 mesure que nous prenons conscience de la cruelle r\u00e9alit\u00e9 ? L\u2019humanit\u00e9 repue refuse \u00e0 ces proscrits le peu d\u2019amiti\u00e9 et de dignit\u00e9 qui pourrait leur rendre le go\u00fbt de vivre.<\/p>\n<p>3.\u00a0<em>\u201cAttention, ne dis rien \u00e0 personne !\u201d<\/em>\u00a0Cet avertissement s\u00e9v\u00e8re, qui renvoie au secret messianique sous-jacent \u00e0 l\u2019\u00e9vangile de Marc, signifie que des gens simplement avides de prodiges ne sauraient voir, dans la gu\u00e9rison du l\u00e9preux, l\u2019irruption d\u2019un monde nouveau. Ne sommes-nous pas victimes d\u2019une c\u00e9cit\u00e9 analogue lorsqu\u2019il est question de \u201cmiracles\u201d en tout genre ?<\/p>\n<\/div>\n<div class=\"article-author\">Signes d\u2019Aujourd\u2019hui<\/div>\n<div>\n<hr \/>\n<\/div>\n<div>\n<h3>N&rsquo;OUBLIEZ PAS LA QU\u00caTE !!!<img loading=\"lazy\" decoding=\"async\" class=\"size-full wp-image-3240 alignright\" src=\"http:\/\/www.savigny-viry-catholique.fr\/wp-content\/uploads\/2020\/11\/quete-en-lignet.jpg\" alt=\"\" width=\"298\" height=\"169\" \/><\/h3>\n<h3><strong>La plate-forme <em><a href=\"https:\/\/quete.catholique.fr\/?reserved_diocese=EVRY&amp;reserved_paroisse=\">quete.catholique.fr <\/a><\/em><\/strong>est toujours active !<\/h3>\n<p>Les mesures sanitaires en vigueur emp\u00eache nombre de catholiques de se rendre aux c\u00e9l\u00e9brations de leur paroisse et ainsi de participer \u00e0 la qu\u00eate. La qu\u00eate, collect\u00e9e chaque dimanche constitue l\u2019une des principales ressources des paroisses et va conna\u00eetre une baisse comme lors du premier confinement.<\/p>\n<p>La Conf\u00e9rence des \u00e9v\u00eaques de France a mit en place une plateforme de <strong>don en ligne,<\/strong>\u00a0<span style=\"color: #ff0000;\"><em><strong>s\u00e9curis\u00e9e<\/strong> <\/em><\/span>et accessible \u00e0 l\u2019adresse : <strong><em><a href=\"https:\/\/quete.catholique.fr\/?reserved_diocese=EVRY&amp;reserved_paroisse=\">quete.catholique.fr<\/a><\/em><\/strong><\/p>\n<p>Vous pouvez aussi aider votre dioc\u00e8se par le denier ; dans ces temps difficiles la g\u00e9n\u00e9rosit\u00e9 doit continuer<strong>\u00a0<a href=\"http:\/\/www.savigny-viry-catholique.fr\/portfolio\/la-generosite-continue\/\"> Voir ici.\u00a0<\/a><\/strong><\/p>\n<p><i>Par avance <\/i><em><strong>MERCI !<\/strong><\/em><\/p>\n<\/div>\n","protected":false},"excerpt":{"rendered":"<p>6 \u00e8me dimanche du temps ordinaire : proposition du sacrement des malades\u00a0 lors des messes du\u00a0 week-end<\/p>\n","protected":false},"author":990003,"featured_media":4047,"comment_status":"closed","ping_status":"closed","sticky":false,"template":"","format":"standard","meta":{"give_campaign_id":0,"footnotes":""},"categories":[1],"tags":[],"class_list":["post-4053","post","type-post","status-publish","format-standard","has-post-thumbnail","hentry","category-uncategorized"],"_links":{"self":[{"href":"https:\/\/demos.uptitude.fr\/savviry1\/wp-json\/wp\/v2\/posts\/4053","targetHints":{"allow":["GET"]}}],"collection":[{"href":"https:\/\/demos.uptitude.fr\/savviry1\/wp-json\/wp\/v2\/posts"}],"about":[{"href":"https:\/\/demos.uptitude.fr\/savviry1\/wp-json\/wp\/v2\/types\/post"}],"author":[{"embeddable":true,"href":"https:\/\/demos.uptitude.fr\/savviry1\/wp-json\/wp\/v2\/users\/990003"}],"replies":[{"embeddable":true,"href":"https:\/\/demos.uptitude.fr\/savviry1\/wp-json\/wp\/v2\/comments?post=4053"}],"version-history":[{"count":0,"href":"https:\/\/demos.uptitude.fr\/savviry1\/wp-json\/wp\/v2\/posts\/4053\/revisions"}],"wp:featuredmedia":[{"embeddable":true,"href":"https:\/\/demos.uptitude.fr\/savviry1\/wp-json\/"}],"wp:attachment":[{"href":"https:\/\/demos.uptitude.fr\/savviry1\/wp-json\/wp\/v2\/media?parent=4053"}],"wp:term":[{"taxonomy":"category","embeddable":true,"href":"https:\/\/demos.uptitude.fr\/savviry1\/wp-json\/wp\/v2\/categories?post=4053"},{"taxonomy":"post_tag","embeddable":true,"href":"https:\/\/demos.uptitude.fr\/savviry1\/wp-json\/wp\/v2\/tags?post=4053"}],"curies":[{"name":"wp","href":"https:\/\/api.w.org\/{rel}","templated":true}]}}