{"id":4100,"date":"2021-02-10T19:36:06","date_gmt":"2021-02-10T19:36:06","guid":{"rendered":"https:\/\/www.savigny-viry-catholique.fr\/?p=4100"},"modified":"2021-02-10T19:36:06","modified_gmt":"2021-02-10T19:36:06","slug":"mercredi-des-cendres","status":"publish","type":"post","link":"https:\/\/demos.uptitude.fr\/savviry1\/mercredi-des-cendres\/","title":{"rendered":"Mercredi des Cendres"},"content":{"rendered":"<p>Le Car\u00eame s\u2019ouvre avec la c\u00e9l\u00e9bration du mercredi des Cendres. Dans la Bible, les H\u00e9breux se couvraient la t\u00eate de cendres en signe de p\u00e9nitence. Ce symbole<!--more--> s\u2019est impos\u00e9 tardivement dans la liturgie catholique du premier jour du Car\u00eame.<\/p>\n<p><img fetchpriority=\"high\" decoding=\"async\" class=\"alignnone size-full wp-image-4098\" src=\"https:\/\/www.savigny-viry-catholique.fr\/wp-content\/uploads\/2021\/02\/cendres.jpg\" alt=\"\" width=\"225\" height=\"225\" \/><img decoding=\"async\" class=\"alignnone wp-image-4099\" src=\"https:\/\/www.savigny-viry-catholique.fr\/wp-content\/uploads\/2021\/02\/Cendres-horaires-300x120.jpg\" alt=\"\" width=\"623\" height=\"249\" \/><\/p>\n<p>&nbsp;<\/p>\n<p>L\u2019imposition des cendres\u00a0 est faite par tous les fid\u00e8les depuis le XIV\u00b0 si\u00e8cle. Elle se fait sur le front, sur la t\u00eate ou sur la main. C\u2019est un geste riche de signification<\/p>\n<p>&nbsp;<\/p>\n<p><strong>\u00a0Origine et histoire du rite de l\u2019imposition des cendres<\/strong><\/p>\n<p>&nbsp;<\/p>\n<p>Le d\u00e9but du Car\u00eame catholique est marqu\u00e9 par le geste de l\u2019imposition des cendres. Ce geste est h\u00e9rit\u00e9 de la tradition juive comme d\u00e9marche de conversion. Chez les juifs, la signification des cendres sur la t\u00eate \u00e9tait un t\u00e9moignage de p\u00e9nitence, de deuil et de tristesse.<\/p>\n<p>D\u00e8s le III\u00b0 et le IV\u00b0 si\u00e8cle, l\u2019\u00c9glise faisait ce rite sur la t\u00eate des p\u00e9nitents publics apr\u00e8s avoir entendu la confession publique de leur faute, puis elle les chassait de la messe jusqu\u2019\u00e0 leur r\u00e9int\u00e9gration le Jeudi Saint.<\/p>\n<p>Ce rite est plus ancien que l\u2019origine du mercredi des Cendres qui remonte au pape saint Gr\u00e9goire le Grand (fin du VI\u00b0 si\u00e8cle). Celui-ci d\u00e9cida de rajouter quatre jours pour avoir les quarante jours de je\u00fbne en dehors des dimanches.<\/p>\n<p>Lorsque la p\u00e9nitence publique tomba en d\u00e9su\u00e9tude au X\u00b0 si\u00e8cle, les fid\u00e8les demand\u00e8rent \u00e0 recevoir les cendres de la m\u00eame fa\u00e7on pour marquer le d\u00e9but du car\u00eame, pour entrer dans une d\u00e9marche de conversion. Au XIV\u00b0 si\u00e8cle la r\u00e9ception par tous les fid\u00e8les est universelle dans l\u2019\u00c9glise d\u2019Occident.<\/p>\n<p><strong>Pour en savoir plus<\/strong> <a href=\"https:\/\/cybercure.fr\/les-fetes-de-l-eglise\/careme\/mercredi-des-cendres\/article\/entree-en-careme-mercredi-des-cendres\"><span style=\"color: #0000ff;\"><strong>cliquez ici<\/strong><\/span><\/a><\/p>\n<p>&#8212;&#8212;&#8212;&#8212;&#8212;&#8212;&#8212;&#8212;&#8212;&#8212;&#8212;&#8212;&#8212;&#8212;&#8212;&#8212;&#8212;&#8212;&#8212;&#8212;&#8212;&#8212;&#8212;&#8212;&#8212;&#8212;&#8212;&#8212;&#8212;&#8212;&#8212;&#8212;&#8212;&#8212;&#8212;&#8212;&#8212;&#8212;&#8212;&#8212;&#8212;&#8212;&#8212;&#8212;&#8212;&#8212;&#8212;&#8212;&#8212;&#8212;&#8212;&#8212;&#8212;&#8212;&#8212;&#8212;&#8212;&#8212;&#8212;&#8212;&#8212;&#8212;&#8212;&#8212;&#8212;&#8212;&#8212;&#8212;&#8212;&#8212;&#8212;&#8212;&#8212;&#8212;&#8212;&#8212;&#8212;&#8212;&#8212;&#8212;&#8212;&#8212;&#8212;&#8212;-<\/p>\n<p><span style=\"font-size: 20px;\">40 jours pour grandir spirituellement<\/span><\/p>\n<p><span style=\"font-size: 16px;\">L\u2019ann\u00e9e liturgique est marqu\u00e9e par des temps forts. C\u2019est un cycle qui rythme notre vie de foi. Le temps de Car\u00eame, durant quarante jours avant la f\u00eate de P\u00e2ques, donne une occasion favorable de s\u2019exercer au combat spirituel en s\u2019appuyant sur le Christ, vainqueur du Mal.<\/span><\/p>\n<p><span style=\"font-size: 16px;\">Pour cela, nous sommes invit\u00e9s \u00e0 renforcer notre assiduit\u00e9 \u00e0 la pri\u00e8re. La pri\u00e8re v\u00e9cue comme une respiration pour le croyant. Au fond, ce dialogue avec Dieu, la pri\u00e8re, est vital. Nous savons que sans respiration nous ne vivons pas\u00a0! la respiration spirituelle quotidienne par la pri\u00e8re nous alimente et booste nos journ\u00e9es. C\u2019est l\u2019occasion d\u2019entendre \u00e0 nouveau frais l\u2019interpellation \u00ab\u00a0<em>priez sans cesse<\/em>\u00a0\u00bb.<\/span><\/p>\n<p><span style=\"font-size: 16px;\">La pri\u00e8re v\u00e9cue profond\u00e9ment nous conduit sur un chemin de conversion personnelle et communautaire. Nous pouvons alors avoir la force de pardonner et l\u2019humilit\u00e9 de demander pardon. En effet, le pardon constitue l\u2019autre tr\u00e9pied qui accompagne la marche vers P\u00e2ques. Il nous rappelle que notre pri\u00e8re, est agr\u00e9able \u00e0 Dieu dans la mesure o\u00f9, avant de pr\u00e9senter notre offrande, nous fassions le m\u00e9nage dans notre vie. En particulier dans nos relations avec nos fr\u00e8res et s\u0153urs, mais aussi dans la recherche de l\u2019unit\u00e9 int\u00e9rieure personnelle. L\u2019exp\u00e9rience montre qu\u2019au bout du chemin de r\u00e9conciliation, se trouve la joie du pardon.<\/span><\/p>\n<p><span style=\"font-size: 16px;\">Chemin de conversion, le temps de car\u00eame invite \u00e0 ouvrir nos c\u0153urs et nos mains pour partager avec les plus d\u00e9munis. Des associations comme le CCFD-Terre solidaire (<em>Comit\u00e9 Catholique contre la Faim et pour le D\u00e9veloppement<\/em>) et bien d\u2019autres nous ouvrent des yeux \u00e0 cette r\u00e9alit\u00e9 bien pr\u00e9sente \u00e0 notre entourage comme au loin.<\/span><\/p>\n<p><span style=\"font-size: 16px;\">Prier, pardonner et partager, voil\u00e0 les trois \u00ab\u00a0p\u00a0\u00bb du Car\u00eame \u00e0 mettre en \u0153uvre. A ces trois, nous pouvons ajouter le \u00ab\u00a0prendre soin\u00a0\u00bb en guise d\u2019un quatri\u00e8me interpellant notre g\u00e9n\u00e9rosit\u00e9 sur le chemin vers P\u00e2ques.<\/span><\/p>\n<p><span style=\"font-size: 16px;\">Bonne route\u00a0!<\/span><\/p>\n<p><span style=\"font-size: 16px;\"><img decoding=\"async\" class=\"wp-image-2970 alignleft\" src=\"https:\/\/www.savigny-viry-catholique.fr\/wp-content\/uploads\/2020\/09\/BIDZOGO-V1-284x300.jpg\" alt=\"\" width=\"101\" height=\"107\" \/>P\u00e8re Emmanuel Bidzogo<\/span><\/p>\n<p>&nbsp;<\/p>\n<p>&nbsp;<\/p>\n<p>&nbsp;<\/p>\n<p>&nbsp;<\/p>\n<p>&#8212;&#8212;&#8212;&#8212;&#8212;&#8212;&#8212;&#8212;&#8212;&#8212;&#8212;&#8212;&#8212;&#8212;&#8212;&#8212;&#8212;&#8212;&#8212;&#8212;&#8212;&#8212;&#8212;&#8212;&#8212;&#8212;&#8212;&#8212;&#8212;&#8212;&#8212;&#8212;&#8212;&#8212;&#8212;&#8212;&#8212;&#8212;&#8212;&#8212;&#8212;&#8212;&#8212;&#8212;&#8212;&#8212;&#8212;&#8212;&#8212;&#8212;&#8212;&#8212;&#8212;&#8212;&#8212;&#8212;&#8212;&#8212;&#8212;&#8212;&#8212;&#8212;&#8212;&#8212;&#8212;&#8212;&#8212;&#8212;&#8212;&#8212;&#8212;&#8212;&#8212;&#8212;&#8212;&#8212;&#8212;&#8212;&#8212;&#8212;&#8212;&#8212;&#8212;&#8212;&#8212;&#8212;&#8212;&#8212;&#8212;&#8212;&#8212;&#8212;&#8212;&#8212;&#8212;-<\/p>\n<p>&nbsp;<\/p>\n<h3>N&rsquo;OUBLIEZ PAS LA QU\u00caTE !!!<img loading=\"lazy\" decoding=\"async\" class=\"size-full wp-image-3240 alignright\" src=\"http:\/\/www.savigny-viry-catholique.fr\/wp-content\/uploads\/2020\/11\/quete-en-lignet.jpg\" alt=\"\" width=\"298\" height=\"169\" \/><\/h3>\n<h3><strong>La plate-forme <em><a href=\"https:\/\/quete.catholique.fr\/?reserved_diocese=EVRY&amp;reserved_paroisse=\">quete.catholique.fr <\/a><\/em><\/strong>est toujours active !<\/h3>\n<p>Les mesures sanitaires en vigueur emp\u00eache nombre de catholiques de se rendre aux c\u00e9l\u00e9brations de leur paroisse et ainsi de participer \u00e0 la qu\u00eate. La qu\u00eate, collect\u00e9e chaque dimanche constitue l\u2019une des principales ressources des paroisses et va conna\u00eetre une baisse comme lors du premier confinement.<\/p>\n<p>La Conf\u00e9rence des \u00e9v\u00eaques de France a mit en place une plateforme de <strong>don en ligne,<\/strong>\u00a0<span style=\"color: #ff0000;\"><em><strong>s\u00e9curis\u00e9e<\/strong> <\/em><\/span>et accessible \u00e0 l\u2019adresse : <strong><em><a href=\"https:\/\/quete.catholique.fr\/?reserved_diocese=EVRY&amp;reserved_paroisse=\">quete.catholique.fr<\/a><\/em><\/strong><\/p>\n<p>Vous pouvez aussi aider votre dioc\u00e8se par le denier ; dans ces temps difficiles la g\u00e9n\u00e9rosit\u00e9 doit continuer<strong>\u00a0<a href=\"http:\/\/www.savigny-viry-catholique.fr\/portfolio\/la-generosite-continue\/\"> Voir ici.\u00a0<\/a><\/strong><\/p>\n<p><i>Par avance <\/i><em><strong>MERCI !<\/strong><\/em><\/p>\n","protected":false},"excerpt":{"rendered":"<p>Le Car\u00eame s\u2019ouvre avec la c\u00e9l\u00e9bration du mercredi des Cendres. Dans la Bible, les H\u00e9breux se couvraient la t\u00eate de cendres en signe de p\u00e9nitence. Ce symbole<\/p>\n","protected":false},"author":990003,"featured_media":4098,"comment_status":"closed","ping_status":"closed","sticky":false,"template":"","format":"standard","meta":{"give_campaign_id":0,"footnotes":""},"categories":[1],"tags":[],"class_list":["post-4100","post","type-post","status-publish","format-standard","has-post-thumbnail","hentry","category-uncategorized"],"_links":{"self":[{"href":"https:\/\/demos.uptitude.fr\/savviry1\/wp-json\/wp\/v2\/posts\/4100","targetHints":{"allow":["GET"]}}],"collection":[{"href":"https:\/\/demos.uptitude.fr\/savviry1\/wp-json\/wp\/v2\/posts"}],"about":[{"href":"https:\/\/demos.uptitude.fr\/savviry1\/wp-json\/wp\/v2\/types\/post"}],"author":[{"embeddable":true,"href":"https:\/\/demos.uptitude.fr\/savviry1\/wp-json\/wp\/v2\/users\/990003"}],"replies":[{"embeddable":true,"href":"https:\/\/demos.uptitude.fr\/savviry1\/wp-json\/wp\/v2\/comments?post=4100"}],"version-history":[{"count":0,"href":"https:\/\/demos.uptitude.fr\/savviry1\/wp-json\/wp\/v2\/posts\/4100\/revisions"}],"wp:featuredmedia":[{"embeddable":true,"href":"https:\/\/demos.uptitude.fr\/savviry1\/wp-json\/"}],"wp:attachment":[{"href":"https:\/\/demos.uptitude.fr\/savviry1\/wp-json\/wp\/v2\/media?parent=4100"}],"wp:term":[{"taxonomy":"category","embeddable":true,"href":"https:\/\/demos.uptitude.fr\/savviry1\/wp-json\/wp\/v2\/categories?post=4100"},{"taxonomy":"post_tag","embeddable":true,"href":"https:\/\/demos.uptitude.fr\/savviry1\/wp-json\/wp\/v2\/tags?post=4100"}],"curies":[{"name":"wp","href":"https:\/\/api.w.org\/{rel}","templated":true}]}}