{"id":4109,"date":"2021-02-10T17:38:52","date_gmt":"2021-02-10T17:38:52","guid":{"rendered":"https:\/\/www.savigny-viry-catholique.fr\/?p=4109"},"modified":"2021-02-10T17:38:52","modified_gmt":"2021-02-10T17:38:52","slug":"1er-dimanche-de-careme-21-fevrier-2021","status":"publish","type":"post","link":"https:\/\/demos.uptitude.fr\/savviry1\/1er-dimanche-de-careme-21-fevrier-2021\/","title":{"rendered":"1er Dimanche de Car\u00eame &#8211;  21 f\u00e9vrier 2021"},"content":{"rendered":"<p>\u201c <strong><em>Prot\u00e9ger le monde qui nous entoure et nous contient, c\u2019est prendre soin de nous-m\u00eames \u2026 un \u201cnous\u201d qui habite la maison commune<\/em><\/strong> \u201c (Fratelli Tutti n\u00b0 17)<\/p>\n<p>J\u00e9sus au d\u00e9sert &#8230;\/&#8230;<!--more--><\/p>\n<p><img fetchpriority=\"high\" decoding=\"async\" class=\"size-full wp-image-4111 alignnone\" src=\"https:\/\/www.savigny-viry-catholique.fr\/wp-content\/uploads\/2021\/02\/Desert02.jpg\" alt=\"\" width=\"286\" height=\"176\" \/><\/p>\n<p>Nous sommes invit\u00e9s\u00a0 \u00e0\u00a0 <span style=\"font-size: 16px;\"><strong><span style=\"color: #0000ff;\">Aimer la cr\u00e9ation<\/span><\/strong><\/span><\/p>\n<p><span style=\"font-size: 16px;\">Pri\u00e8re: <span style=\"color: #0000ff;\"><strong>\u00ab Seigneur, Tu nous demandes d\u2019aimer nos ennemis. Mais par notre comportement bien souvent nous devenons les ennemis de la plan\u00e8te et du vivant, ennemis de notre \u00ab Maison commune \u00bb.<\/strong><\/span><\/span><\/p>\n<p>&nbsp;<\/p>\n<p><strong><span style=\"font-size: 20px;\">Ce dimanche, notre \u00e9v\u00eaque Mgr Pansard proc\u00e8de \u00e0 l&rsquo;appel d\u00e9cisif des cat\u00e9chum\u00e8nes.<\/span><\/strong><\/p>\n<p>&#8212;&#8212;&#8212;&#8212;&#8212;&#8212;&#8212;&#8212;&#8212;&#8212;&#8212;&#8212;&#8212;&#8212;&#8212;&#8212;&#8212;&#8212;&#8212;&#8212;&#8212;&#8212;&#8212;&#8212;&#8212;&#8212;&#8212;&#8212;&#8212;&#8212;&#8212;&#8212;&#8212;&#8212;&#8212;&#8212;&#8212;&#8212;&#8212;&#8212;&#8212;&#8212;&#8212;&#8212;&#8212;&#8212;&#8212;&#8212;&#8212;&#8212;&#8212;&#8212;&#8212;&#8212;&#8212;&#8212;&#8212;&#8212;&#8212;&#8212;&#8212;&#8212;&#8212;&#8212;&#8212;&#8212;&#8212;&#8212;&#8212;&#8212;&#8212;&#8212;&#8212;&#8212;&#8212;&#8212;&#8212;&#8212;&#8212;&#8212;&#8212;&#8212;&#8212;&#8212;&#8212;&#8212;&#8212;&#8212;&#8212;&#8212;&#8212;&#8212;&#8212;&#8212;&#8212;&#8211;<\/p>\n<p><img decoding=\"async\" class=\"size-medium wp-image-4120 alignleft\" src=\"https:\/\/www.savigny-viry-catholique.fr\/wp-content\/uploads\/2021\/02\/Careme-2021en-ligne-300x200.jpg\" alt=\"\" width=\"300\" height=\"200\" \/><\/p>\n<p><span style=\"font-size: 16px;\"><strong>\u00a0 \u00a0 \u00a0 \u00a0 \u00a0 \u00a0 \u00a0 \u00a0 \u00a0 \u00a0 \u00a0 \u00a0 \u00a0 \u00a0 \u00a0 \u00a0 \u00a0 \u00a0 \u00a0 \u00a0 \u00a0 \u00a0 \u00a0 \u00a0 <\/strong><\/span><\/p>\n<p><span style=\"font-size: 16px;\"><strong>\u00a0 \u00a0 \u00a0 \u00a0 <\/strong><\/span><span style=\"font-size: 16px;\"><strong>\u00a0Vivre le Car\u00eame en ligne\u00a0 :\u00a0 lire le message du Pape Fran\u00e7ois <a href=\"https:\/\/evry.catholique.fr\/vivre-le-careme-en-ligne\/\">, cliquez ici<\/a><\/strong><\/span><\/p>\n<p>&nbsp;<\/p>\n<p>&nbsp;<\/p>\n<p>&nbsp;<\/p>\n<p>&nbsp;<\/p>\n<p>&nbsp;<\/p>\n<hr \/>\n<p><img decoding=\"async\" class=\"size-medium wp-image-4097 alignleft\" src=\"https:\/\/www.savigny-viry-catholique.fr\/wp-content\/uploads\/2021\/02\/tentation-au-desert-294x300.jpg\" alt=\"\" width=\"294\" height=\"300\" \/><\/p>\n<p>&nbsp;<\/p>\n<p><span style=\"font-size: 16px;\"><strong>Liturgie familiale du premier dimanche de Car\u00eame<\/strong><\/span><\/p>\n<p><strong><span style=\"font-size: 16px; color: #0000ff;\">T\u00e9l\u00e9chargez le <a href=\"http:\/\/www.savigny-viry-catholique.fr\/Download\/doc\/2021-02-21LITURGIE-FAMILIALE-DIMANCHE-1er-Careme.pdf\">document ici<\/a><\/span><\/strong><\/p>\n<p><strong>Ce Dieu de toutes les alliances.<\/strong><br \/>\nLe th\u00e8me de l\u2019alliance est un des th\u00e8mes majeurs de toute la Bible. Ce dimanche nous parle de la toute premi\u00e8re Alliance, faite avec No\u00e9 et l\u2019ensemble des \u00eatres vivants.<br \/>\nLe refrain du psaume r\u00e9sume la foi et la pratique religieuse en termes de fid\u00e9lit\u00e9 \u00e0 l\u2019alliance. Et au seuil de la Nouvelle Alliance, J\u00e9sus pr\u00eache la conversion et la foi en son \u00c9vangile.<\/p>\n<p>&nbsp;<\/p>\n<p><span style=\"font-size: 20px;\"><em><strong>\u00c9vangile de Marc\u00a0 (1, 12-15)<\/strong><\/em><\/span><\/p>\n<p><span style=\"font-size: 16px;\">J\u00e9sus venait d\u2019\u00eatre baptis\u00e9. Aussit\u00f4t l\u2019Esprit le pousse au d\u00e9sert et, dans le d\u00e9sert, il resta quarante jours, tent\u00e9 par Satan. Il vivait parmi les b\u00eates sauvages, et les anges le servaient. Apr\u00e8s l\u2019arrestation de Jean, J\u00e9sus partit pour la Galil\u00e9e proclamer l\u2019\u00c9vangile de Dieu ; il disait : \u00ab Les temps sont accomplis : le r\u00e8gne de Dieu est tout proche. Convertissez-vous et croyez \u00e0 l\u2019\u00c9vangile. \u00bb<\/span><\/p>\n<p>&nbsp;<\/p>\n<p>&nbsp;<\/p>\n<hr \/>\n<h3>N&rsquo;OUBLIEZ PAS LA QU\u00caTE !!!<img loading=\"lazy\" decoding=\"async\" class=\"size-full wp-image-3240 alignright\" src=\"http:\/\/www.savigny-viry-catholique.fr\/wp-content\/uploads\/2020\/11\/quete-en-lignet.jpg\" alt=\"\" width=\"298\" height=\"169\" \/><\/h3>\n<h3><strong>La plate-forme <em><a href=\"https:\/\/quete.catholique.fr\/?reserved_diocese=EVRY&amp;reserved_paroisse=\">quete.catholique.fr <\/a><\/em><\/strong>est toujours active !<\/h3>\n<p>Les mesures sanitaires en vigueur emp\u00eache nombre de catholiques de se rendre aux c\u00e9l\u00e9brations de leur paroisse et ainsi de participer \u00e0 la qu\u00eate. La qu\u00eate, collect\u00e9e chaque dimanche constitue l\u2019une des principales ressources des paroisses et va conna\u00eetre une baisse comme lors du premier confinement.<\/p>\n<p>La Conf\u00e9rence des \u00e9v\u00eaques de France a mit en place une plateforme de <strong>don en ligne,<\/strong>\u00a0<span style=\"color: #ff0000;\"><em><strong>s\u00e9curis\u00e9e<\/strong> <\/em><\/span>et accessible \u00e0 l\u2019adresse : <strong><em><a href=\"https:\/\/quete.catholique.fr\/?reserved_diocese=EVRY&amp;reserved_paroisse=\">quete.catholique.fr<\/a><\/em><\/strong><\/p>\n<p>Vous pouvez aussi aider votre dioc\u00e8se par le denier ; dans ces temps difficiles la g\u00e9n\u00e9rosit\u00e9 doit continuer<strong>\u00a0<a href=\"http:\/\/www.savigny-viry-catholique.fr\/portfolio\/la-generosite-continue\/\"> Voir ici.\u00a0<\/a><\/strong><\/p>\n<p><i>Par avance <\/i><em><strong>MERCI !<\/strong><\/em><\/p>\n","protected":false},"excerpt":{"rendered":"<p>\u201c Prot\u00e9ger le monde qui nous entoure et nous contient, c\u2019est prendre soin de nous-m\u00eames \u2026 un \u201cnous\u201d qui habite la maison commune \u201c (Fratelli Tutti n\u00b0 17) J\u00e9sus au d\u00e9sert &#8230;\/&#8230;<\/p>\n","protected":false},"author":990003,"featured_media":4158,"comment_status":"closed","ping_status":"closed","sticky":false,"template":"","format":"standard","meta":{"give_campaign_id":0,"footnotes":""},"categories":[1],"tags":[],"class_list":["post-4109","post","type-post","status-publish","format-standard","has-post-thumbnail","hentry","category-uncategorized"],"_links":{"self":[{"href":"https:\/\/demos.uptitude.fr\/savviry1\/wp-json\/wp\/v2\/posts\/4109","targetHints":{"allow":["GET"]}}],"collection":[{"href":"https:\/\/demos.uptitude.fr\/savviry1\/wp-json\/wp\/v2\/posts"}],"about":[{"href":"https:\/\/demos.uptitude.fr\/savviry1\/wp-json\/wp\/v2\/types\/post"}],"author":[{"embeddable":true,"href":"https:\/\/demos.uptitude.fr\/savviry1\/wp-json\/wp\/v2\/users\/990003"}],"replies":[{"embeddable":true,"href":"https:\/\/demos.uptitude.fr\/savviry1\/wp-json\/wp\/v2\/comments?post=4109"}],"version-history":[{"count":0,"href":"https:\/\/demos.uptitude.fr\/savviry1\/wp-json\/wp\/v2\/posts\/4109\/revisions"}],"wp:featuredmedia":[{"embeddable":true,"href":"https:\/\/demos.uptitude.fr\/savviry1\/wp-json\/"}],"wp:attachment":[{"href":"https:\/\/demos.uptitude.fr\/savviry1\/wp-json\/wp\/v2\/media?parent=4109"}],"wp:term":[{"taxonomy":"category","embeddable":true,"href":"https:\/\/demos.uptitude.fr\/savviry1\/wp-json\/wp\/v2\/categories?post=4109"},{"taxonomy":"post_tag","embeddable":true,"href":"https:\/\/demos.uptitude.fr\/savviry1\/wp-json\/wp\/v2\/tags?post=4109"}],"curies":[{"name":"wp","href":"https:\/\/api.w.org\/{rel}","templated":true}]}}