{"id":4165,"date":"2021-02-10T11:09:48","date_gmt":"2021-02-10T11:09:48","guid":{"rendered":"https:\/\/www.savigny-viry-catholique.fr\/?p=4165"},"modified":"2021-02-10T11:09:48","modified_gmt":"2021-02-10T11:09:48","slug":"2-eme-dimanche-de-careme","status":"publish","type":"post","link":"https:\/\/demos.uptitude.fr\/savviry1\/2-eme-dimanche-de-careme\/","title":{"rendered":"2 \u00e8me dimanche de Car\u00eame &#8211; 28 f\u00e9vrier 2021"},"content":{"rendered":"<p>Comprendre la cr\u00e9ation &#8211; Ecouter l&rsquo;appel du Seigneur :\u00a0 Voir et entendre ; contempler le monde ; <strong><span style=\"color: #0000ff;\">chercher un chemin de conversion<\/span> <\/strong>pour agir avec amour et justice.<\/p>\n<p><!--more--><\/p>\n<p><span style=\"font-size: 16px;\"><strong><em><img fetchpriority=\"high\" decoding=\"async\" class=\" wp-image-4167 alignleft\" src=\"https:\/\/www.savigny-viry-catholique.fr\/wp-content\/uploads\/2021\/02\/Transfiguration-Raphael.jpg\" alt=\"\" width=\"253\" height=\"364\" \/>Deuxi\u00e8me dimanche de car\u00eame ann\u00e9e b ; Marc 9,2-10<\/em><\/strong><\/span><\/p>\n<p><strong><span style=\"color: #0000ff;\">\u00ab\u00a0<em>Celui-ci est mon fils bien-aim\u00e9. Ecoutez-le<\/em>\u00a0!\u00a0\u00bb<\/span><\/strong><\/p>\n<p style=\"text-align: justify;\">L\u2019Evangile nous r\u00e9v\u00e8le dans cette Transfiguration de j\u00e9sus, la pr\u00e9figuration de sa r\u00e9surrection. Cette Transfiguration comme une \u00e9piphanie nous rappelle qu\u2019en J\u00e9sus une r\u00e9volution unique s\u2019est accomplie dans notre histoire\u00a0: d\u00e9sormais le sacr\u00e9 c\u2019est aussi l\u2019homme, car \u00a0le corps humain peut devenir le visage de l\u2019Eternelle Lumi\u00e8re. Ce texte de Saint Marc nous montre le chemin d\u2019une conversion de nos images, de nos regards et de nos clich\u00e9s de Dieu. Cet \u00e9pisode en effet intervient six jours apr\u00e8s la profession de foi de Pierre suivie de \u00a0l\u2019annonce de la passion du Seigneur qui avait suscit\u00e9 une certaine incompr\u00e9hension chez ses disciples en attente d\u2019un messie puissant et dominateur. Cet\u00a0 \u00e9v\u00e9nement est l\u2019occasion o\u00f9 Dieu se donne \u00e0 voir en montrant dans cette rayonnante v\u00e9rit\u00e9 trinitaire ce qu\u2019il livre pour le monde\u00a0: ce nouvel Isaac qu\u2019il laisse offrir en holocauste.<\/p>\n<p style=\"text-align: justify;\">J\u00e9sus est comme rev\u00eatu de l\u2019\u00e9clat de Dieu lui-m\u00eame et les ap\u00f4tres de la nouvelle alliance ( Pierre Jacques et Jean) tout comme Moise et Elie ,t\u00e9moins privil\u00e9gi\u00e9s d\u2019une rencontre pr\u00e9alable \u00a0avec Dieu le p\u00e8re sur le mont Horeb dans l\u2019Ancien Testament \u00a0sont \u00a0tous convoqu\u00e9s afin d\u2019\u00eatre les t\u00e9moins de la r\u00e9v\u00e9lation de la gloire du fils en qui tout est d\u00e9sormais \u00a0r\u00e9capitul\u00e9\u00a0: (la Loi ,les Proph\u00e8tes ,et la Gr\u00e2ce ) . J\u00e9sus est donc \u00a0plus qu\u2019un rabbi, plus que Moise et Elie, il est le Fils, l\u2019unique\u00a0; le bien- aim\u00e9. \u00a0Si les ap\u00f4tres qui l\u2019accompagnent sont \u00e9blouis devant cette splendeur \u00a0qui ne fut pas absente \u00e0 l\u2019ordinaire de la vie du Seigneur c\u2019est que leurs yeux, comme ce sera le cas pour les disciples d\u2019Emma\u00fcs\u00a0 ne pouvaient pas percevoir ce rayonnement qui n\u00e9cessite avant tout \u00a0transparence, puret\u00e9, g\u00e9n\u00e9rosit\u00e9 et Amour. En d\u2019autres termes la transfiguration int\u00e9rieure de l\u2019Homme par une vision tout autre \u00a0du Dieu de l\u2019Evangile, ce Dieu trinitaire livr\u00e9 entre les mains de l\u2019homme et qui bien souvent prend le visage que l\u2019infirmit\u00e9 humaine lui pr\u00eate. \u00ab\u00a0<em>Ouvre mes yeux Seigneur aux merveilles de ton amour<\/em>\u00a0\u00bb\u00a0!<\/p>\n<p style=\"text-align: justify;\">Cependant l\u2019exp\u00e9rience v\u00e9cue avec les yeux des ap\u00f4tres qui s\u2019ouvrent pour un instant permet d\u2019entrer dans un secret merveilleux, celui \u00a0de la r\u00e9v\u00e9lation d\u2019un visage qui porte la splendeur de la Vie Eternelle. Une esp\u00e9rance pour tout corps humain appel\u00e9 \u00e0 \u00eatre transfigur\u00e9, appel\u00e9 \u00e0 communiquer \u00a0une clart\u00e9, un message de lumi\u00e8re\u00a0; en un mot appel\u00e9 \u00e0 refl\u00e9ter continuellement sa dignit\u00e9.<\/p>\n<p style=\"text-align: justify;\">Une certitude se d\u00e9gage d\u00e8s-lors de ce texte et invite \u00e0 la foi et \u00e0 l\u2019esp\u00e9rance\u00a0: J\u00e9sus va mourir sans que Dieu n\u2019intervienne en sa faveur\u00a0 comme ce fut le cas pour Isaac et pourtant il est le fils du P\u00e8re. Le suivre, l\u2019\u00e9couter ne m\u00e8nent jamais \u00a0\u00e0 une impasse, mais conduit toujours au chemin de la vie.<\/p>\n<p style=\"text-align: justify;\">Que ce second dimanche de car\u00eame ne nous fasse pas nous \u00e9tablir sur cette haute montagne mais fasse de nous une parole vivante de Dieu \u00e0 rayonner\u00a0 et nous \u00a0donne de nous \u00e9terniser dans la d\u00e9couverte de la Face divine\u00a0 du Christ, source de toute joie et d\u2019enchantement perp\u00e9tuel.<\/p>\n<p style=\"text-align: justify;\">P\u00e8re Boris SEGLA<\/p>\n<h5><\/h5>\n<h5><span style=\"font-size: 16px;\"><span style=\"font-size: 20px;\">Liturgie familiale<\/span>\u00a0 &#8211; <a href=\"http:\/\/www.savigny-viry-catholique.fr\/Download\/doc\/2021-02-28Liturgie-Familiale-dimanche-28-fev2021.pdf\">document \u00e0 t\u00e9l\u00e9charger ici<\/a><\/span><\/h5>\n<h5><img decoding=\"async\" class=\"wp-image-4177 alignright\" src=\"https:\/\/www.savigny-viry-catholique.fr\/wp-content\/uploads\/2021\/02\/Liturgie-familiale.jpg\" alt=\"\" width=\"383\" height=\"287\" \/><\/h5>\n<h5 style=\"text-align: left;\">\u00c9vangile de J\u00e9sus Christ selon saint Marc (9, 2-10)<\/h5>\n<p style=\"text-align: left;\">En ce temps-l\u00e0, J\u00e9sus prit avec lui Pierre, Jacques et Jean, et les emmena, eux seuls, \u00e0 l\u2019\u00e9cart sur une haute montagne.<br \/>\nEt il fut transfigur\u00e9 devant eux.<br \/>\nSes v\u00eatements devinrent resplendissants, d\u2019une blancheur telle que personne sur terre ne peut obtenir une blancheur pareille.<br \/>\n\u00c9lie leur apparut avec Mo\u00efse, et tous deux s\u2019entretenaient avec J\u00e9sus.\u00a0 \u00a0 \u00a0 \u00a0 \u00a0 \u00a0 \u00a0 \u00a0 \u00a0 \u00a0 \u00a0 \u00a0 \u00a0 \u00a0 \u00a0 \u00a0 \u00a0 \u00a0 \u00a0 \u00a0 \u00a0 \u00a0 \u00a0 \u00a0 \u00a0 \u00a0 \u00a0 \u00a0 \u00a0 \u00a0 \u00a0 \u00a0 \u00a0 \u00a0 \u00a0 \u00a0 \u00a0 \u00a0 \u00a0 \u00a0 \u00a0 \u00a0 \u00a0 \u00a0 \u00a0 \u00a0 \u00a0 \u00a0 \u00a0 \u00a0 \u00a0 \u00a0 \u00a0 \u00a0 \u00a0 \u00a0 \u00a0 \u00a0 \u00a0 \u00a0 \u00a0 \u00a0 \u00a0 \u00a0 \u00a0 \u00a0 \u00a0 \u00a0 \u00a0 \u00a0 Pierre alors prend la parole et dit \u00e0 J\u00e9sus : \u00ab Rabbi, il est bon que nous soyons ici !<br \/>\nDressons donc trois tentes : une pour toi, une pour Mo\u00efse, et une pour \u00c9lie. \u00bb<br \/>\nDe fait, Pierre ne savait que dire, tant leur frayeur \u00e9tait grande.<br \/>\nSurvint une nu\u00e9e qui les couvrit de son ombre, et de la nu\u00e9e une voix se fit entendre :<br \/>\n\u00ab Celui-ci est mon Fils bien-aim\u00e9 :\u00e9coutez-le\u00a0! \u00bb<br \/>\nSoudain, regardant tout autour, ils ne virent plus que J\u00e9sus seul avec eux.<\/p>\n<p style=\"text-align: left;\">Ils descendirent de la montagne, et J\u00e9sus leur ordonna de ne raconter \u00e0 personne ce qu\u2019ils avaient vu, avant que le Fils de l\u2019homme<br \/>\nsoit ressuscit\u00e9 d\u2019entre les morts.<br \/>\nEt ils rest\u00e8rent fermement attach\u00e9s \u00e0 cette parole, tout en se demandant entre eux ce que voulait dire : \u00ab ressusciter d\u2019entre les morts \u00bb.<\/p>\n<p>&nbsp;<\/p>\n<p><strong><span style=\"font-size: 16px;\"><img decoding=\"async\" class=\"size-medium wp-image-4180 alignleft\" src=\"https:\/\/www.savigny-viry-catholique.fr\/wp-content\/uploads\/2021\/02\/Transfiguration-du-Seigneur-St-Etheldreda-s-Catholic-church-Londre-300x145.jpg\" alt=\"\" width=\"300\" height=\"145\" \/><\/span><\/strong><\/p>\n<p>&nbsp;<\/p>\n<p>&nbsp;<\/p>\n<p><span style=\"font-size: 16px;\"><strong>Qu&rsquo;est ce que la Transfiguration\u00a0 ?\u00a0 <a href=\"https:\/\/www.youtube.com\/watch?v=s9xNXXxnxns&amp;feature=emb_logo\">r\u00e9ponse en vid\u00e9o ici\u00a0<\/a><\/strong><\/span><\/p>\n<p>&nbsp;<\/p>\n<p>&nbsp;<\/p>\n<p>&nbsp;<\/p>\n<p>&nbsp;<\/p>\n<h1 class=\"\">LE LABEL \u00ab EGLISE VERTE \u00bb<img loading=\"lazy\" decoding=\"async\" class=\"alignnone size-full wp-image-4187\" src=\"https:\/\/www.savigny-viry-catholique.fr\/wp-content\/uploads\/2021\/02\/Eglise-verte.png\" alt=\"\" width=\"207\" height=\"127\" \/><\/h1>\n<article><strong><span class=\"has-inline-color has-vivid-green-cyan-color\">Le label des communaut\u00e9s chr\u00e9tiennes engag\u00e9es pour le respect de la cr\u00e9ation.<\/span><\/strong><\/article>\n<p><strong>Apr\u00e8s la parution de l\u2019encyclique LAUDATO SI, et au moment de la COP21, les \u00c9glises chr\u00e9tiennes de France (catholique \/ protestantes \/ orthodoxes) ont lanc\u00e9 en septembre 2017 le label EGLISE VERTE.<\/strong><\/p>\n<p><span style=\"font-size: 16px;\"><strong><span style=\"color: #339966;\">Pour en savoir plus <a href=\"https:\/\/evry.catholique.fr\/le-label-eglise-verte\/\">cliquez ici<\/a><\/span><\/strong><\/span><\/p>\n<hr \/>\n<h3>N&rsquo;OUBLIEZ PAS LA QU\u00caTE !!!<img loading=\"lazy\" decoding=\"async\" class=\"size-full wp-image-3240 alignright\" src=\"http:\/\/www.savigny-viry-catholique.fr\/wp-content\/uploads\/2020\/11\/quete-en-lignet.jpg\" alt=\"\" width=\"298\" height=\"169\" \/><\/h3>\n<h3><strong>La plate-forme <em><a href=\"https:\/\/quete.catholique.fr\/?reserved_diocese=EVRY&amp;reserved_paroisse=\">quete.catholique.fr <\/a><\/em><\/strong>est toujours active !<\/h3>\n<p>Les mesures sanitaires en vigueur emp\u00eache nombre de catholiques de se rendre aux c\u00e9l\u00e9brations de leur paroisse et ainsi de participer \u00e0 la qu\u00eate. La qu\u00eate, collect\u00e9e chaque dimanche constitue l\u2019une des principales ressources des paroisses et va conna\u00eetre une baisse comme lors du premier confinement.<\/p>\n<p>La Conf\u00e9rence des \u00e9v\u00eaques de France a mit en place une plateforme de <strong>don en ligne,<\/strong>\u00a0<span style=\"color: #ff0000;\"><em><strong>s\u00e9curis\u00e9e<\/strong> <\/em><\/span>et accessible \u00e0 l\u2019adresse : <strong><em><a href=\"https:\/\/quete.catholique.fr\/?reserved_diocese=EVRY&amp;reserved_paroisse=\">quete.catholique.fr<\/a><\/em><\/strong><\/p>\n<p>Vous pouvez aussi aider votre dioc\u00e8se par le denier ; dans ces temps difficiles la g\u00e9n\u00e9rosit\u00e9 doit continuer<strong>\u00a0<a href=\"http:\/\/www.savigny-viry-catholique.fr\/portfolio\/la-generosite-continue\/\"> Voir ici.\u00a0<\/a><\/strong><\/p>\n<p><i>Par avance <\/i><em><strong>MERCI !<\/strong><\/em><\/p>\n","protected":false},"excerpt":{"rendered":"<p>Comprendre la cr\u00e9ation &#8211; Ecouter l&rsquo;appel du Seigneur :\u00a0 Voir et entendre ; contempler le monde ; chercher un chemin de conversion pour agir avec amour et justice.<\/p>\n","protected":false},"author":990003,"featured_media":4171,"comment_status":"closed","ping_status":"closed","sticky":false,"template":"","format":"standard","meta":{"give_campaign_id":0,"footnotes":""},"categories":[1],"tags":[],"class_list":["post-4165","post","type-post","status-publish","format-standard","has-post-thumbnail","hentry","category-uncategorized"],"_links":{"self":[{"href":"https:\/\/demos.uptitude.fr\/savviry1\/wp-json\/wp\/v2\/posts\/4165","targetHints":{"allow":["GET"]}}],"collection":[{"href":"https:\/\/demos.uptitude.fr\/savviry1\/wp-json\/wp\/v2\/posts"}],"about":[{"href":"https:\/\/demos.uptitude.fr\/savviry1\/wp-json\/wp\/v2\/types\/post"}],"author":[{"embeddable":true,"href":"https:\/\/demos.uptitude.fr\/savviry1\/wp-json\/wp\/v2\/users\/990003"}],"replies":[{"embeddable":true,"href":"https:\/\/demos.uptitude.fr\/savviry1\/wp-json\/wp\/v2\/comments?post=4165"}],"version-history":[{"count":0,"href":"https:\/\/demos.uptitude.fr\/savviry1\/wp-json\/wp\/v2\/posts\/4165\/revisions"}],"wp:featuredmedia":[{"embeddable":true,"href":"https:\/\/demos.uptitude.fr\/savviry1\/wp-json\/"}],"wp:attachment":[{"href":"https:\/\/demos.uptitude.fr\/savviry1\/wp-json\/wp\/v2\/media?parent=4165"}],"wp:term":[{"taxonomy":"category","embeddable":true,"href":"https:\/\/demos.uptitude.fr\/savviry1\/wp-json\/wp\/v2\/categories?post=4165"},{"taxonomy":"post_tag","embeddable":true,"href":"https:\/\/demos.uptitude.fr\/savviry1\/wp-json\/wp\/v2\/tags?post=4165"}],"curies":[{"name":"wp","href":"https:\/\/api.w.org\/{rel}","templated":true}]}}