{"id":4192,"date":"2021-02-28T16:49:06","date_gmt":"2021-02-28T16:49:06","guid":{"rendered":"https:\/\/www.savigny-viry-catholique.fr\/?p=4192"},"modified":"2021-02-28T16:49:06","modified_gmt":"2021-02-28T16:49:06","slug":"7-mars-2021-3-eme-dimanche-de-careme","status":"publish","type":"post","link":"https:\/\/demos.uptitude.fr\/savviry1\/7-mars-2021-3-eme-dimanche-de-careme\/","title":{"rendered":"7 mars 2021 &#8211; 3 \u00e8me dimanche de car\u00eame"},"content":{"rendered":"<p>Changer de regard sur la cr\u00e9ation<!--more--><\/p>\n<p><img fetchpriority=\"high\" decoding=\"async\" class=\"size-full wp-image-4111 alignnone\" src=\"https:\/\/www.savigny-viry-catholique.fr\/wp-content\/uploads\/2021\/02\/Desert02.jpg\" alt=\"\" width=\"286\" height=\"176\" \/><\/p>\n<p>Nous sommes invit\u00e9s\u00a0 \u00e0\u00a0 <span style=\"font-size: 16px;\"><strong><span style=\"color: #0000ff;\">changer de regard sur la cr\u00e9ation<\/span><\/strong><\/span><\/p>\n<p><span style=\"font-size: 16px;\">Pri\u00e8re: <span style=\"color: #0000ff;\"><strong>\u00ab\u00a0Seigneur, aie piti\u00e9 de ce monde que tu as fait si beau ! &#8230;.\u00a0\u00bb<\/strong><\/span><\/span><\/p>\n<p>&nbsp;<\/p>\n<p>&#8212;&#8212;&#8212;&#8212;&#8212;&#8212;&#8212;&#8212;&#8212;&#8212;&#8212;&#8212;&#8212;&#8212;&#8212;&#8212;&#8212;&#8212;&#8212;&#8212;&#8212;&#8212;&#8212;&#8212;&#8212;&#8212;&#8212;&#8212;&#8212;&#8212;&#8212;&#8212;&#8212;&#8212;&#8212;&#8212;&#8212;&#8212;&#8212;&#8212;&#8212;&#8212;&#8212;&#8212;&#8212;&#8212;&#8212;&#8212;&#8212;&#8212;&#8212;&#8212;&#8212;&#8212;&#8212;&#8212;&#8212;&#8212;&#8212;&#8212;&#8212;&#8212;&#8212;&#8212;&#8212;&#8212;&#8212;&#8212;&#8212;&#8212;&#8212;&#8212;&#8212;&#8212;&#8212;&#8212;&#8212;&#8212;&#8212;&#8212;&#8212;&#8212;&#8212;&#8212;&#8212;&#8212;&#8212;&#8212;&#8212;&#8212;&#8212;&#8212;&#8212;&#8212;&#8212;&#8211;<\/p>\n<p><img decoding=\"async\" class=\"size-medium wp-image-4120 alignleft\" src=\"https:\/\/www.savigny-viry-catholique.fr\/wp-content\/uploads\/2021\/02\/Careme-2021en-ligne-300x200.jpg\" alt=\"\" width=\"300\" height=\"200\" \/><\/p>\n<p><span style=\"font-size: 16px;\"><strong>\u00a0 \u00a0 \u00a0 \u00a0 \u00a0 \u00a0 \u00a0 \u00a0 \u00a0 \u00a0 \u00a0 \u00a0 \u00a0 \u00a0 \u00a0 \u00a0 \u00a0 \u00a0 \u00a0 \u00a0 \u00a0 \u00a0 \u00a0 \u00a0 <\/strong><\/span><\/p>\n<p><span style=\"font-size: 16px;\"><strong>\u00a0 \u00a0 \u00a0 \u00a0 <\/strong><\/span><span style=\"font-size: 16px;\"><strong>\u00a0Vivre le Car\u00eame en ligne\u00a0 : lire le commentaire de l&rsquo;Evangile par le\u00a0 P\u00e8re Antoine Johnson,<a href=\"http:\/\/www.savigny-viry-catholique.fr\/Download\/doc\/2021-03-07COMMENTAIRE-EVANGILE-dim3CAREME.pdf\"> cliquer ici<\/a><\/strong><\/span><\/p>\n<p>&nbsp;<\/p>\n<p><span style=\"font-size: 16px;\"><strong>lire le message du Pape Fran\u00e7ois <a href=\"https:\/\/evry.catholique.fr\/vivre-le-careme-en-ligne\/\">, cliquez ici<\/a><\/strong><\/span><\/p>\n<p>&nbsp;<\/p>\n<p>&nbsp;<\/p>\n<p>&nbsp;<\/p>\n<p>&nbsp;<\/p>\n<hr \/>\n<p>&nbsp;<\/p>\n<p><span style=\"font-size: 16px;\"><strong><img decoding=\"async\" class=\"size-medium wp-image-4196 alignleft\" src=\"https:\/\/www.savigny-viry-catholique.fr\/wp-content\/uploads\/2021\/02\/3eme-de-careme-300x219.jpg\" alt=\"\" width=\"300\" height=\"219\" \/>Liturgie familiale du troisi\u00e8me dimanche de Car\u00eame<\/strong><\/span><\/p>\n<p><strong><span style=\"font-size: 16px; color: #0000ff;\">T\u00e9l\u00e9chargez<a href=\"http:\/\/www.savigny-viry-catholique.fr\/Download\/doc\/2021-03-07LITURGIE-FAMILIALE-DIMANCHE-7-MARS.pdf\"> le document ici<\/a><\/span><\/strong><\/p>\n<p>&nbsp;<\/p>\n<p><strong>Un peuple lib\u00e9r\u00e9 par Dieu et pour Dieu.<\/strong><br \/>\nOn a souvent fait des \u00ab commandements de Dieu \u00bb une morale, somme toute rudimentaire. Ils \u00e9manent pourtant d\u2019un Dieu lib\u00e9rateur, qui nous veut libres. Le psaume t\u00e9moigne de cette belle libert\u00e9, de m\u00eame que le geste de J\u00e9sus qui d\u00e9nonce le d\u00e9tournement commercial et honteux de la religion du Temple.<\/p>\n<p>&nbsp;<\/p>\n<p><span style=\"font-size: 16px;\"><strong>Evangile de J\u00e9sus Christ selon saint Jean (2,13-25)<\/strong><\/span><\/p>\n<p>Comme la P\u00e2que juive \u00e9tait proche, J\u00e9sus monta \u00e0 J\u00e9rusalem. Dans le Temple, il trouva install\u00e9s les marchands de b\u0153ufs, de brebis et de colombes, et les changeurs. Il fit un fouet avec des cordes, et les chassa tous du temple, ainsi que les brebis et les b\u0153ufs\u00a0; il jeta par terre la monnaie des changeurs, renversa leurs comptoirs, et dit aux marchands de colombes\u00a0:\u00a0\u00ab\u00a0Enlevez cela d\u2019ici. Cessez de faire de la maison de mon P\u00e8re une maison de commerce.\u00a0\u00bb Ses disciples se rappel\u00e8rent qu\u2019il est \u00e9crit\u00a0:\u00a0<em>L\u2019amour de ta maison fera mon tourment<\/em>.<\/p>\n<p>Des Juifs l\u2019interpell\u00e8rent\u00a0: \u00ab\u00a0Quel signe peux-tu nous donner pour agir ainsi\u00a0?\u00a0\u00bb J\u00e9sus leur r\u00e9pondit\u00a0:\u00a0\u00ab\u00a0D\u00e9truisez ce sanctuaire, et en trois jours je le rel\u00e8verai.\u00a0\u00bb Les Juifs lui r\u00e9pliqu\u00e8rent\u00a0:\u00a0\u00ab\u00a0Il a fallu quarante-six ans pour b\u00e2tir ce sanctuaire, et toi, en trois jours tu le rel\u00e8verais\u00a0!\u00a0\u00bb Mais lui parlait du sanctuaire de son corps.<\/p>\n<p>Aussi, quand il se r\u00e9veilla d\u2019entre les morts, ses disciples se rappel\u00e8rent qu\u2019il avait dit cela\u00a0; ils crurent \u00e0 l\u2019Ecriture et \u00e0 la parole que J\u00e9sus avait dite.<\/p>\n<p>Pendant qu\u2019il \u00e9tait \u00e0 J\u00e9rusalem pour la f\u00eate de la P\u00e2que, beaucoup crurent en son nom, \u00e0 la vue des signes qu\u2019il accomplissait. J\u00e9sus, lui, ne se fiait pas \u00e0 eux, parce qu\u2019il les connaissait tous et n\u2019avait besoin d\u2019aucun t\u00e9moignage sur l\u2019homme\u00a0; lui-m\u00eame, en effet, connaissait ce qu\u2019il y a dans l\u2019homme.<\/p>\n<p><span style=\"font-size: 16px;\"><strong>commentaire de l&rsquo;Evangile par le\u00a0 P\u00e8re Antoine Johnson,<a href=\"http:\/\/www.savigny-viry-catholique.fr\/Download\/doc\/2021-03-07COMMENTAIRE-EVANGILE-dim3CAREME.pdf\"> cliquer ici<\/a><\/strong><\/span><\/p>\n<hr \/>\n<h3>N&rsquo;OUBLIEZ PAS LA QU\u00caTE !!!<img loading=\"lazy\" decoding=\"async\" class=\"size-full wp-image-3240 alignright\" src=\"http:\/\/www.savigny-viry-catholique.fr\/wp-content\/uploads\/2020\/11\/quete-en-lignet.jpg\" alt=\"\" width=\"298\" height=\"169\" \/><\/h3>\n<h3><strong>La plate-forme <em><a href=\"https:\/\/quete.catholique.fr\/?reserved_diocese=EVRY&amp;reserved_paroisse=\">quete.catholique.fr <\/a><\/em><\/strong>est toujours active !<\/h3>\n<p>Les mesures sanitaires en vigueur emp\u00eache nombre de catholiques de se rendre aux c\u00e9l\u00e9brations de leur paroisse et ainsi de participer \u00e0 la qu\u00eate. La qu\u00eate, collect\u00e9e chaque dimanche constitue l\u2019une des principales ressources des paroisses et va conna\u00eetre une baisse comme lors du premier confinement.<\/p>\n<p>La Conf\u00e9rence des \u00e9v\u00eaques de France a mit en place une plateforme de <strong>don en ligne,<\/strong>\u00a0<span style=\"color: #ff0000;\"><em><strong>s\u00e9curis\u00e9e<\/strong> <\/em><\/span>et accessible \u00e0 l\u2019adresse : <strong><em><a href=\"https:\/\/quete.catholique.fr\/?reserved_diocese=EVRY&amp;reserved_paroisse=\">quete.catholique.fr<\/a><\/em><\/strong><\/p>\n<p>Vous pouvez aussi aider votre dioc\u00e8se par le denier ; dans ces temps difficiles la g\u00e9n\u00e9rosit\u00e9 doit continuer<strong>\u00a0<a href=\"http:\/\/www.savigny-viry-catholique.fr\/portfolio\/la-generosite-continue\/\"> Voir ici.\u00a0<\/a><\/strong><\/p>\n<p><i>Par avance <\/i><em><strong>MERCI !<\/strong><\/em><\/p>\n","protected":false},"excerpt":{"rendered":"<p>Changer de regard sur la cr\u00e9ation<\/p>\n","protected":false},"author":990003,"featured_media":4199,"comment_status":"closed","ping_status":"closed","sticky":false,"template":"","format":"standard","meta":{"give_campaign_id":0,"footnotes":""},"categories":[1],"tags":[],"class_list":["post-4192","post","type-post","status-publish","format-standard","has-post-thumbnail","hentry","category-uncategorized"],"_links":{"self":[{"href":"https:\/\/demos.uptitude.fr\/savviry1\/wp-json\/wp\/v2\/posts\/4192","targetHints":{"allow":["GET"]}}],"collection":[{"href":"https:\/\/demos.uptitude.fr\/savviry1\/wp-json\/wp\/v2\/posts"}],"about":[{"href":"https:\/\/demos.uptitude.fr\/savviry1\/wp-json\/wp\/v2\/types\/post"}],"author":[{"embeddable":true,"href":"https:\/\/demos.uptitude.fr\/savviry1\/wp-json\/wp\/v2\/users\/990003"}],"replies":[{"embeddable":true,"href":"https:\/\/demos.uptitude.fr\/savviry1\/wp-json\/wp\/v2\/comments?post=4192"}],"version-history":[{"count":0,"href":"https:\/\/demos.uptitude.fr\/savviry1\/wp-json\/wp\/v2\/posts\/4192\/revisions"}],"wp:featuredmedia":[{"embeddable":true,"href":"https:\/\/demos.uptitude.fr\/savviry1\/wp-json\/"}],"wp:attachment":[{"href":"https:\/\/demos.uptitude.fr\/savviry1\/wp-json\/wp\/v2\/media?parent=4192"}],"wp:term":[{"taxonomy":"category","embeddable":true,"href":"https:\/\/demos.uptitude.fr\/savviry1\/wp-json\/wp\/v2\/categories?post=4192"},{"taxonomy":"post_tag","embeddable":true,"href":"https:\/\/demos.uptitude.fr\/savviry1\/wp-json\/wp\/v2\/tags?post=4192"}],"curies":[{"name":"wp","href":"https:\/\/api.w.org\/{rel}","templated":true}]}}