{"id":4205,"date":"2021-03-27T23:00:58","date_gmt":"2021-03-27T23:00:58","guid":{"rendered":"https:\/\/www.savigny-viry-catholique.fr\/?p=4205"},"modified":"2021-03-27T23:00:58","modified_gmt":"2021-03-27T23:00:58","slug":"semaine-sainte-2021-preparation-aux-fetes-pascales","status":"publish","type":"post","link":"https:\/\/demos.uptitude.fr\/savviry1\/semaine-sainte-2021-preparation-aux-fetes-pascales\/","title":{"rendered":"Semaine Sainte 2021 &#8211; Pr\u00e9paration aux F\u00eates Pascales"},"content":{"rendered":"<p><strong><span style=\"color: #ff0000;\">ATTENTION :<\/span><\/strong> <strong><span style=\"color: #ff0000;\">horaires<\/span><\/strong> du W-E de P\u00e2ques <span style=\"color: #ff0000;\"><strong>modifi\u00e9s<\/strong><\/span>; vivre la semaine sainte \u00e0 la maison &#8230;<!--more--><\/p>\n<p><span style=\"font-size: 20px;\"><strong><span style=\"color: #ff0000;\">Vous pouvez t\u00e9l\u00e9charger les horaires en <a href=\"http:\/\/www.savigny-viry-catholique.fr\/Download\/doc\/2021-Horaires-Semaine-Sainte.pdf\">cliquant ici <\/a><\/span><\/strong><\/span><\/p>\n<p><img fetchpriority=\"high\" decoding=\"async\" class=\"alignnone size-medium wp-image-4439\" src=\"https:\/\/www.savigny-viry-catholique.fr\/wp-content\/uploads\/2021\/03\/horaires-Semaine_Sainte-1-300x251.jpg\" alt=\"\" width=\"300\" height=\"251\" \/><\/p>\n<p><strong><span style=\"font-family: verdana, geneva, sans-serif; font-size: 16px;\">\u00c0 la fin de la messe des Rameaux, c\u00e9l\u00e9br\u00e9e dimanche 28 mars place Saint-Pierre, \u00e0 Rome,\u00a0le pape Fran\u00e7ois\u00a0a livr\u00e9 une courte m\u00e9ditation sur la pand\u00e9mie de Covid-19, qui se prolonge depuis plus d\u2019un an.<\/span><\/strong><\/p>\n<p style=\"text-align: justify; background: white; margin: 0cm 0cm 7.5pt 0cm;\"><em><span style=\"font-size: 14.5pt; font-family: 'TiemposTextRegular',serif; color: black;\">\u00ab L\u2019ann\u00e9e derni\u00e8re, nous \u00e9tions choqu\u00e9s, cette ann\u00e9e nous sommes plus \u00e9prouv\u00e9s. Et la crise \u00e9conomique est devenue grave. \u00bb<\/span><\/em><span style=\"font-size: 14.5pt; font-family: 'TiemposTextRegular',serif; color: black;\">\u00a0<\/span><\/p>\n<p style=\"text-align: start; background: white; box-sizing: border-box; font-variant-ligatures: normal; font-variant-caps: normal; orphans: 2; widows: 2; -webkit-text-stroke-width: 0px; word-spacing: 0px; margin: 0cm 0cm 7.5pt;\"><em style=\"box-sizing: border-box;\"><span style=\"font-size: 14.5pt; font-family: 'TiemposTextRegular',serif; color: black;\">\u00ab Dans cette situation historique et sociale, que fait Dieu ?,<\/span><\/em><span style=\"font-size: 14.5pt; font-family: 'TiemposTextRegular',serif; color: black;\">\u00a0a lanc\u00e9 le pape.\u00a0<em style=\"box-sizing: border-box;\"><span style=\"font-family: 'TiemposTextRegular',serif;\">Il prend la croix. J\u00e9sus prend sa croix, c\u2019est-\u00e0-dire qu\u2019il assume le fardeau du mal qu\u2019une telle r\u00e9alit\u00e9 implique, un mal physique, psychologique et surtout spirituel, car le Malin profite des crises pour semer la m\u00e9fiance, le d\u00e9sespoir et la discorde. \u00bb<\/span><\/em><\/span><\/p>\n<p style=\"text-align: justify; background: white; margin: 0cm 0cm 7.5pt 0cm;\"><span style=\"font-size: 14.5pt; font-family: 'TiemposTextRegular',serif; color: black;\">Fran\u00e7ois a notamment encourag\u00e9 ceux qui l\u2019\u00e9coutaient \u00e0\u00a0<em style=\"box-sizing: border-box;\"><span style=\"font-family: 'TiemposTextRegular',serif;\">\u00ab ne pas passer \u00bb<\/span><\/em>\u00a0\u00e0 c\u00f4t\u00e9 des\u00a0<em style=\"box-sizing: border-box;\"><span style=\"font-family: 'TiemposTextRegular',serif;\">\u00ab fr\u00e8res et s\u0153urs en difficult\u00e9 \u00bb<\/span><\/em>\u00a0sans \u00ab<em style=\"box-sizing: border-box;\"><span style=\"font-family: 'TiemposTextRegular',serif;\">\u00a0s\u2019\u00e9mouvoir \u00bb<\/span><\/em>.\u00a0<em style=\"box-sizing: border-box;\"><span style=\"font-family: 'TiemposTextRegular',serif;\">\u00ab Ne passons pas \u00e0 c\u00f4t\u00e9, laissons notre c\u0153ur s\u2019\u00e9mouvoir de compassion et approchons-nous \u00bb<\/span><\/em>, a-t-il insist\u00e9\u2026\/\u2026 (source La Croix.com)<\/span><\/p>\n<p>&nbsp;<\/p>\n<p>&nbsp;<\/p>\n<h2><span style=\"font-size: 20px;\">Avec Prions en \u00c9glise<\/span><\/h2>\n<p><span style=\"font-size: 16px;\">Prions en \u00c9glise offre gratuitement des outils pour vivre en famille le Triduum Pascal ( de Jeudi Saint \u00e0 dimanche de P\u00e2ques). Vous trouverez\u00a0<a href=\"https:\/\/www.prionseneglise.fr\/careme\/triduum-pascal\"><strong><em>\u00e0 partir de ce lien<\/em><\/strong><\/a>\u00a0des r\u00e9cits et des chants, une vid\u00e9o ainsi que des pages de Prions en \u00c9glise Junior pour chaque jour du Triduum Pascal 2021.<\/span><\/p>\n<p>&nbsp;<\/p>\n<p><strong><span style=\"font-size: 16px;\">Le Cat\u00e9 \u00e0 la maison :\u00a0 un texte et des activit\u00e9s pour les enfants du Cat\u00e9 pour la semaine Sainte &#8211; <a href=\"https:\/\/www.savigny-viry-catholique.fr\/2021\/04\/01\/cate-a-la-maison-la-semaine-sainte\/\">cliquez ICI<\/a><\/span><\/strong><\/p>\n<p>&nbsp;<\/p>\n<p><span style=\"font-size: 20px;\"><strong><span style=\"color: #0000ff;\">Une vid\u00e9o pour les enfants qui raconte la semaine Sainte<a style=\"color: #0000ff;\" href=\"https:\/\/www.youtube.com\/watch?v=4YjBoCnz1V0\"> cliquez ICI <img decoding=\"async\" class=\"size-medium wp-image-4448 alignnone\" src=\"https:\/\/www.savigny-viry-catholique.fr\/wp-content\/uploads\/2021\/03\/Semaine-Sainte-Playmobil-300x211.jpg\" alt=\"\" width=\"300\" height=\"211\" \/><\/a><\/span><\/strong><\/span><\/p>\n<p>&nbsp;<\/p>\n<p><span style=\"color: #ff6600;\"><strong><span style=\"font-size: 20px;\">Des coloriages pour raconter la Semaine Sainte aux petits &#8211; <a href=\"https:\/\/www.savigny-viry-catholique.fr\/eveil-a-la-foi\/\">voir ICI<\/a><\/span><\/strong><\/span><\/p>\n<p>&nbsp;<\/p>\n<p>&nbsp;<\/p>\n<p>&nbsp;<\/p>\n<p><span style=\"font-size: 16px;\"><strong><img decoding=\"async\" class=\"wp-image-2520 alignright\" src=\"https:\/\/www.savigny-viry-catholique.fr\/wp-content\/uploads\/2020\/03\/JEUDI_SAINT-272x300.jpg\" alt=\"\" width=\"197\" height=\"217\" \/><img loading=\"lazy\" decoding=\"async\" class=\"size-medium wp-image-2536 alignleft\" src=\"https:\/\/www.savigny-viry-catholique.fr\/wp-content\/uploads\/2020\/03\/151C-300x212.jpg\" alt=\"\" width=\"300\" height=\"212\" \/><span style=\"font-size: 20px;\">La Sainte C\u00e8ne \u2013 Jeudi Saint 1<sup>er<\/sup> avril<\/span><\/strong><\/span><\/p>\n<p><strong style=\"font-family: Verdana, Geneva, sans-serif; font-size: 14px;\"><br \/>\n<\/strong><span style=\"font-size: 16px;\"><strong style=\"font-family: Verdana, Geneva, sans-serif;\">Br\u00e8ve \u00e9vocation par la : <\/strong><a href=\"https:\/\/vimeo.com\/405041667\">M\u00e9ditation avec une oeuvre d\u2019art &#8211; Chapiteau de la cath\u00e9drale d\u2019Autun\u00a0<\/a><\/span><\/p>\n<p>&nbsp;<\/p>\n<p>&nbsp;<\/p>\n<p>&nbsp;<\/p>\n<p>&nbsp;<\/p>\n<p><span style=\"font-size: 20px;\"><strong><img loading=\"lazy\" decoding=\"async\" class=\" wp-image-2521 alignleft\" src=\"https:\/\/www.savigny-viry-catholique.fr\/wp-content\/uploads\/2020\/03\/VENDREDI_SAINT-300x228.jpg\" alt=\"\" width=\"243\" height=\"185\" \/><\/strong><\/span><\/p>\n<p>&nbsp;<\/p>\n<p>&nbsp;<\/p>\n<p>&nbsp;<\/p>\n<p>&nbsp;<\/p>\n<p><span style=\"font-size: 24px;\"><strong>Chemin de Croix \u2013 Vendredi Saint 2 avril<\/strong><\/span><\/p>\n<p><span style=\"font-size: 20px;\"><strong>15h00<\/strong> : Sainte Bernadette, Sainte Th\u00e9r\u00e8se, St Martin et Notre Dame des Cit\u00e9s (rite extraordinaire*)<\/span><\/p>\n<p><span style=\"font-size: 20px;\"><strong>C\u00e9l\u00e9bration de la Passion du Christ\u00a0\u2013 Vendredi Saint 2 avril<\/strong><\/span><\/p>\n<p><span style=\"font-size: 20px;\"><strong>16h00\u00a0<\/strong>: Saint Martin , Sainte Bernadette, Ste Th\u00e9r\u00e8se et ND des Cit\u00e9s (rite extraordinaire*)<\/span><\/p>\n<p>&nbsp;<\/p>\n<p><span style=\"font-size: 16px;\"><strong>Vivre le<\/strong> <\/span><strong><span style=\"font-size: 16px;\">Vendredi Saint\u00a0 en ligne :<\/span><br \/>\n<\/strong><span style=\"font-size: 16px;\"><a href=\"http:\/\/www.savigny-viry-catholique.fr\/Download\/doc\/Chemin_de_croix_Evangile.pdf\" target=\"_blank\" rel=\"noopener noreferrer\">M\u00e9ditation du Chemin de Croix, dans l&rsquo;esprit de celui qui est \u00e0 Notre Dame d&rsquo;Esp\u00e9rance.<\/a><\/span><\/p>\n<p>&nbsp;<\/p>\n<p><span style=\"font-size: 20px; color: #ff0000;\"><strong>ATTENTION\u00a0 les HORAIRES DE PAQUES sont MODIFIES !!<\/strong><\/span><\/p>\n<p style=\"text-align: left;\"><span style=\"font-size: 20px;\"><strong>Veill\u00e9e Pascale \u2013 Samedi Saint 3 avril<\/strong><strong>\u00a0 \u00a0 \u00a0 \u00a0 \u00a0 \u00a0 \u00a0 \u00a0 \u00a0 \u00a0 \u00a0 \u00a0 \u00a0 \u00a0 \u00a0 \u00a0 \u00a0 \u00a0 \u00a0 \u00a0 \u00a0 \u00a0 <img loading=\"lazy\" decoding=\"async\" class=\"size-medium wp-image-2557 alignleft\" src=\"https:\/\/www.savigny-viry-catholique.fr\/wp-content\/uploads\/2017\/04\/banderollepaqcopie-132x300.jpg\" alt=\"\" width=\"132\" height=\"300\" \/><\/strong><\/span><\/p>\n<p style=\"text-align: left;\"><span style=\"font-size: 20px;\"><strong>\u00a016h00 : Notre Dame d\u2019Esp\u00e9rance et Saint Esprit<\/strong> &#8211; ND des Cit\u00e9s (rite extraordinaire*)<\/span><\/p>\n<p><span style=\"color: #ff0000;\"><strong><span style=\"font-size: 20px;\">\u00a016h00 : Ste Th\u00e9r\u00e8se<\/span><\/strong><\/span><\/p>\n<p style=\"text-align: left;\"><span style=\"font-size: 20px;\"><strong>\u00a0 <\/strong><\/span><\/p>\n<p style=\"text-align: left;\"><span style=\"font-size: 20px;\"><strong>Dimanche de P\u00e2ques \u2013 4 avril <\/strong><\/span><span style=\"font-size: 20px;\">(Solennit\u00e9 de la R\u00e9surrection du Seigneur J\u00e9sus-Christ)<\/span><\/p>\n<p style=\"text-align: left;\"><span style=\"font-size: 20px; color: #ff0000;\"><strong>9h00 : St Martin\u00a0 et Ste Th\u00e9r\u00e8se\u00a0<\/strong><\/span><\/p>\n<p style=\"text-align: left;\"><span style=\"font-size: 20px;\"><strong>9h30 : Sainte Bernadette<\/strong><\/span><\/p>\n<p><span style=\"font-size: 20px;\"><strong>10h00 : <\/strong>Notre dame des Cit\u00e9s (Rite extraordinaire*)<\/span><\/p>\n<p style=\"text-align: left;\"><span style=\"font-size: 20px;\"><strong>11h00 : Saint Esprit,<\/strong>\u00a0 <strong><span style=\"color: #ff0000;\">Sainte Th\u00e9r\u00e8se et ND d&rsquo;Esp\u00e9rance<\/span><\/strong><\/span><\/p>\n<p>&nbsp;<\/p>\n<p><strong style=\"font-family: Verdana, Geneva, sans-serif; font-size: 14px;\">Vivre la F\u00eate de de la r\u00e9surrection &#8211; P\u00e2ques &#8211; en ligne<br \/>\nBr\u00e8ve \u00e9vocation par le :<\/strong>\u00a0<a href=\"https:\/\/vimeo.com\/404619080\" target=\"_blank\" rel=\"noopener noreferrer\">M\u00e9ditation avec une oeuvre d\u2019art &#8211; Chapiteau de la cath\u00e9drale d\u2019Autun<\/a><\/p>\n<p><strong style=\"font-family: Verdana, Geneva, sans-serif; font-size: 14px;\">F\u00eate de de la r\u00e9surrection &#8211; Le soir de P\u00e2ques,\u00a0&#8211; Emma\u00fcs<br \/>\nBr\u00e8ve \u00e9vocation par le :<\/strong>\u00a0<a href=\"https:\/\/vimeo.com\/406230688\" target=\"_blank\" rel=\"noopener noreferrer\">M\u00e9ditation avec une oeuvre d\u2019art &#8211; Chapiteau de la cath\u00e9drale d\u2019Autun<\/a><\/p>\n<p>&nbsp;<\/p>\n<p>Pour les m\u00e9ditations avec une oeuvre d\u2019art &#8211; Chapiteau de la cath\u00e9drale d\u2019Autun, Vitrail de la Cath\u00e9drale de Bourges nous remercions l&rsquo;association \u00ab\u00a0Image&amp;Pastorale\u00a0\u00bb, qui vous propose <a href=\"https:\/\/image-et-pastorale.fr\/\" target=\"_blank\" rel=\"noopener noreferrer\">d\u2019autres r\u00e9alisations sur leur site<\/a><\/p>\n<p>&nbsp;<\/p>\n<p><span style=\"font-size: 20px;\"><strong>Lundi de P\u00e2ques\u00a0\u2013 5 avril<\/strong><\/span><\/p>\n<p><span style=\"font-size: 20px;\"><strong>10h30\u00a0: <\/strong>Sainte Bernadette<\/span><\/p>\n<p>&nbsp;<\/p>\n<ul>\n<li>\n<div dir=\"ltr\">\n<div dir=\"ltr\">\n<div class=\"gmail-b_module_expansion\" style=\"font-size: 13px; font-family: Roboto,Helvetica,sans-serif; color: #666666;\">\n<div class=\"gmail-b_expansion_wrapper gmail-b_collapse gmail-b_onpage_expansion\" style=\"border-top: #dddddd 1px solid; height: auto; border-left-color: #dddddd; font-weight: bold; border-bottom-color: #dddddd; border-right-color: #dddddd; padding: 10px 20px 10px 20px;\" tabindex=\"0\">\n<div class=\"gmail-b_expansion_text gmail-b_1linetrunc\" style=\"font-size: 16px; overflow: hidden; vertical-align: middle; text-overflow: ellipsis; color: #111111; display: inline-block; line-height: 20px; margin-right: 16px;\"><span style=\"font-size: 14px; color: #000000;\">Quelle est la forme extraordinaire du rite romain ?<\/span><\/div>\n<\/div>\n<\/div>\n<div id=\"gmail-wire1\" class=\"gmail-b_expandable_inline_container\" style=\"font-size: 13px; font-family: Roboto,Helvetica,sans-serif; color: #666666;\">\n<div class=\"gmail-df_alsocon gmail-b_primtxt\" style=\"overflow: hidden; color: #444444; padding: 0px 20px 0px 20px;\">\n<div class=\"gmail-rwrl gmail-rwrl_small gmail-rwrl_padref\" style=\"font-size: 16px; font-family: Roboto,sans-serif; padding-bottom: 15px; line-height: 22px;\"><span style=\"font-size: 14px; color: #000000;\">Depuis le texte du pape Beno\u00eet XVI, en 2007, le motu proprio Summorum Pontificum, cette forme plus ancienne est dite\u00ab forme extraordinaire \u00bb du rite romain. Dans cette liturgie, en usage pendant plusieurs si\u00e8cles, le pr\u00eatre c\u00e9l\u00e8bre la messe en latin et tourn\u00e9 dans la m\u00eame direction que les fid\u00e8les, c\u2019est-\u00e0-dire normalement vers l\u2019Est (ad orientem).<\/span><\/div>\n<\/div>\n<\/div>\n<\/div>\n<\/div>\n<\/li>\n<\/ul>\n","protected":false},"excerpt":{"rendered":"<p>ATTENTION : horaires du W-E de P\u00e2ques modifi\u00e9s; vivre la semaine sainte \u00e0 la maison &#8230;<\/p>\n","protected":false},"author":990003,"featured_media":4443,"comment_status":"closed","ping_status":"closed","sticky":false,"template":"","format":"standard","meta":{"give_campaign_id":0,"footnotes":""},"categories":[1],"tags":[],"class_list":["post-4205","post","type-post","status-publish","format-standard","has-post-thumbnail","hentry","category-uncategorized"],"_links":{"self":[{"href":"https:\/\/demos.uptitude.fr\/savviry1\/wp-json\/wp\/v2\/posts\/4205","targetHints":{"allow":["GET"]}}],"collection":[{"href":"https:\/\/demos.uptitude.fr\/savviry1\/wp-json\/wp\/v2\/posts"}],"about":[{"href":"https:\/\/demos.uptitude.fr\/savviry1\/wp-json\/wp\/v2\/types\/post"}],"author":[{"embeddable":true,"href":"https:\/\/demos.uptitude.fr\/savviry1\/wp-json\/wp\/v2\/users\/990003"}],"replies":[{"embeddable":true,"href":"https:\/\/demos.uptitude.fr\/savviry1\/wp-json\/wp\/v2\/comments?post=4205"}],"version-history":[{"count":0,"href":"https:\/\/demos.uptitude.fr\/savviry1\/wp-json\/wp\/v2\/posts\/4205\/revisions"}],"wp:featuredmedia":[{"embeddable":true,"href":"https:\/\/demos.uptitude.fr\/savviry1\/wp-json\/"}],"wp:attachment":[{"href":"https:\/\/demos.uptitude.fr\/savviry1\/wp-json\/wp\/v2\/media?parent=4205"}],"wp:term":[{"taxonomy":"category","embeddable":true,"href":"https:\/\/demos.uptitude.fr\/savviry1\/wp-json\/wp\/v2\/categories?post=4205"},{"taxonomy":"post_tag","embeddable":true,"href":"https:\/\/demos.uptitude.fr\/savviry1\/wp-json\/wp\/v2\/tags?post=4205"}],"curies":[{"name":"wp","href":"https:\/\/api.w.org\/{rel}","templated":true}]}}