{"id":4218,"date":"2021-03-16T11:34:49","date_gmt":"2021-03-16T11:34:49","guid":{"rendered":"https:\/\/www.savigny-viry-catholique.fr\/?p=4218"},"modified":"2021-03-16T11:34:49","modified_gmt":"2021-03-16T11:34:49","slug":"lannee-de-la-sainte-famille","status":"publish","type":"post","link":"https:\/\/demos.uptitude.fr\/savviry1\/lannee-de-la-sainte-famille\/","title":{"rendered":"L&rsquo;ann\u00e9e de la Sainte Famille"},"content":{"rendered":"<p>&nbsp;<\/p>\n<p>&nbsp;<\/p>\n<p><img fetchpriority=\"high\" decoding=\"async\" class=\"size-medium wp-image-3687 alignleft\" src=\"https:\/\/www.savigny-viry-catholique.fr\/wp-content\/uploads\/2020\/12\/Sainte-famille-icone-205x300.jpg\" alt=\"\" width=\"205\" height=\"300\" \/><\/p>\n<p>&nbsp;<\/p>\n<p>&nbsp;<\/p>\n<p><span style=\"font-size: 16px;\"><strong>Du 19 mars 2021 au 26 juin 2022. <\/strong>Le pape Fran\u00e7ois a annonc\u00e9 dimanche 27 d\u00e9cembre 2020 une Ann\u00e9e de la famille consacr\u00e9e \u00e0 la place <\/span><span style=\"font-size: 16px;\">de la famille dans l\u2019\u00c9glise,<img decoding=\"async\" class=\"size-medium wp-image-3676 alignright\" src=\"https:\/\/www.savigny-viry-catholique.fr\/wp-content\/uploads\/2020\/12\/Noel-kieffer-300x300.png\" alt=\"\" width=\"300\" height=\"300\" \/> l\u2019accompagnement des couples vers le mariage et dans les difficult\u00e9s de la vie conjugale. L\u2019annonce a \u00e9t\u00e9 faite \u00e0 l\u2019occasion de la pri\u00e8re de l\u2019Ang\u00e9lus, cinq ans apr\u00e8s l\u2019exhortation du souverain pontife sur l\u2019amour dans la famille<strong>, <a href=\"https:\/\/eglise.catholique.fr\/sengager-dans-la-societe\/la-famille\/amoris-laetitia\/\">\u00ab Amoris Laetitia \u00bb.<\/a><\/strong><\/span><\/p>\n<p><span style=\"font-size: 16px;\"> L\u2019ann\u00e9e commencera \u00e0 la <strong>Saint-Joseph le 19 mars 2021<\/strong> et se conclura le 26 juin 2022 lors de la 10e Rencontre mondiale des familles \u00e0 Rome.<\/span><\/p>\n<p>&nbsp;<\/p>\n<p>&nbsp;<\/p>\n<p>&nbsp;<\/p>\n<p>&nbsp;<\/p>\n<p>&nbsp;<\/p>\n<p><span style=\"font-size: 16px;\"><strong>Lire l&rsquo;article de La Croix <\/strong><\/span><a href=\"https:\/\/www.la-croix.com\/Religion\/Le-pape-Francois-annonce-annee-famille-2020-12-27-1201132031\"><span style=\"font-size: 16px;\"><strong>ici<\/strong> <\/span>;\u00a0 https:\/\/www.la-croix.com\/Religion\/Le-pape-Francois-annonce-annee-famille-2020-12-27-1201132031<\/a><\/p>\n<p><span style=\"font-size: 16px;\"><strong>La Video propos\u00e9e par <\/strong><\/span><a href=\"https:\/\/vodeus.tv\/\/video\/lannonciation-a-joseph-80\"><span style=\"font-size: 16px;\"><strong>Vodeus<\/strong><\/span>\u00a0 :https:\/\/vodeus.tv\/\/video\/lannonciation-a-joseph-80\u00a0\u00a0 <\/a>(Si vous n&rsquo;avez pas de compte, on vous demande de vous inscrire. Vous pouvez le faire sans crainte, <strong>c&rsquo;est GRATUIT)<\/strong><\/p>\n","protected":false},"excerpt":{"rendered":"<p>&nbsp; &nbsp; &nbsp; &nbsp; Du 19 mars 2021 au 26 juin 2022. Le pape Fran\u00e7ois a annonc\u00e9 dimanche 27 d\u00e9cembre 2020 une Ann\u00e9e de la famille consacr\u00e9e \u00e0 la place de la famille dans l\u2019\u00c9glise, l\u2019accompagnement des couples vers&hellip;<\/p>\n","protected":false},"author":990003,"featured_media":4289,"comment_status":"closed","ping_status":"closed","sticky":false,"template":"","format":"standard","meta":{"give_campaign_id":0,"footnotes":""},"categories":[1],"tags":[],"class_list":["post-4218","post","type-post","status-publish","format-standard","has-post-thumbnail","hentry","category-uncategorized"],"_links":{"self":[{"href":"https:\/\/demos.uptitude.fr\/savviry1\/wp-json\/wp\/v2\/posts\/4218","targetHints":{"allow":["GET"]}}],"collection":[{"href":"https:\/\/demos.uptitude.fr\/savviry1\/wp-json\/wp\/v2\/posts"}],"about":[{"href":"https:\/\/demos.uptitude.fr\/savviry1\/wp-json\/wp\/v2\/types\/post"}],"author":[{"embeddable":true,"href":"https:\/\/demos.uptitude.fr\/savviry1\/wp-json\/wp\/v2\/users\/990003"}],"replies":[{"embeddable":true,"href":"https:\/\/demos.uptitude.fr\/savviry1\/wp-json\/wp\/v2\/comments?post=4218"}],"version-history":[{"count":0,"href":"https:\/\/demos.uptitude.fr\/savviry1\/wp-json\/wp\/v2\/posts\/4218\/revisions"}],"wp:featuredmedia":[{"embeddable":true,"href":"https:\/\/demos.uptitude.fr\/savviry1\/wp-json\/"}],"wp:attachment":[{"href":"https:\/\/demos.uptitude.fr\/savviry1\/wp-json\/wp\/v2\/media?parent=4218"}],"wp:term":[{"taxonomy":"category","embeddable":true,"href":"https:\/\/demos.uptitude.fr\/savviry1\/wp-json\/wp\/v2\/categories?post=4218"},{"taxonomy":"post_tag","embeddable":true,"href":"https:\/\/demos.uptitude.fr\/savviry1\/wp-json\/wp\/v2\/tags?post=4218"}],"curies":[{"name":"wp","href":"https:\/\/api.w.org\/{rel}","templated":true}]}}