{"id":4223,"date":"2021-03-09T16:30:59","date_gmt":"2021-03-09T16:30:59","guid":{"rendered":"https:\/\/www.savigny-viry-catholique.fr\/?p=4223"},"modified":"2021-03-09T16:30:59","modified_gmt":"2021-03-09T16:30:59","slug":"14-mars-2021-4-eme-dimanche-de-careme","status":"publish","type":"post","link":"https:\/\/demos.uptitude.fr\/savviry1\/14-mars-2021-4-eme-dimanche-de-careme\/","title":{"rendered":"14 mars 2021 4-\u00e8me dimanche de car\u00eame"},"content":{"rendered":"<p><strong>Le 4\u00e8me dimanche de car\u00eame nous introduit dans l\u2019histoire du salut et la probl\u00e9matique du jugement \u00e0 travers&#8230;<\/strong><!--more--><\/p>\n<p><strong>&#8230;le Livre des Chroniques et dans le th\u00e8me du salut comme jugement avec un extrait du dialogue entre J\u00e9sus et Nicod\u00e8me en Jn 3,14-21 : \u00ab Dieu a envoy\u00e9 son Fils dans le monde, non pas pour juger le monde, mais pour que, par lui, le monde soit sauv\u00e9. \u00bb<\/strong><\/p>\n<p>&nbsp;<\/p>\n<p><img fetchpriority=\"high\" decoding=\"async\" class=\" wp-image-4229 alignleft\" src=\"https:\/\/www.savigny-viry-catholique.fr\/wp-content\/uploads\/2021\/03\/creation-300x300.jpg\" alt=\"\" width=\"229\" height=\"229\" \/><\/p>\n<p>&nbsp;<\/p>\n<p>&nbsp;<\/p>\n<p>Nous sommes invit\u00e9s\u00a0 \u00e0\u00a0 :\u00a0 .<strong><span style=\"color: #0000ff;\">\u00a0\u00bb <\/span><\/strong><span style=\"font-size: 16px;\"><strong><span style=\"color: #0000ff;\">s&rsquo;engager pour la cr\u00e9ation \u00ab\u00a0<\/span><\/strong><\/span><\/p>\n<p><span style=\"font-size: 16px;\">\u00a0<span style=\"color: #0000ff;\"><strong>\u00ab\u00a0Collectivement, comment (r\u00e9)inventer un engagement chr\u00e9tien dans la soci\u00e9t\u00e9 pour r\u00e9pondre aux d\u00e9fis de notre temps ? &#8230;.\u00a0\u00bb<\/strong><\/span><\/span><\/p>\n<p>&nbsp;<\/p>\n<p><span style=\"font-size: 16px;\"><strong><span style=\"color: #003300;\">A propos de l&rsquo;encyclique du pape Fran\u00e7ois\u00a0 \u00ab\u00a0Laudato Si\u00a0\u00bb\u00a0 <a href=\"https:\/\/www.savigny-viry-catholique.fr\/laudato-si\/\">voir ici\u00a0<\/a><\/span><\/strong><\/span><\/p>\n<p>&nbsp;<\/p>\n<p>&nbsp;<\/p>\n<p>&nbsp;<\/p>\n<p>&nbsp;<\/p>\n<hr \/>\n<p><img decoding=\"async\" class=\"size-medium wp-image-4120 alignleft\" src=\"https:\/\/www.savigny-viry-catholique.fr\/wp-content\/uploads\/2021\/02\/Careme-2021en-ligne-300x200.jpg\" alt=\"\" width=\"300\" height=\"200\" \/><\/p>\n<p><span style=\"font-size: 16px;\"><strong>\u00a0 \u00a0 \u00a0 \u00a0 \u00a0 \u00a0 \u00a0 \u00a0 \u00a0 \u00a0 \u00a0 \u00a0 \u00a0 \u00a0 \u00a0 \u00a0 \u00a0 \u00a0 \u00a0 \u00a0 \u00a0 \u00a0 \u00a0 \u00a0 <\/strong><\/span><\/p>\n<p><span style=\"font-size: 16px;\"><strong>\u00a0 <\/strong><\/span><span style=\"font-size: 16px;\"><strong>\u00a0Vivre le Car\u00eame en ligne\u00a0 : lire le commentaire de l&rsquo;Evangile par le\u00a0 Achille Waffo, <a href=\"http:\/\/www.savigny-viry-catholique.fr\/Download\/doc\/2021-03-13Commentaire-Evangile-4e-dimanche-careme.pdf\">cliquer ici<\/a><\/strong><\/span><\/p>\n<p>&nbsp;<\/p>\n<p><span style=\"font-size: 16px;\"><strong>lire le message du Pape Fran\u00e7ois pour le car\u00eame 2021 <a href=\"https:\/\/evry.catholique.fr\/vivre-le-careme-en-ligne\/\">, cliquez ici<\/a><\/strong><\/span><\/p>\n<p>&nbsp;<\/p>\n<p>&nbsp;<\/p>\n<p>&nbsp;<\/p>\n<p>&nbsp;<\/p>\n<hr \/>\n<p>&nbsp;<\/p>\n<p><span style=\"font-size: 16px;\"><strong><img decoding=\"async\" class=\"size-medium wp-image-4230 alignleft\" src=\"https:\/\/www.savigny-viry-catholique.fr\/wp-content\/uploads\/2021\/03\/4eme-dimanche-de-careme-300x150.jpg\" alt=\"\" width=\"300\" height=\"150\" \/>Liturgie familiale du quatri\u00e8me dimanche de Car\u00eame<\/strong><\/span><\/p>\n<p><strong><span style=\"font-size: 16px; color: #0000ff;\">T\u00e9l\u00e9chargez le <a href=\"http:\/\/www.savigny-viry-catholique.fr\/Download\/doc\/2021-03-14Liturgie-familiale-4dim-careme.pdf\">document ici<\/a><\/span><\/strong><\/p>\n<p>&nbsp;<\/p>\n<h5 class=\"fusion-responsive-typography-calculated\" data-fontsize=\"12\" data-lineheight=\"18px\"><em><span style=\"font-size: 16px; color: #0000ff;\">\u00ab Dieu a envoy\u00e9 son Fils pour que, par lui, le monde soit sauv\u00e9 \u00bb\u00a0<\/span><\/em><\/h5>\n<p><em><strong>\u00c9vangile selon St Jean (3, 14-21)<\/strong><\/em><\/p>\n<p>En ce temps-l\u00e0, J\u00e9sus disait \u00e0 Nicod\u00e8me : \u00ab De m\u00eame que le serpent de bronze fut \u00e9lev\u00e9 par Mo\u00efse dans le d\u00e9sert, ainsi faut-il que le Fils de l\u2019homme soit \u00e9lev\u00e9, afin qu\u2019en lui tout homme qui croit ait la vie \u00e9ternelle. Car Dieu a tellement aim\u00e9 le monde qu\u2019il a donn\u00e9 son Fils unique, afin que quiconque croit en lui ne se perde pas, mais obtienne la vie \u00e9ternelle. Car Dieu a envoy\u00e9 son Fils dans le monde, non pas pour juger le monde, mais pour que, par lui, le monde soit sauv\u00e9. Celui qui croit en lui \u00e9chappe au Jugement, celui qui ne croit pas est d\u00e9j\u00e0 jug\u00e9, du fait qu\u2019il n\u2019a pas cru au nom du Fils unique de Dieu. Et le Jugement, le voici : la lumi\u00e8re est venue dans le monde, et les hommes ont pr\u00e9f\u00e9r\u00e9 les t\u00e9n\u00e8bres \u00e0 la lumi\u00e8re, parce que leurs \u0153uvres \u00e9taient mauvaises. Celui qui fait le mal d\u00e9teste la lumi\u00e8re : il ne vient pas \u00e0 la lumi\u00e8re, de peur que ses \u0153uvres ne soient d\u00e9nonc\u00e9es ; mais celui qui fait la v\u00e9rit\u00e9 vient \u00e0 la lumi\u00e8re, pour qu\u2019il soit manifeste que ses \u0153uvres ont \u00e9t\u00e9 accomplies en union avec Dieu. \u00bb<\/p>\n<p><span style=\"font-size: 16px;\"><strong>commentaire de l&rsquo;Evangile par le\u00a0 P\u00e8re Achille Waffo,<a href=\"http:\/\/www.savigny-viry-catholique.fr\/Download\/doc\/2021-03-13Commentaire-Evangile-4e-dimanche-careme.pdf\"> cliquer ici<\/a><\/strong><\/span><\/p>\n<hr \/>\n<h3>N&rsquo;OUBLIEZ PAS LA QU\u00caTE !!!<img loading=\"lazy\" decoding=\"async\" class=\"size-full wp-image-3240 alignright\" src=\"http:\/\/www.savigny-viry-catholique.fr\/wp-content\/uploads\/2020\/11\/quete-en-lignet.jpg\" alt=\"\" width=\"298\" height=\"169\" \/><\/h3>\n<h3><strong>La plate-forme <em><a href=\"https:\/\/quete.catholique.fr\/?reserved_diocese=EVRY&amp;reserved_paroisse=\">quete.catholique.fr <\/a><\/em><\/strong>est toujours active !<\/h3>\n<p>Les mesures sanitaires en vigueur emp\u00eache nombre de catholiques de se rendre aux c\u00e9l\u00e9brations de leur paroisse et ainsi de participer \u00e0 la qu\u00eate. La qu\u00eate, collect\u00e9e chaque dimanche constitue l\u2019une des principales ressources des paroisses et va conna\u00eetre une baisse comme lors du premier confinement.<\/p>\n<p>La Conf\u00e9rence des \u00e9v\u00eaques de France a mit en place une plateforme de <strong>don en ligne,<\/strong>\u00a0<span style=\"color: #ff0000;\"><em><strong>s\u00e9curis\u00e9e<\/strong> <\/em><\/span>et accessible \u00e0 l\u2019adresse : <strong><em><a href=\"https:\/\/quete.catholique.fr\/?reserved_diocese=EVRY&amp;reserved_paroisse=\">quete.catholique.fr<\/a><\/em><\/strong><\/p>\n<p>Vous pouvez aussi aider votre dioc\u00e8se par le denier ; dans ces temps difficiles la g\u00e9n\u00e9rosit\u00e9 doit continuer<strong>\u00a0<a href=\"http:\/\/www.savigny-viry-catholique.fr\/portfolio\/la-generosite-continue\/\"> Voir ici.\u00a0<\/a><\/strong><\/p>\n<p><i>Par avance <\/i><em><strong>MERCI !<\/strong><\/em><\/p>\n<p>&nbsp;<\/p>\n<p>&nbsp;<\/p>\n<p>&nbsp;<\/p>\n<p>&nbsp;<\/p>\n","protected":false},"excerpt":{"rendered":"<p>Le 4\u00e8me dimanche de car\u00eame nous introduit dans l\u2019histoire du salut et la probl\u00e9matique du jugement \u00e0 travers&#8230;<\/p>\n","protected":false},"author":990003,"featured_media":4239,"comment_status":"open","ping_status":"open","sticky":false,"template":"","format":"standard","meta":{"give_campaign_id":0,"footnotes":""},"categories":[1],"tags":[],"class_list":["post-4223","post","type-post","status-publish","format-standard","has-post-thumbnail","hentry","category-uncategorized"],"_links":{"self":[{"href":"https:\/\/demos.uptitude.fr\/savviry1\/wp-json\/wp\/v2\/posts\/4223","targetHints":{"allow":["GET"]}}],"collection":[{"href":"https:\/\/demos.uptitude.fr\/savviry1\/wp-json\/wp\/v2\/posts"}],"about":[{"href":"https:\/\/demos.uptitude.fr\/savviry1\/wp-json\/wp\/v2\/types\/post"}],"author":[{"embeddable":true,"href":"https:\/\/demos.uptitude.fr\/savviry1\/wp-json\/wp\/v2\/users\/990003"}],"replies":[{"embeddable":true,"href":"https:\/\/demos.uptitude.fr\/savviry1\/wp-json\/wp\/v2\/comments?post=4223"}],"version-history":[{"count":0,"href":"https:\/\/demos.uptitude.fr\/savviry1\/wp-json\/wp\/v2\/posts\/4223\/revisions"}],"wp:featuredmedia":[{"embeddable":true,"href":"https:\/\/demos.uptitude.fr\/savviry1\/wp-json\/"}],"wp:attachment":[{"href":"https:\/\/demos.uptitude.fr\/savviry1\/wp-json\/wp\/v2\/media?parent=4223"}],"wp:term":[{"taxonomy":"category","embeddable":true,"href":"https:\/\/demos.uptitude.fr\/savviry1\/wp-json\/wp\/v2\/categories?post=4223"},{"taxonomy":"post_tag","embeddable":true,"href":"https:\/\/demos.uptitude.fr\/savviry1\/wp-json\/wp\/v2\/tags?post=4223"}],"curies":[{"name":"wp","href":"https:\/\/api.w.org\/{rel}","templated":true}]}}