{"id":4296,"date":"2021-03-09T20:06:23","date_gmt":"2021-03-09T20:06:23","guid":{"rendered":"https:\/\/www.savigny-viry-catholique.fr\/?p=4296"},"modified":"2021-03-09T20:06:23","modified_gmt":"2021-03-09T20:06:23","slug":"5eme-dimanche-de-careme-20-mars-2021","status":"publish","type":"post","link":"https:\/\/demos.uptitude.fr\/savviry1\/5eme-dimanche-de-careme-20-mars-2021\/","title":{"rendered":"5\u00e8me dimanche de car\u00eame &#8211; 20 mars 2021"},"content":{"rendered":"<p>&nbsp;<\/p>\n<p><img fetchpriority=\"high\" decoding=\"async\" class=\"wp-image-4297 alignright\" src=\"https:\/\/www.savigny-viry-catholique.fr\/wp-content\/uploads\/2021\/03\/5D-careme-ble-300x200.jpg\" alt=\"\" width=\"342\" height=\"228\" \/><\/p>\n<p><strong>L\u2019\u00e9vangile de ce 5e dimanche de car\u00eame \u00e9voque un grain de bl\u00e9 qui tombe en terre et porte du fruit. <\/strong><strong>Comment faire germer nos grains de bl\u00e9 en vue de la r\u00e9surrection\u2009?<\/strong><\/p>\n<p>&nbsp;<\/p>\n<p>&nbsp;<\/p>\n<p>&nbsp;<\/p>\n<p>&nbsp;<\/p>\n<p>&nbsp;<\/p>\n<p>&nbsp;<\/p>\n<p>&nbsp;<\/p>\n<p>&nbsp;<\/p>\n<p><img decoding=\"async\" class=\"size-medium wp-image-4287 alignleft\" src=\"https:\/\/www.savigny-viry-catholique.fr\/wp-content\/uploads\/2021\/03\/Chemin-careme-5D-1-300x229.jpg\" alt=\"\" width=\"300\" height=\"229\" \/><\/p>\n<p><span style=\"font-size: 14px;\"><em><strong>CCFD Terres Solidaires<\/strong> <strong>&#8211; Nous sommes invit\u00e9s \u00e0 :<\/strong> <strong><span style=\"color: #0000ff;\">\u00ab\u00a0<\/span><\/strong><\/em><span style=\"color: #0000ff;\"><strong><em>contempler le monde\u00a0\u00bb <\/em><\/strong><\/span><em>: <\/em><\/span><\/p>\n<p><span style=\"font-size: 14px;\"><em>\u00ab <strong><span style=\"color: #0000ff;\">Les pires cons\u00e9quences retomberont probablement au cours des prochaines d\u00e9cennies sur les pays en d\u00e9veloppement. <\/span><\/strong><\/em><\/span><\/p>\n<p><span style=\"font-size: 14px;\"><strong><span style=\"color: #0000ff;\"><em>Beaucoup de pauvres vivent dans des endroits particuli\u00e8rement affect\u00e9s par des ph\u00e9nom\u00e8nes li\u00e9s au r\u00e9chauffement, et leurs moyens de subsistance d\u00e9pendent fortement des r\u00e9serves naturelles et des services <\/em><\/span><\/strong><em><strong><span style=\"color: #0000ff;\">de l\u2019\u00e9cosyst\u00e8me, comme l\u2019agriculture, la p\u00eache et les ressources foresti\u00e8res. <\/span><\/strong>\u00bb <span style=\"color: #003300;\"><b>Lettre encyclique \u00ab\u00a0<a href=\"http:\/\/www.vatican.va\/content\/francesco\/fr\/encyclicals\/documents\/papa-francesco_20150524_enciclica-laudato-si.html\">LAUDATO SI<\/a>\u00a0\u00bb sur la Sauvegarde de la Maison Commune \u00a725.<\/b><\/span><\/em><\/span><\/p>\n<p>&nbsp;<\/p>\n<p>&nbsp;<\/p>\n<p>&nbsp;<\/p>\n<p>&nbsp;<\/p>\n<p>&nbsp;<\/p>\n<p><img decoding=\"async\" class=\"wp-image-4120 alignleft\" src=\"https:\/\/www.savigny-viry-catholique.fr\/wp-content\/uploads\/2021\/02\/Careme-2021en-ligne-300x200.jpg\" alt=\"\" width=\"306\" height=\"204\" \/><\/p>\n<p>&nbsp;<\/p>\n<p><strong>Vivre le Car\u00eame en ligne\u00a0 : Pour lire le commentaire de <\/strong><strong>l\u2019Evangile par le P\u00e8re <\/strong><strong><em>Emmanuel Bidzogo, <a href=\"http:\/\/www.savigny-viry-catholique.fr\/Download\/doc\/2021-03-20Commentaire-Evangile-5e-dimanche-careme.pdf\">cliquer ici<\/a><\/em><\/strong><\/p>\n<p>&nbsp;<\/p>\n<p>&nbsp;<\/p>\n<p><strong>Lire le message du Pape Fran\u00e7ois pour le car\u00eame 2021, <a href=\"https:\/\/evry.catholique.fr\/vivre-le-careme-en-ligne\/\">cliquer ici<\/a><\/strong><\/p>\n<p>&nbsp;<\/p>\n<p>&nbsp;<\/p>\n<p>&nbsp;<\/p>\n<p>&nbsp;<\/p>\n<p><span style=\"font-size: 16px;\"><strong>Liturgie familiale du quatri\u00e8me dimanche de Car\u00eame<\/strong><\/span><\/p>\n<p><strong><span style=\"font-size: 16px; color: #0000ff;\">T\u00e9l\u00e9chargez le <a href=\"http:\/\/www.savigny-viry-catholique.fr\/Download\/doc\/2021-03-21Liturgie-familiale-5-Dimanche-de-careme.pdf\">document ici<\/a><\/span><\/strong><\/p>\n<p><strong>\u00c9VANGILE de Jean (12,20-33)<\/strong><\/p>\n<p><strong>\u00ab Si le grain de bl\u00e9 tomb\u00e9 en terre meurt, il porte beaucoup de fruit \u00bb <\/strong><\/p>\n<p>En ce temps-l\u00e0,<br \/>\nil y avait quelques Grecs parmi ceux qui \u00e9taient mont\u00e9s \u00e0 J\u00e9rusalem pour adorer Dieu pendant la f\u00eate de la P\u00e2que.<br \/>\nIls abord\u00e8rent Philippe, qui \u00e9tait de Bethsa\u00efde en Galil\u00e9e, et lui firent cette demande :<br \/>\n\u00ab Nous voudrions voir J\u00e9sus. \u00bb<br \/>\nPhilippe va le dire \u00e0 Andr\u00e9, et tous deux vont le dire \u00e0 J\u00e9sus.<br \/>\nAlors J\u00e9sus leur d\u00e9clare : \u00ab L\u2019heure est venue o\u00f9 le Fils de l\u2019homme doit \u00eatre glorifi\u00e9. Amen, amen, je vous le dis : si le grain de bl\u00e9 tomb\u00e9 en terre ne meurt pas, il reste seul ; mais s\u2019il meurt, il porte beaucoup de fruit. Qui aime sa vie la perd ; qui s\u2019en d\u00e9tache en ce monde la gardera pour la vie \u00e9ternelle. Si quelqu\u2019un veut me servir, qu\u2019il me suive ; et l\u00e0 o\u00f9 moi je suis, l\u00e0 aussi sera mon serviteur.<br \/>\nSi quelqu\u2019un me sert, mon P\u00e8re l\u2019honorera. Maintenant mon \u00e2me est boulevers\u00e9e. Que vais-je\u00a0dire ?<br \/>\n\u201cP\u00e8re, sauve-moi de cette heure\u201d ?<br \/>\n\u2013 Mais non ! C\u2019est pour cela que je suis parvenu \u00e0 cette heure-ci\u00a0! P\u00e8re, glorifie ton nom ! \u00bb<\/p>\n<p>Alors, du ciel vint une voix qui disait : \u00ab Je l\u2019ai glorifi\u00e9 et je le glorifierai encore. \u00bb<br \/>\nEn l\u2019entendant, la foule qui se tenait l\u00e0 disait que c\u2019\u00e9tait un coup de tonnerre.<br \/>\nD\u2019autres disaient : \u00ab C\u2019est un ange qui lui a parl\u00e9. \u00bb<br \/>\nMais J\u00e9sus leur r\u00e9pondit : \u00ab Ce n\u2019est pas pour moi qu\u2019il y a eu cette voix, mais pour vous.<br \/>\nMaintenant a lieu le jugement de ce monde ; maintenant le prince de ce monde va \u00eatre jet\u00e9 dehors ;<br \/>\net moi, quand j\u2019aurai \u00e9t\u00e9 \u00e9lev\u00e9 de terre, j\u2019attirerai \u00e0 moi tous les hommes. \u00bb<\/p>\n<p>Il signifiait par-l\u00e0 \u00a0de quel genre de mort il allait mourir.<\/p>\n<p><strong>Pour lire le commentaire de <\/strong><strong>l\u2019Evangile par le P\u00e8re <\/strong><strong><em>Emmanuel Bidzogo, <a href=\"http:\/\/www.savigny-viry-catholique.fr\/Download\/doc\/2021-03-20Commentaire-Evangile-5e-dimanche-careme.pdf\">cliquer ici<\/a><\/em><\/strong><\/p>\n<p>&nbsp;<\/p>\n<h3><\/h3>\n<p>&nbsp;<\/p>\n<h3>N&rsquo;OUBLIEZ PAS LA QU\u00caTE !!!<img loading=\"lazy\" decoding=\"async\" class=\"size-full wp-image-3240 alignright\" src=\"https:\/\/www.savigny-viry-catholique.fr\/wp-content\/uploads\/2020\/11\/quete-en-lignet.jpg\" alt=\"\" width=\"298\" height=\"169\" \/><\/h3>\n<h3><strong>La plate-forme\u00a0<em><a href=\"https:\/\/quete.catholique.fr\/?reserved_diocese=EVRY&amp;reserved_paroisse=\">quete.catholique.fr\u00a0<\/a><\/em><\/strong>est toujours active !<\/h3>\n<p>Les mesures sanitaires en vigueur emp\u00eache nombre de catholiques de se rendre aux c\u00e9l\u00e9brations de leur paroisse et ainsi de participer \u00e0 la qu\u00eate. La qu\u00eate, collect\u00e9e chaque dimanche constitue l\u2019une des principales ressources des paroisses et va conna\u00eetre une baisse comme lors du premier confinement.<\/p>\n<p>La Conf\u00e9rence des \u00e9v\u00eaques de France a mit en place une plateforme de\u00a0<strong>don en ligne,<\/strong>\u00a0<em><span style=\"color: #ff0000;\"><strong>s\u00e9curis\u00e9e<\/strong><\/span>\u00a0<\/em>et<\/p>\n<p>accessible \u00e0 l\u2019adresse :\u00a0<strong><em><a href=\"https:\/\/quete.catholique.fr\/?reserved_diocese=EVRY&amp;reserved_paroisse=\">quete.catholique.fr<\/a><\/em><\/strong><\/p>\n<p>Vous pouvez aussi aider votre dioc\u00e8se par le denier ; dans ces temps difficiles la g\u00e9n\u00e9rosit\u00e9 doit continuer<strong>\u00a0<a href=\"https:\/\/www.savigny-viry-catholique.fr\/portfolio\/la-generosite-continue\/\">\u00a0Voir ici.\u00a0<\/a><\/strong><\/p>\n<p><i>Par avance\u00a0<\/i><em><strong>MERCI !<\/strong><\/em><\/p>\n<p>&nbsp;<\/p>\n<p>&nbsp;<\/p>\n","protected":false},"excerpt":{"rendered":"<p>&nbsp; L\u2019\u00e9vangile de ce 5e dimanche de car\u00eame \u00e9voque un grain de bl\u00e9 qui tombe en terre et porte du fruit. Comment faire germer nos grains de bl\u00e9 en vue de la r\u00e9surrection\u2009? &nbsp; &nbsp; &nbsp; &nbsp; &nbsp; &nbsp;&hellip;<\/p>\n","protected":false},"author":990006,"featured_media":4297,"comment_status":"closed","ping_status":"open","sticky":false,"template":"","format":"standard","meta":{"give_campaign_id":0,"footnotes":""},"categories":[1],"tags":[],"class_list":["post-4296","post","type-post","status-publish","format-standard","has-post-thumbnail","hentry","category-uncategorized"],"_links":{"self":[{"href":"https:\/\/demos.uptitude.fr\/savviry1\/wp-json\/wp\/v2\/posts\/4296","targetHints":{"allow":["GET"]}}],"collection":[{"href":"https:\/\/demos.uptitude.fr\/savviry1\/wp-json\/wp\/v2\/posts"}],"about":[{"href":"https:\/\/demos.uptitude.fr\/savviry1\/wp-json\/wp\/v2\/types\/post"}],"author":[{"embeddable":true,"href":"https:\/\/demos.uptitude.fr\/savviry1\/wp-json\/wp\/v2\/users\/990006"}],"replies":[{"embeddable":true,"href":"https:\/\/demos.uptitude.fr\/savviry1\/wp-json\/wp\/v2\/comments?post=4296"}],"version-history":[{"count":0,"href":"https:\/\/demos.uptitude.fr\/savviry1\/wp-json\/wp\/v2\/posts\/4296\/revisions"}],"wp:featuredmedia":[{"embeddable":true,"href":"https:\/\/demos.uptitude.fr\/savviry1\/wp-json\/"}],"wp:attachment":[{"href":"https:\/\/demos.uptitude.fr\/savviry1\/wp-json\/wp\/v2\/media?parent=4296"}],"wp:term":[{"taxonomy":"category","embeddable":true,"href":"https:\/\/demos.uptitude.fr\/savviry1\/wp-json\/wp\/v2\/categories?post=4296"},{"taxonomy":"post_tag","embeddable":true,"href":"https:\/\/demos.uptitude.fr\/savviry1\/wp-json\/wp\/v2\/tags?post=4296"}],"curies":[{"name":"wp","href":"https:\/\/api.w.org\/{rel}","templated":true}]}}