{"id":4407,"date":"2021-03-26T17:50:06","date_gmt":"2021-03-26T17:50:06","guid":{"rendered":"https:\/\/www.savigny-viry-catholique.fr\/?p=4407"},"modified":"2021-03-26T17:50:06","modified_gmt":"2021-03-26T17:50:06","slug":"cate-a-la-maison-la-fete-des-rameaux","status":"publish","type":"post","link":"https:\/\/demos.uptitude.fr\/savviry1\/cate-a-la-maison-la-fete-des-rameaux\/","title":{"rendered":"Cat\u00e9 \u00e0 la maison : La f\u00eate des Rameaux"},"content":{"rendered":"<p><span style=\"font-size: 20px;\"><strong><img fetchpriority=\"high\" decoding=\"async\" class=\" wp-image-4412 alignleft\" src=\"https:\/\/www.savigny-viry-catholique.fr\/wp-content\/uploads\/2021\/03\/Rameaux01-300x300.jpg\" alt=\"\" width=\"242\" height=\"242\" \/><\/strong><\/span><\/p>\n<p>&nbsp;<\/p>\n<p>&nbsp;<\/p>\n<p><span style=\"font-size: 20px;\"><strong>Ce dimanche 28 Mars 2021 nous c\u00e9l\u00e9brons <\/strong><\/span><\/p>\n<p><span style=\"font-size: 20px;\"><strong>La f\u00eate des Rameaux &#8230;\/&#8230;<\/strong><\/span><!--more--><\/p>\n<p>&nbsp;<\/p>\n<p>&nbsp;<\/p>\n<p>&nbsp;<\/p>\n<p>&nbsp;<\/p>\n<p>&nbsp;<\/p>\n<p><span style=\"font-size: 20px; color: #0000ff;\"><strong>Regardez la vid\u00e9o de Th\u00e9obule en cliquant sur l&rsquo;image<\/strong><\/span><\/p>\n<p><a href=\"https:\/\/www.theobule.org\/video\/une-anesse-et-son-petit\/12\"><img decoding=\"async\" class=\"alignnone size-medium wp-image-4411\" src=\"https:\/\/www.savigny-viry-catholique.fr\/wp-content\/uploads\/2021\/03\/Rameaux-Anesse-300x175.png\" alt=\"\" width=\"300\" height=\"175\" \/><\/a><\/p>\n<p><a href=\"https:\/\/www.theobule.org\/video\/une-anesse-et-son-petit\/12\">https:\/\/www.theobule.org\/video\/une-anesse-et-son-petit\/12<\/a><\/p>\n<p>&nbsp;<\/p>\n<p><span style=\"font-size: 16px;\">Le dimanche des Rameaux est le premier dimanche de la Semaine Sainte. La Semaine Sainte est une semaine tr\u00e8s importante pour les chr\u00e9tiens. Elle conduit \u00e0 la f\u00eate de P\u00e2ques o\u00f9 les chr\u00e9tiens f\u00eatent la R\u00e9surrection de J\u00e9sus. Pendant cette semaine, les chr\u00e9tiens se rappellent les derniers jours de la vie de J\u00e9sus.<\/span><\/p>\n<p><span style=\"font-size: 16px;\">\u00a0Le dimanche des Rameaux, les chr\u00e9tiens c\u00e9l\u00e8brent l\u2019entr\u00e9e de J\u00e9sus \u00e0 J\u00e9rusalem.<\/span><\/p>\n<p><span style=\"font-size: 16px;\">La c\u00e9l\u00e9bration d\u00e9bute \u00e0 l\u2019ext\u00e9rieur de l\u2019\u00e9glise, les chr\u00e9tiens tiennent des petites branches de buis, des rameaux, le pr\u00eatre b\u00e9nit les rameaux et lit le texte de l\u2019\u00c9vangile qui rappelle l\u2019entr\u00e9e de J\u00e9sus \u00e0 J\u00e9rusalem. Il raconte que J\u00e9sus est arriv\u00e9 sur le dos d\u2019un petit \u00e2ne. Les habitants de J\u00e9rusalem ont cueilli des feuillages, qu\u2019ils ont mis par terre, avec leurs v\u00eatements, pour lui faire un chemin sans poussi\u00e8re.<\/span><\/p>\n<p><span style=\"font-size: 16px;\">As-tu bien tout compris dans le passage d\u2019Evangile ? coche les cases (vrai ou faux) du jeu<a href=\"http:\/\/www.savigny-viry-catholique.fr\/Download\/doc\/KT100-jeux-Rameaux.pdf\"> \u00e0 t\u00e9l\u00e9charger ici<\/a><\/span><\/p>\n<p><a href=\"http:\/\/www.savigny-viry-catholique.fr\/Download\/doc\/KT100-jeux-Rameaux.pdf\"><img decoding=\"async\" class=\"alignnone wp-image-4410\" src=\"https:\/\/www.savigny-viry-catholique.fr\/wp-content\/uploads\/2021\/03\/jeux-Rameaux-212x300.jpg\" alt=\"\" width=\"267\" height=\"378\" \/><\/a><\/p>\n<p><span style=\"font-size: 16px;\">Coloriage de J\u00e9sus qui entre \u00e0 J\u00e9rusalem \u00e0 t\u00e9l\u00e9charger en cliquant sur l&rsquo;image\u00a0 :<a href=\"http:\/\/www.savigny-viry-catholique.fr\/Download\/doc\/KT100-Jesus-entre-Jerusalem.pdf\"><img loading=\"lazy\" decoding=\"async\" class=\"alignnone size-medium wp-image-4409\" src=\"https:\/\/www.savigny-viry-catholique.fr\/wp-content\/uploads\/2021\/03\/Jesus-entre-a-Jerusalem-212x300.jpg\" alt=\"\" width=\"212\" height=\"300\" \/><\/a> \u00e0 toi de faire jouer <strong><span style=\"color: #ff6600;\">tes<\/span> <span style=\"color: #0000ff;\">crayons<\/span> <span style=\"color: #ff00ff;\">de<\/span><span style=\"color: #ff0000;\"> couleur.\u00a0<\/span><\/strong><\/span><\/p>\n<p>&nbsp;<\/p>\n<p><span style=\"font-size: 16px;\">Tu peux toi aussi pr\u00e9parer <strong><span style=\"color: #008000;\">ton rameau<\/span><\/strong> qui servira pour ton coin pri\u00e8re. <strong><a href=\"http:\/\/www.savigny-viry-catholique.fr\/Download\/doc\/KT100-RAMEAUX-decoupage.pdf\">\u00e0 t\u00e9l\u00e9charger ici<\/a><\/strong>,\u00a0 imprimes le, colories-le, d\u00e9coupes autour de l\u2019ovale puis colles sur un carton. Au dos tu peux coller (un tuteur ou une pique \u00e0 brochette, ou un morceau de bois). Sur chaque feuille de ton rameau tu peux \u00e9crire un effort que tu feras chaque jour de la semaine Sainte (des Rameaux au dimanche de P\u00e2ques)<em>.<\/em><\/span><\/p>\n<p><em>\u00a0<\/em><\/p>\n<p><span style=\"font-size: 16px;\"><strong>Pourquoi sur un \u00e2ne\u00a0?<\/strong><\/span><\/p>\n<p><span style=\"font-size: 16px;\">C\u2019est J\u00e9sus qui l\u2019a voulu. Il a demand\u00e9 \u00e0 ses amis d\u2019aller chercher l\u2019animal dans un village des environs. J\u00e9sus n\u2019arrive pas sur un cheval puissant, car il veut montrer sa simplicit\u00e9.<\/span><\/p>\n<p><span style=\"font-size: 16px;\"><strong>Hosanna <\/strong><\/span><\/p>\n<p><span style=\"font-size: 16px;\">Ceux qui accompagnent J\u00e9sus sur son \u00e2ne se mettent \u00e0 crier\u00a0: \u00ab\u00a0Hosanna\u00a0! B\u00e9ni soit celui qui vient au nom du Seigneur\u00a0! B\u00e9ni le R\u00e8gne qui vient, celui de notre p\u00e8re David. Hosanna au plus haut des cieux\u00a0!\u00a0\u00bb C\u2019est une fa\u00e7on de dire que J\u00e9sus est le Messie, celui qui vient les sauver. En h\u00e9breu, Hosanna veut dire\u00a0: \u00ab\u00a0Sauve donc\u00a0!\u00a0\u00bb Et pourtant, quelques jours plus tard, J\u00e9sus sera ex\u00e9cut\u00e9 comme un bandit.<\/span><\/p>\n<p><span style=\"font-size: 16px;\"><strong>Pri\u00e8re<\/strong><\/span><\/p>\n<p><span style=\"font-size: 16px;\">Prendre un rameau est une invitation adress\u00e9e au Christ :<\/span><br \/>\n<span style=\"font-size: 16px;\">\u00ab Viens, Tu peux franchir les portes de la ville. <\/span><br \/>\n<span style=\"font-size: 16px;\">Ce que Tu dis et ce que Tu fais, je le mets dans ma vie, <\/span><br \/>\n<span style=\"font-size: 16px;\">Car je crois que Tu es Dieu venu m\u2019inviter \u00e0 \u00eatre heureux \u00bb. <\/span><\/p>\n<p><span style=\"font-size: 16px;\">Prendre un rameau, <\/span><br \/>\n<span style=\"font-size: 16px;\">C\u2019est prendre la d\u00e9cision de sortir \u00e0 la suite de J\u00e9sus&#8230; <\/span><br \/>\n<span style=\"font-size: 16px;\">C\u2019est une d\u00e9marche libre, c\u2019est un geste de croyant, un choix. <\/span><\/p>\n<p><span style=\"font-size: 16px;\">Venir chercher un rameau, le prendre, le tenir en main <\/span><br \/>\n<span style=\"font-size: 16px;\">Et le garder bien en vue \u00e0 la maison, <\/span><br \/>\n<span style=\"font-size: 16px;\">C\u2019est d\u00e9cider d\u2019ouvrir la porte \u00e0 l\u2019Evangile <\/span><br \/>\n<span style=\"font-size: 16px;\">Et d\u2019accueillir Dieu par des gestes concrets \u00e0 l\u2019\u00e9gard de nos fr\u00e8res chaque jour. <\/span><br \/>\n<span style=\"font-size: 16px;\">Ainsi soit-il. \u00bb<\/span><\/p>\n<p>&nbsp;<\/p>\n<p><span style=\"font-size: 16px;\"><strong>Nous allons entrer maintenant dans la Semaine Sainte (Jeudi Saint, Vendredi Saint, P\u00e2ques)<\/strong><\/span><\/p>\n<p><strong>\u00a0<\/strong><\/p>\n","protected":false},"excerpt":{"rendered":"<p>&nbsp; &nbsp; Ce dimanche 28 Mars 2021 nous c\u00e9l\u00e9brons La f\u00eate des Rameaux &#8230;\/&#8230;<\/p>\n","protected":false},"author":990003,"featured_media":4419,"comment_status":"closed","ping_status":"closed","sticky":false,"template":"","format":"standard","meta":{"give_campaign_id":0,"footnotes":""},"categories":[1],"tags":[],"class_list":["post-4407","post","type-post","status-publish","format-standard","has-post-thumbnail","hentry","category-uncategorized"],"_links":{"self":[{"href":"https:\/\/demos.uptitude.fr\/savviry1\/wp-json\/wp\/v2\/posts\/4407","targetHints":{"allow":["GET"]}}],"collection":[{"href":"https:\/\/demos.uptitude.fr\/savviry1\/wp-json\/wp\/v2\/posts"}],"about":[{"href":"https:\/\/demos.uptitude.fr\/savviry1\/wp-json\/wp\/v2\/types\/post"}],"author":[{"embeddable":true,"href":"https:\/\/demos.uptitude.fr\/savviry1\/wp-json\/wp\/v2\/users\/990003"}],"replies":[{"embeddable":true,"href":"https:\/\/demos.uptitude.fr\/savviry1\/wp-json\/wp\/v2\/comments?post=4407"}],"version-history":[{"count":0,"href":"https:\/\/demos.uptitude.fr\/savviry1\/wp-json\/wp\/v2\/posts\/4407\/revisions"}],"wp:featuredmedia":[{"embeddable":true,"href":"https:\/\/demos.uptitude.fr\/savviry1\/wp-json\/"}],"wp:attachment":[{"href":"https:\/\/demos.uptitude.fr\/savviry1\/wp-json\/wp\/v2\/media?parent=4407"}],"wp:term":[{"taxonomy":"category","embeddable":true,"href":"https:\/\/demos.uptitude.fr\/savviry1\/wp-json\/wp\/v2\/categories?post=4407"},{"taxonomy":"post_tag","embeddable":true,"href":"https:\/\/demos.uptitude.fr\/savviry1\/wp-json\/wp\/v2\/tags?post=4407"}],"curies":[{"name":"wp","href":"https:\/\/api.w.org\/{rel}","templated":true}]}}