{"id":4422,"date":"2021-03-20T17:56:53","date_gmt":"2021-03-20T17:56:53","guid":{"rendered":"https:\/\/www.savigny-viry-catholique.fr\/?p=4422"},"modified":"2021-03-20T17:56:53","modified_gmt":"2021-03-20T17:56:53","slug":"28-mars-2021-dimanche-des-rameaux-et-de-la-passion","status":"publish","type":"post","link":"https:\/\/demos.uptitude.fr\/savviry1\/28-mars-2021-dimanche-des-rameaux-et-de-la-passion\/","title":{"rendered":"28 mars 2021 : Dimanche des Rameaux et de la Passion"},"content":{"rendered":"<p><strong>Entre acclamation et condamnation.<\/strong><br \/>\nDerni\u00e8re entr\u00e9e de J\u00e9sus \u00e0 J\u00e9rusalem&#8230;\/&#8230;<!--more--><\/p>\n<p>: pour l\u2019instant, une foule l\u2019acclame et voit en lui \u00ab celui qui vient au nom du Seigneur \u00bb. Pourtant, m\u00eame si les attentes messianiques \u00e9taient grandes, la parodie de proc\u00e8s de la part des Juifs et des Romains retournera les foules contre J\u00e9sus.<\/p>\n<p>&nbsp;<\/p>\n<p><img decoding=\"async\" class=\"size-full wp-image-4420 alignleft\" src=\"https:\/\/www.savigny-viry-catholique.fr\/wp-content\/uploads\/2021\/03\/Rameaux_476654_1607036400000.jpg\" alt=\"\" width=\"190\" height=\"190\" \/><\/p>\n<p><span style=\"font-size: 16px;\">Beaucoup de chr\u00e9tiens peu pratiquants viennent \u00e0 la <strong>c\u00e9r\u00e9monie des Rameaux<\/strong> principalement pour avoir du buis b\u00e9ni qui chassera les mauvaises influences de leur demeure. Ce comportement rel\u00e8ve souvent de la superstition. Ce n\u2019est pas le sens de la f\u00eate des Rameaux, la vraie signification des rameaux.<\/span><\/p>\n<p><span style=\"font-size: 16px;\">Mais la participation \u00e0 la f\u00eate des Rameaux est pour ces participants l\u2019occasion d\u2019entendre le r\u00e9cit \u00e9mouvant de la passion de J\u00e9sus, d\u2019avoir la possibilit\u00e9 d\u2019\u00e9tablir une relation personnelle avec le Christ et un contact avec une communaut\u00e9 chr\u00e9tienne nombreuse et vivante. La beaut\u00e9 du rite provoque l\u2019\u00e9motion. Cette f\u00eate comm\u00e9more en effet \u00e0 la fois deux \u00e9v\u00e9nements qui semblent bien contrast\u00e9s\u00a0: l\u2019entr\u00e9e solennelle de J\u00e9sus \u00e0 J\u00e9rusalem, et d\u2019autre part sa passion et sa mort sur la croix. Cette f\u00eate des Rameaux, dont le nom est<strong> \u00ab\u00a0Dimanche des Rameaux et de la Passion\u00a0\u00bb<\/strong> est le VI\u00b0 dimanche de Car\u00eame et d\u00e9but de la \u00ab\u00a0Semaine Sainte\u00a0\u00bb. En y participant, nous aurons conscience d\u2019entrer dans la grande semaine qui est tendue vers la r\u00e9surrection du Seigneur. <\/span><\/p>\n<p><a href=\"https:\/\/cybercure.fr\/les-fetes-de-l-eglise\/paques\/semaine-sainte\/article\/sens-de-la-fete-des-rameaux\"><span style=\"font-size: 16px;\">(Source : Cybercur\u00e9 )<\/span><\/a><\/p>\n<p>&nbsp;<\/p>\n<p><img fetchpriority=\"high\" decoding=\"async\" class=\"size-medium wp-image-4412 aligncenter\" src=\"https:\/\/www.savigny-viry-catholique.fr\/wp-content\/uploads\/2021\/03\/Rameaux01-e1616781318754-300x300.jpg\" alt=\"\" width=\"300\" height=\"300\" \/><\/p>\n<p>&nbsp;<\/p>\n<p><img decoding=\"async\" class=\"wp-image-4120 alignleft\" src=\"https:\/\/www.savigny-viry-catholique.fr\/wp-content\/uploads\/2021\/02\/Careme-2021en-ligne-300x200.jpg\" alt=\"\" width=\"306\" height=\"204\" \/><\/p>\n<p><span style=\"font-size: 20px;\"><strong>Vivre les Rameaux en ligne\u00a0 :<\/strong><\/span><\/p>\n<p><span style=\"font-size: 16px;\"><strong><a style=\"font-family: Verdana, Geneva, sans-serif;\" href=\"https:\/\/dai.ly\/x6znpmh\" target=\"_blank\" rel=\"noopener noreferrer\">Vid\u00e9o de la b\u00e9n\u00e9diction des rameaux de 2018 \u00e0 l\u2019\u00e9glise Ste Th\u00e9r\u00e8se<\/a><\/strong><\/span><\/p>\n<p>&nbsp;<\/p>\n<p><span style=\"color: #0000ff; font-size: 16px;\"><strong>Pour les enfants,\u00a0 une page <a href=\"https:\/\/www.savigny-viry-catholique.fr\/2021\/03\/26\/cate-a-la-maison-la-fete-des-rameaux\/\">\u00ab\u00a0Cat\u00e9 en ligne\u00a0\u00bb cliquez ici .<\/a><\/strong><\/span><\/p>\n<p>&nbsp;<\/p>\n<p><span style=\"font-size: 16px;\"><strong>Liturgie familiale du Dimanche des Rameaux et de la Passion<\/strong><\/span><\/p>\n<p><strong><span style=\"font-size: 16px; color: #0000ff;\">T\u00e9l\u00e9chargez<a href=\"http:\/\/www.savigny-viry-catholique.fr\/Download\/doc\/2021-03-27Liturgie-familiale-dimanche-rameaux.pdf\"> le document ici<\/a><\/span><\/strong><\/p>\n<p>&nbsp;<\/p>\n<p>&nbsp;<\/p>\n<p>&nbsp;<\/p>\n<p>&nbsp;<\/p>\n<h3>N&rsquo;OUBLIEZ PAS LA QU\u00caTE !!!<img loading=\"lazy\" decoding=\"async\" class=\"size-full wp-image-3240 alignright\" src=\"https:\/\/www.savigny-viry-catholique.fr\/wp-content\/uploads\/2020\/11\/quete-en-lignet.jpg\" alt=\"\" width=\"298\" height=\"169\" \/><\/h3>\n<h3><strong>La plate-forme\u00a0<em><a href=\"https:\/\/quete.catholique.fr\/?reserved_diocese=EVRY&amp;reserved_paroisse=\">quete.catholique.fr\u00a0<\/a><\/em><\/strong>est toujours active !<\/h3>\n<p>Les mesures sanitaires en vigueur emp\u00eache nombre de catholiques de se rendre aux c\u00e9l\u00e9brations de leur paroisse et ainsi de participer \u00e0 la qu\u00eate. La qu\u00eate, collect\u00e9e chaque dimanche constitue l\u2019une des principales ressources des paroisses et va conna\u00eetre une baisse comme lors du premier confinement.<\/p>\n<p>La Conf\u00e9rence des \u00e9v\u00eaques de France a mit en place une plateforme de\u00a0<strong>don en ligne,<\/strong>\u00a0<em><span style=\"color: #ff0000;\"><strong>s\u00e9curis\u00e9e<\/strong><\/span>\u00a0<\/em>et<\/p>\n<p>accessible \u00e0 l\u2019adresse :\u00a0<strong><em><a href=\"https:\/\/quete.catholique.fr\/?reserved_diocese=EVRY&amp;reserved_paroisse=\">quete.catholique.fr<\/a><\/em><\/strong><\/p>\n<p>Vous pouvez aussi aider votre dioc\u00e8se par le denier ; dans ces temps difficiles la g\u00e9n\u00e9rosit\u00e9 doit continuer<strong>\u00a0<a href=\"https:\/\/www.savigny-viry-catholique.fr\/portfolio\/la-generosite-continue\/\">\u00a0Voir ici.\u00a0<\/a><\/strong><\/p>\n<p><i>Par avance\u00a0<\/i><em><strong>MERCI !<\/strong><\/em><\/p>\n<p>&nbsp;<\/p>\n<p>&nbsp;<\/p>\n<p>&nbsp;<\/p>\n<p>&nbsp;<\/p>\n<p>&nbsp;<\/p>\n","protected":false},"excerpt":{"rendered":"<p>Entre acclamation et condamnation. Derni\u00e8re entr\u00e9e de J\u00e9sus \u00e0 J\u00e9rusalem&#8230;\/&#8230;<\/p>\n","protected":false},"author":990003,"featured_media":4421,"comment_status":"closed","ping_status":"closed","sticky":false,"template":"","format":"standard","meta":{"give_campaign_id":0,"footnotes":""},"categories":[1],"tags":[],"class_list":["post-4422","post","type-post","status-publish","format-standard","has-post-thumbnail","hentry","category-uncategorized"],"_links":{"self":[{"href":"https:\/\/demos.uptitude.fr\/savviry1\/wp-json\/wp\/v2\/posts\/4422","targetHints":{"allow":["GET"]}}],"collection":[{"href":"https:\/\/demos.uptitude.fr\/savviry1\/wp-json\/wp\/v2\/posts"}],"about":[{"href":"https:\/\/demos.uptitude.fr\/savviry1\/wp-json\/wp\/v2\/types\/post"}],"author":[{"embeddable":true,"href":"https:\/\/demos.uptitude.fr\/savviry1\/wp-json\/wp\/v2\/users\/990003"}],"replies":[{"embeddable":true,"href":"https:\/\/demos.uptitude.fr\/savviry1\/wp-json\/wp\/v2\/comments?post=4422"}],"version-history":[{"count":0,"href":"https:\/\/demos.uptitude.fr\/savviry1\/wp-json\/wp\/v2\/posts\/4422\/revisions"}],"wp:featuredmedia":[{"embeddable":true,"href":"https:\/\/demos.uptitude.fr\/savviry1\/wp-json\/"}],"wp:attachment":[{"href":"https:\/\/demos.uptitude.fr\/savviry1\/wp-json\/wp\/v2\/media?parent=4422"}],"wp:term":[{"taxonomy":"category","embeddable":true,"href":"https:\/\/demos.uptitude.fr\/savviry1\/wp-json\/wp\/v2\/categories?post=4422"},{"taxonomy":"post_tag","embeddable":true,"href":"https:\/\/demos.uptitude.fr\/savviry1\/wp-json\/wp\/v2\/tags?post=4422"}],"curies":[{"name":"wp","href":"https:\/\/api.w.org\/{rel}","templated":true}]}}