{"id":4467,"date":"2021-03-28T22:38:52","date_gmt":"2021-03-28T22:38:52","guid":{"rendered":"https:\/\/www.savigny-viry-catholique.fr\/?p=4467"},"modified":"2021-03-28T22:38:52","modified_gmt":"2021-03-28T22:38:52","slug":"cate-a-la-maison-la-semaine-sainte","status":"publish","type":"post","link":"https:\/\/demos.uptitude.fr\/savviry1\/cate-a-la-maison-la-semaine-sainte\/","title":{"rendered":"Cat\u00e9 \u00e0 la maison : LA SEMAINE SAINTE"},"content":{"rendered":"<p>La semaine sainte pour les enfants du cat\u00e9 et les petits de l&rsquo;\u00e9veil \u00e0 la foi &#8230;\/&#8230;<!--more--><\/p>\n<p>&nbsp;<\/p>\n<p><span style=\"color: #ff6600;\"><strong><span style=\"font-size: 20px;\">Pour les petits de l&rsquo;\u00e9veil \u00e0 la Foi, des coloriages pour raconter la Semaine Sainte se trouvent <a href=\"https:\/\/www.savigny-viry-catholique.fr\/eveil-a-la-foi\/\">\u00a0ICI<\/a><\/span><\/strong><\/span><\/p>\n<p>&nbsp;<\/p>\n<p>&nbsp;<\/p>\n<p><span style=\"font-size: 24px; color: #0000ff;\"><strong>Jeudi Saint\u00a0: le dernier repas de J\u00e9sus \u00ab\u00a0la C\u00e8ne\u00a0\u00bb<\/strong><\/span><\/p>\n<p>&nbsp;<\/p>\n<p><img fetchpriority=\"high\" decoding=\"async\" class=\"size-full wp-image-4471 alignleft\" src=\"https:\/\/www.savigny-viry-catholique.fr\/wp-content\/uploads\/2021\/04\/Lavemnt-des-pieds.jpg\" alt=\"\" width=\"225\" height=\"225\" \/><\/p>\n<p>&nbsp;<\/p>\n<p><span style=\"font-size: 16px;\">Le Jeudi Saint annonce l\u2019entr\u00e9e dans le myst\u00e8re de P\u00e2ques. Ce jour-l\u00e0 l\u2019Eglise c\u00e9l\u00e8bre la messe \u00ab\u00a0en m\u00e9moire de la C\u00e8ne du Seigneur\u00a0\u00bb, ou dernier repas que J\u00e9sus a pris avec ses disciples juste avant d\u2019\u00eatre livr\u00e9.\u00a0<\/span><br \/>\n<span style=\"font-size: 16px;\">Dans ce repas qu\u2019on appelle d\u00e9sormais l\u2019Eucharistie, il annonce que sa pr\u00e9sence demeure vivante dans le sacrement de son Corps et de son Sang.<\/span><br \/>\n<span style=\"font-size: 16px;\">Au cours de ce m\u00eame repas J\u00e9sus lave les pieds de ses disciples. Ce geste est un exemple que J\u00e9sus laisse \u00e0 ses disciples pour qu\u2019ils se mettent \u00e0 leur tour au service des autres et il nous demande aussi de nous mettre au service de nos fr\u00e8res. Nous prenons conscience que J\u00e9sus se fait serviteur des hommes par amour.<\/span><\/p>\n<p><span style=\"font-size: 16px;\"><strong>T\u00e9l\u00e9chargez les coloriages de la C\u00e8ne : <a href=\"http:\/\/www.savigny-viry-catholique.fr\/Download\/doc\/KT20Jesus-se-fait-serviteur.pdf\">J\u00e9sus serviteur<\/a>\u00a0 et\u00a0 <a href=\"http:\/\/www.savigny-viry-catholique.fr\/Download\/doc\/KT20Jesus-consacre-pain.pdf\">J\u00e9sus consacre le pain et le vin<\/a>\u00a0<\/strong><\/span><\/p>\n<p><span style=\"font-size: 16px;\"><strong>\u00a0<\/strong><\/span><\/p>\n<p>&nbsp;<\/p>\n<p>&nbsp;<\/p>\n<p><img decoding=\"async\" class=\"size-full wp-image-4472 aligncenter\" src=\"https:\/\/www.savigny-viry-catholique.fr\/wp-content\/uploads\/2021\/04\/Cene.jpg\" alt=\"\" width=\"220\" height=\"230\" \/><\/p>\n<p>&nbsp;<\/p>\n<p>&nbsp;<\/p>\n<p>&nbsp;<\/p>\n<p><span style=\"font-size: 16px;\">Apr\u00e8s ce repas, l\u2019heure de l\u2019\u00e9preuve approchant, J\u00e9sus se rend au jardin des Oliviers avec les disciples pour veiller et prier.<\/span><\/p>\n<p><span style=\"font-size: 16px;\">Le Jeudi Saint, l\u2019Eglise c\u00e9l\u00e8bre la messe en \u00ab\u00a0m\u00e9moire de la C\u00e8ne du Seigneur\u00a0\u00bb. Apr\u00e8s la communion, le c\u00e9l\u00e9brant porte solennellement les hosties consacr\u00e9es \u00ab\u00a0le Saint Sacrement\u00a0\u00bb vers le reposoir, lieu d\u2019adoration du pain eucharistique.<\/span><\/p>\n<p><span style=\"font-size: 16px;\">L\u2019autel est d\u00e9pouill\u00e9, la croix est voil\u00e9e. Le Christ est entr\u00e9 dans sa passion, d\u00e9pouill\u00e9 de tout.<\/span><\/p>\n<p>&nbsp;<\/p>\n<p><span style=\"font-size: 16px;\">Sauras tu faire du \u00ab\u00a0pain azyme\u00a0\u00bb ? C\u2019est le pain que les juifs utilisent pour la P\u00e2que, et que nous utilisons pour la messe. <strong>SUPER FACILE<\/strong> ; <a href=\"http:\/\/www.savigny-viry-catholique.fr\/Download\/doc\/KT21recette-pain-azyme.pdf\"><strong><span style=\"color: #ff6600;\">t\u00e9l\u00e9charges la recette ici<\/span><\/strong><\/a><\/span><\/p>\n<p>&nbsp;<\/p>\n<p><span style=\"font-size: 16px;\"><span style=\"font-size: 20px;\"><strong>Vendredi Saint\u00a0: J\u00e9sus donne sa vie par amour<\/strong><\/span><\/span><\/p>\n<p><span style=\"font-size: 16px;\"><strong><br \/>\n<\/strong>Trahi par son disciple Judas, le Christ est arr\u00eat\u00e9. Il est accus\u00e9 de semer le d\u00e9sordre par ses enseignements et surtout d\u2019usurper le titre de Messie c\u2019est-\u00e0-dire de Fils de Dieu envoy\u00e9 pour sauver les hommes. Interrog\u00e9 par Ponce Pilate (gouverneur romain de la r\u00e9gion) flagell\u00e9 par les soldats, il est condamn\u00e9 \u00e0 \u00eatre clou\u00e9 sur une croix-supplice alors r\u00e9serv\u00e9 aux criminels.<\/span><\/p>\n<p><span style=\"font-size: 16px;\"><strong>Nous aussi nous sommes invit\u00e9s \u00e0 suivre le chemin de Croix de J\u00e9sus, et prier \u00e0 chaque station.<\/strong><\/span><\/p>\n<p><span style=\"font-size: 16px;\"><strong><a href=\"http:\/\/www.savigny-viry-catholique.fr\/Download\/doc\/KT21chemin-croix.pdf\">T\u00e9l\u00e9charges ICI le Chemin de croix<\/a> que tu pourras mettre dans ton lutrin ou cahier (<span style=\"color: #ff0000;\">Attention, il y a trois pages<\/span>)<\/strong><\/span><\/p>\n<p>&nbsp;<\/p>\n<p><span style=\"font-size: 16px;\">La passion d\u00e9signe les souffrances de J\u00e9sus lors de son arrestation, de son proc\u00e8s, des diff\u00e9rents supplices qu\u2019il a subi et dont le dernier la mise en croix qui provoque sa mort. J\u00e9sus traverse l\u2019angoisse de la mort mais reste malgr\u00e9 tout dans la confiance en son P\u00e8re.<\/span><br \/>\n<span style=\"font-size: 16px;\">M\u00eame dans les moments les plus difficiles de notre vie nous aussi nous pouvons garder confiance dans le Seigneur.<\/span><\/p>\n<p><span style=\"font-size: 16px;\"><strong>J\u00e9sus a donn\u00e9 sa vie pour nous, pour que nous soyons pleinement heureux.<br \/>\nEn ces temps difficiles nous pouvons confier dans nos pri\u00e8res les personnes qui donnent en ce moment un peu de leurs vies pour aider et prendre soin des autres (le personnel de sant\u00e9, \u2026)<\/strong><\/span><\/p>\n<p><span style=\"font-size: 16px;\"><strong>Apr\u00e8s sa mort, il sera descendu de la croix par ses proches, envelopp\u00e9 dans un linge blanc appel\u00e9 \u00ab\u00a0linceul\u00a0\u00bb et mis au tombeau.<\/strong><\/span><\/p>\n<p>&nbsp;<\/p>\n<p><span style=\"font-size: 16px;\"><strong>Je t\u2019invite maintenant \u00e0 regarder en vid\u00e9o tout ce que tu as d\u00e9couvert sur la Semaine Sainte.<\/strong><\/span><\/p>\n<p>&nbsp;<\/p>\n<p><a href=\"https:\/\/youtu.be\/4YjBoCnz1V0\"><span style=\"font-size: 16px;\"><strong><img decoding=\"async\" class=\"size-medium wp-image-4448 alignleft\" src=\"https:\/\/www.savigny-viry-catholique.fr\/wp-content\/uploads\/2021\/03\/Semaine-Sainte-Playmobil-300x211.jpg\" alt=\"\" width=\"300\" height=\"211\" \/><\/strong><\/span><\/a><\/p>\n<p>&nbsp;<\/p>\n<p><span style=\"font-size: 16px;\"><strong>Sur YouTube Raconte-moi la Bible :\u00a0\u00bb la Semaine Sainte\u00a0\u00bb (avec des playmobil)<\/strong><\/span><\/p>\n<p>&nbsp;<\/p>\n<p><span style=\"font-size: 16px;\"><strong>Cliques sur l&rsquo;image ou sur <a href=\"https:\/\/youtu.be\/4YjBoCnz1V0\">ce lien<\/a>\u00a0 \u00a0<\/strong><\/span><\/p>\n<p>&nbsp;<\/p>\n<p>&nbsp;<\/p>\n<p>&nbsp;<\/p>\n<p>&nbsp;<\/p>\n<p><span style=\"color: #ff6600;\"><strong><span style=\"font-size: 20px;\">A toi de remplir le texte \u00e0 trous sur le dernier repas de J\u00e9sus \u00ab la C\u00e8ne \u00bb, que tu <a href=\"http:\/\/www.savigny-viry-catholique.fr\/Download\/doc\/KT21jeux-Jeudi-Saint.pdf\">trouveras en cliquant ici<\/a><\/span><\/strong><\/span><\/p>\n<p>&nbsp;<\/p>\n<p style=\"text-align: center;\"><span style=\"font-size: 20px; color: #0000ff;\"><strong>Pri\u00e8re<\/strong><\/span><\/p>\n<p style=\"text-align: center;\"><span style=\"font-size: 20px; color: #0000ff;\"><strong>Seigneur sur le bois de la croix,<\/strong><\/span><\/p>\n<p style=\"text-align: center;\"><span style=\"font-size: 20px; color: #0000ff;\"><strong>Tu as le bras grand ouverts,<\/strong><\/span><\/p>\n<p style=\"text-align: center;\"><span style=\"font-size: 20px; color: #0000ff;\"><strong>Pour nous inviter \u00e0 te rejoindre, <\/strong><\/span><\/p>\n<p style=\"text-align: center;\"><span style=\"font-size: 20px; color: #0000ff;\"><strong>Dans le royaume de ton P\u00e8re.<\/strong><\/span><\/p>\n<p style=\"text-align: center;\"><span style=\"font-size: 20px; color: #0000ff;\"><strong>Avec tes bras grands ouverts, <\/strong><\/span><\/p>\n<p style=\"text-align: center;\"><span style=\"font-size: 20px; color: #0000ff;\"><strong>Tu \u00e9cartes le mal et la mort,<\/strong><\/span><\/p>\n<p style=\"text-align: center;\"><span style=\"font-size: 20px; color: #0000ff;\"><strong>Et ton amour est si grand,<\/strong><\/span><\/p>\n<p style=\"text-align: center;\"><span style=\"font-size: 20px; color: #0000ff;\"><strong>Que tu vas en inonder la terre.<\/strong><\/span><\/p>\n<p style=\"text-align: center;\"><span style=\"font-size: 20px; color: #0000ff;\"><strong>Et moi, \u00e0 genoux devant toi,<\/strong><\/span><\/p>\n<p style=\"text-align: center;\"><span style=\"font-size: 20px; color: #0000ff;\"><strong>Je l\u00e8ve les yeux vers ta croix,<\/strong><\/span><\/p>\n<p style=\"text-align: center;\"><span style=\"font-size: 20px; color: #0000ff;\"><strong>Je te dis \u00ab\u00a0merci Seigneur\u00a0\u00bb,<\/strong><\/span><\/p>\n<p style=\"text-align: center;\"><span style=\"font-size: 20px; color: #0000ff;\"><strong>Prends-moi dans tes bras.<\/strong><\/span><\/p>\n<p style=\"text-align: center;\"><span style=\"font-size: 20px; color: #0000ff;\"><strong>Amen<\/strong><\/span><\/p>\n","protected":false},"excerpt":{"rendered":"<p>La semaine sainte pour les enfants du cat\u00e9 et les petits de l&rsquo;\u00e9veil \u00e0 la foi &#8230;\/&#8230;<\/p>\n","protected":false},"author":990003,"featured_media":2731,"comment_status":"closed","ping_status":"closed","sticky":false,"template":"","format":"standard","meta":{"give_campaign_id":0,"footnotes":""},"categories":[1],"tags":[],"class_list":["post-4467","post","type-post","status-publish","format-standard","has-post-thumbnail","hentry","category-uncategorized"],"_links":{"self":[{"href":"https:\/\/demos.uptitude.fr\/savviry1\/wp-json\/wp\/v2\/posts\/4467","targetHints":{"allow":["GET"]}}],"collection":[{"href":"https:\/\/demos.uptitude.fr\/savviry1\/wp-json\/wp\/v2\/posts"}],"about":[{"href":"https:\/\/demos.uptitude.fr\/savviry1\/wp-json\/wp\/v2\/types\/post"}],"author":[{"embeddable":true,"href":"https:\/\/demos.uptitude.fr\/savviry1\/wp-json\/wp\/v2\/users\/990003"}],"replies":[{"embeddable":true,"href":"https:\/\/demos.uptitude.fr\/savviry1\/wp-json\/wp\/v2\/comments?post=4467"}],"version-history":[{"count":0,"href":"https:\/\/demos.uptitude.fr\/savviry1\/wp-json\/wp\/v2\/posts\/4467\/revisions"}],"wp:featuredmedia":[{"embeddable":true,"href":"https:\/\/demos.uptitude.fr\/savviry1\/wp-json\/"}],"wp:attachment":[{"href":"https:\/\/demos.uptitude.fr\/savviry1\/wp-json\/wp\/v2\/media?parent=4467"}],"wp:term":[{"taxonomy":"category","embeddable":true,"href":"https:\/\/demos.uptitude.fr\/savviry1\/wp-json\/wp\/v2\/categories?post=4467"},{"taxonomy":"post_tag","embeddable":true,"href":"https:\/\/demos.uptitude.fr\/savviry1\/wp-json\/wp\/v2\/tags?post=4467"}],"curies":[{"name":"wp","href":"https:\/\/api.w.org\/{rel}","templated":true}]}}