{"id":4484,"date":"2021-04-01T09:56:21","date_gmt":"2021-04-01T09:56:21","guid":{"rendered":"https:\/\/www.savigny-viry-catholique.fr\/?p=4484"},"modified":"2021-04-01T09:56:21","modified_gmt":"2021-04-01T09:56:21","slug":"paques-christ-est-ressuscite","status":"publish","type":"post","link":"https:\/\/demos.uptitude.fr\/savviry1\/paques-christ-est-ressuscite\/","title":{"rendered":"PAQUES : \u00a0\u00bb CHRIST EST RESSUSCITE\u00a0\u00bb"},"content":{"rendered":"<p>&nbsp;<\/p>\n<p><img fetchpriority=\"high\" decoding=\"async\" class=\"wp-image-4490 alignleft\" src=\"https:\/\/www.savigny-viry-catholique.fr\/wp-content\/uploads\/2021\/04\/Resurrection-fra-Angelico-Florence-couvent-sanMarco-V1-257x300.jpg\" alt=\"\" width=\"394\" height=\"460\" \/><\/p>\n<h1>Le Christ est ressuscit\u00e9\u00a0! Il est vraiment ressuscit\u00e9\u00a0!<\/h1>\n<p>&nbsp;<\/p>\n<p>Cette salutation des chr\u00e9tiens d\u2019Orient pourrait devenir notre mani\u00e8re de proclamer notre joie pascale. Voire, de nous saluer durant tout le temps pascal qui dure jusqu\u2019\u00e0 la Pentec\u00f4te. Et m\u00eame au-del\u00e0, car il est vraiment ressuscit\u00e9 pour toujours.<\/p>\n<p>La r\u00e9surrection \u00e9voque la Lumi\u00e8re, la Vie, la Joie, l\u2019Esp\u00e9rance \u2026<\/p>\n<p>Chantons la victoire \u00e9clatante du Christ J\u00e9sus sur la mort d\u00e9finitive. Le cierge pascal que les chr\u00e9tiens allument le soir \u00e0 la vigile pascale symbolise cette lumi\u00e8re\u00a0: passage des t\u00e9n\u00e8bres de la mort \u00e0 la lumi\u00e8re de la vie.<\/p>\n<p>Chantons la Vie renouvel\u00e9e en J\u00e9sus par le bapt\u00eame.<\/p>\n<p>Chantons dans l\u2019all\u00e9gresse \u00ab\u00a0l\u2019Exultet\u00a0\u00bb, annonce m\u00e9lodieuse et en m\u00eame temps vigoureuse de la joie pascale.<\/p>\n<p>Chantons l\u2019Esp\u00e9rance chr\u00e9tienne qui ouvre un avenir d\u00e9j\u00e0 l\u00e0, mais pas encore totalement r\u00e9alis\u00e9e pour nous, mais accomplie par le Ressuscit\u00e9, le Christ notre Sauveur.<\/p>\n<p>Que l\u2019hymne pascal r\u00e9veille l\u2019insoup\u00e7onnable puissance d\u2019aimer sem\u00e9e en nous par notre Dieu dont le nom est Amour Parfait.<\/p>\n<p>Alors en ce temps de P\u00e2ques, toi ma s\u0153ur, toi mon fr\u00e8re, je te salue en ces termes\u00a0: Le Christ est ressuscit\u00e9 All\u00e9luia\u00a0! Il est vraiment ressuscit\u00e9 All\u00e9luia\u00a0!<\/p>\n<p>Joyeuse f\u00eate de P\u00e2ques\u00a0!<\/p>\n<p>&nbsp;<\/p>\n<p>P\u00e8re Emmanuel BIDZOGO<\/p>\n<p>&nbsp;<\/p>\n<p>&nbsp;<\/p>\n<p><span style=\"color: #0000ff; font-size: 20px;\">LA RESURRECTION\u00a0 AVEC DES OEUVRES D&rsquo;ART<\/span><\/p>\n<p>&nbsp;<\/p>\n<p><span style=\"font-size: 16px;\"><strong>Une image expliqu\u00e9e\u00a0 de la R\u00e9surrection\u00a0 propos\u00e9e par \u00ab\u00a0Image et pastorale\u00a0\u00bb\u00a0 <a href=\"https:\/\/image-et-pastorale.ec-ressources.fr\/swf\/sresu.php\">cliquez sur l&rsquo;image <img decoding=\"async\" class=\"wp-image-4493 aligncenter\" src=\"https:\/\/www.savigny-viry-catholique.fr\/wp-content\/uploads\/2021\/04\/resurrection-christ-guy-brenet-V1-167x300.jpg\" alt=\"\" width=\"234\" height=\"362\" \/><\/a><\/strong><\/span><\/p>\n<p>&nbsp;<\/p>\n<p><span style=\"font-size: 20px; color: #0000ff;\"><strong>Les Chapiteaux de la cath\u00e9drale d&rsquo;Autun<\/strong><\/span><\/p>\n<p><strong><span style=\"font-size: 20px;\">\u00ab\u00a0..Il s&rsquo;est \u00e9veill\u00e9 des morts..\u00a0\u00bb<a href=\"https:\/\/vimeo.com\/404619080\"><img decoding=\"async\" class=\"wp-image-4507 alignleft\" src=\"https:\/\/www.savigny-viry-catholique.fr\/wp-content\/uploads\/2021\/04\/Resurrection-177x300.jpg\" alt=\"\" width=\"234\" height=\"397\" \/> <\/a><\/span><\/strong><\/p>\n<p>&nbsp;<\/p>\n<p>&nbsp;<\/p>\n<p>&nbsp;<\/p>\n<p><strong><span style=\"font-size: 20px;\">\u00a0\u00bb Le premier jour de la semaine,<br \/>\nMarie Madeleine se rend au tombeau de grand matin ;<br \/>\nc\u2019\u00e9tait encore les t\u00e9n\u00e8bres.<br \/>\nElle s\u2019aper\u00e7oit que la pierre a \u00e9t\u00e9 enlev\u00e9e du tombeau&#8230;\/&#8230;\u00a0\u00bb ( Jean 20, 1-9)<\/span><\/strong><\/p>\n<p>&nbsp;<\/p>\n<p><a href=\"https:\/\/vimeo.com\/manage\/videos\/404619080\"><strong><span style=\"color: #0000ff; font-size: 16px;\">cliquez <\/span><\/strong><strong><span style=\"color: #0000ff; font-size: 16px;\">ICI ou sur\u00a0 l&rsquo;image<\/span><\/strong><\/a><\/p>\n<p>&nbsp;<\/p>\n<p>&nbsp;<\/p>\n<p>&nbsp;<\/p>\n<p>&nbsp;<\/p>\n<p>&nbsp;<\/p>\n<p>&nbsp;<\/p>\n<p>&nbsp;<\/p>\n<p><a href=\"https:\/\/vimeo.com\/manage\/videos\/406230688\"><img loading=\"lazy\" decoding=\"async\" class=\" wp-image-4500 alignleft\" src=\"https:\/\/www.savigny-viry-catholique.fr\/wp-content\/uploads\/2021\/04\/Emmaus-300x200.jpg\" alt=\"\" width=\"417\" height=\"278\" \/><\/a><\/p>\n<p>&nbsp;<\/p>\n<p>&nbsp;<\/p>\n<p><strong><span style=\"font-size: 20px;\">Rencontre avec\u00a0 \u00ab\u00a0les disciples d&rsquo;Emma\u00fcs\u00a0\u00bb<\/span><\/strong><\/p>\n<p><a href=\"https:\/\/vimeo.com\/manage\/videos\/406230688\"><strong><span style=\"color: #0000ff; font-size: 16px;\">cliquez ICI ou sur\u00a0 l&rsquo;image<\/span><\/strong><\/a><\/p>\n<p>&nbsp;<\/p>\n<p>&nbsp;<\/p>\n<p>&nbsp;<\/p>\n<p>&nbsp;<\/p>\n<p>&nbsp;<\/p>\n<p>&nbsp;<\/p>\n<p>&nbsp;<\/p>\n<p>&nbsp;<\/p>\n","protected":false},"excerpt":{"rendered":"<p>&nbsp; Le Christ est ressuscit\u00e9\u00a0! Il est vraiment ressuscit\u00e9\u00a0! &nbsp; Cette salutation des chr\u00e9tiens d\u2019Orient pourrait devenir notre mani\u00e8re de proclamer notre joie pascale. Voire, de nous saluer durant tout le temps pascal qui dure jusqu\u2019\u00e0 la Pentec\u00f4te. Et&hellip;<\/p>\n","protected":false},"author":990003,"featured_media":4498,"comment_status":"closed","ping_status":"closed","sticky":false,"template":"","format":"standard","meta":{"give_campaign_id":0,"footnotes":""},"categories":[1],"tags":[],"class_list":["post-4484","post","type-post","status-publish","format-standard","has-post-thumbnail","hentry","category-uncategorized"],"_links":{"self":[{"href":"https:\/\/demos.uptitude.fr\/savviry1\/wp-json\/wp\/v2\/posts\/4484","targetHints":{"allow":["GET"]}}],"collection":[{"href":"https:\/\/demos.uptitude.fr\/savviry1\/wp-json\/wp\/v2\/posts"}],"about":[{"href":"https:\/\/demos.uptitude.fr\/savviry1\/wp-json\/wp\/v2\/types\/post"}],"author":[{"embeddable":true,"href":"https:\/\/demos.uptitude.fr\/savviry1\/wp-json\/wp\/v2\/users\/990003"}],"replies":[{"embeddable":true,"href":"https:\/\/demos.uptitude.fr\/savviry1\/wp-json\/wp\/v2\/comments?post=4484"}],"version-history":[{"count":0,"href":"https:\/\/demos.uptitude.fr\/savviry1\/wp-json\/wp\/v2\/posts\/4484\/revisions"}],"wp:featuredmedia":[{"embeddable":true,"href":"https:\/\/demos.uptitude.fr\/savviry1\/wp-json\/"}],"wp:attachment":[{"href":"https:\/\/demos.uptitude.fr\/savviry1\/wp-json\/wp\/v2\/media?parent=4484"}],"wp:term":[{"taxonomy":"category","embeddable":true,"href":"https:\/\/demos.uptitude.fr\/savviry1\/wp-json\/wp\/v2\/categories?post=4484"},{"taxonomy":"post_tag","embeddable":true,"href":"https:\/\/demos.uptitude.fr\/savviry1\/wp-json\/wp\/v2\/tags?post=4484"}],"curies":[{"name":"wp","href":"https:\/\/api.w.org\/{rel}","templated":true}]}}