{"id":4514,"date":"2021-04-08T18:27:28","date_gmt":"2021-04-08T18:27:28","guid":{"rendered":"https:\/\/www.savigny-viry-catholique.fr\/?p=4514"},"modified":"2021-04-08T18:27:28","modified_gmt":"2021-04-08T18:27:28","slug":"cate-a-la-maison-paques-jesus-est-ressuscite","status":"publish","type":"post","link":"https:\/\/demos.uptitude.fr\/savviry1\/cate-a-la-maison-paques-jesus-est-ressuscite\/","title":{"rendered":"Cat\u00e9 \u00e0 la maison : P\u00c2QUES &#8211; J\u00e9sus est ressuscit\u00e9"},"content":{"rendered":"<p>\u2308Cat\u00e9 et coloriages pour les petits.\u230b<\/p>\n<p>Le samedi jusqu\u2019\u00e0 la c\u00e9l\u00e9bration dans la nuit (ou au dimanche matin) <strong>il ne se passe rien<\/strong>. Rien \u2026<br \/>\nTout est silencieux m\u00eame les cloches des \u00e9glises,..\/&#8230;<!--more--><\/p>\n<p><strong> c\u2019est le \u00ab silence de mort \u00bb le silence de la mort de J\u00e9sus\u2026 et puis :\u00a0<\/strong><\/p>\n<p style=\"text-align: center;\"><img fetchpriority=\"high\" decoding=\"async\" class=\"alignnone wp-image-4509\" src=\"https:\/\/www.savigny-viry-catholique.fr\/wp-content\/uploads\/2021\/04\/Christ-ressuscite-300x300.jpg\" alt=\"\" width=\"330\" height=\"330\" \/><\/p>\n<p>&nbsp;<\/p>\n<p style=\"text-align: center;\"><span style=\"font-size: 24px; font-family: georgia, palatino, serif; color: #ff6600;\"><strong>C\u2019est la Bonne Nouvelle : J\u00e9sus est ressuscit\u00e9\u00a0<\/strong><\/span><\/p>\n<p style=\"text-align: center;\"><span style=\"font-size: 24px; font-family: georgia, palatino, serif; color: #ff6600;\"><strong>J\u00e9sus a travers\u00e9 la mort et apporte la vie nouvelle.<\/strong><\/span><\/p>\n<p style=\"text-align: center;\"><span style=\"font-size: 24px; font-family: georgia, palatino, serif; color: #ff6600;\"><strong>C\u2019est la f\u00eate de P\u00e2ques<\/strong><\/span><\/p>\n<p style=\"text-align: center;\"><span style=\"font-size: 24px; font-family: georgia, palatino, serif; color: #ff6600;\"><strong>Par la R\u00e9surrection tout homme est sauv\u00e9.<\/strong><\/span><\/p>\n<p>&nbsp;<\/p>\n<p>&nbsp;<\/p>\n<p><span style=\"font-size: 20px; color: #0000ff;\"><strong>Des coloriages pour raconter P\u00e2ques aux petits de l&rsquo;\u00e9veil \u00e0 la foi \u2013 <a style=\"color: #0000ff;\" href=\"https:\/\/www.savigny-viry-catholique.fr\/eveil-a-la-foi\/\">voir ICI<\/a><\/strong><\/span><\/p>\n<p>&nbsp;<\/p>\n<p><strong>Chantons<\/strong>\u00a0: <span style=\"font-size: 16px; color: #0000ff;\"><strong>Criez de joie, Christ est ressuscit\u00e9 (cliquez sur l&rsquo;image)<\/strong><\/span><\/p>\n<p><a href=\"https:\/\/youtu.be\/ya_HTPZDCbA\"><img decoding=\"async\" class=\"alignnone size-medium wp-image-4517\" src=\"https:\/\/www.savigny-viry-catholique.fr\/wp-content\/uploads\/2021\/04\/Criez-de-joie-300x160.jpg\" alt=\"\" width=\"300\" height=\"160\" \/><\/a><\/p>\n<p>&nbsp;<\/p>\n<p>&nbsp;<\/p>\n<p><strong><span style=\"font-size: 16px;\">Nous c\u00e9l\u00e9brons la f\u00eate la plus importante pour les chr\u00e9tiens. <span style=\"color: #0000ff;\">La R\u00e9surrection du Christ, sa victoire sur la mort.<\/span><\/span><\/strong><\/p>\n<p><strong><span style=\"font-size: 16px;\">J\u00e9sus est ressuscit\u00e9, All\u00e9luia\u00a0! Il est vivant, toujours \u00e0 tes c\u00f4t\u00e9s. Tu peux te r\u00e9jouir\u00a0!<\/span><\/strong><\/p>\n<p><strong><span style=\"font-size: 16px;\">Le jour de P\u00e2ques, au lieu de dire \u00ab\u00a0bonjour\u00a0\u00bb aux personnes que tu rencontres, tu peux partager avec eux ta joie et leur dire\u00a0: <span style=\"color: #0000ff;\">\u00ab\u00a0Christ est ressuscit\u00e9\u00a0\u00bb.<\/span><\/span><\/strong><\/p>\n<p><strong><span style=\"font-size: 16px;\">Pour L\u2019Eglise, la r\u00e9surrection du Christ est une si grande f\u00eate qu\u2019on la c\u00e9l\u00e8bre pendant 8 jours. On appelle ces 8 jours qui s\u2019\u00e9tendent entre le dimanche de P\u00e2ques et le dimanche suivant, l\u2019Octave de P\u00e2ques.<\/span><\/strong><\/p>\n<p><strong><span style=\"font-size: 16px;\">Regardons le r\u00e9cit de cette bonne nouvelle\u00a0:<\/span><\/strong><\/p>\n<h3>Regarde la Vid\u00e9o : <strong>La r\u00e9surrection de J\u00e9sus &#8211; Jn 20, 1-9\u00a0\u00a0<\/strong><\/h3>\n<h3><strong><a href=\"https:\/\/www.theobule.org\/video\/la-resurrection-de-jesus\/192\"><img decoding=\"async\" class=\"alignnone size-medium wp-image-4521\" src=\"https:\/\/www.savigny-viry-catholique.fr\/wp-content\/uploads\/2021\/04\/tombeau-vide-theobule-300x167.jpg\" alt=\"\" width=\"300\" height=\"167\" \/><\/a> Cliques sur l&rsquo;image ou le texte &#8211;&gt;<a href=\"https:\/\/www.theobule.org\/video\/la-resurrection-de-jesus\/192\">\u00a0\u00ab le tombeau vide \u00bb<\/a><\/strong><\/h3>\n<p>&nbsp;<\/p>\n<p><span style=\"font-size: 20px;\"><strong>A toi de r\u00e9aliser le vitrail du Christ Ressuscit\u00e9 : tu peux le colorier et le mettre dans ton coin pri\u00e8re. Cliques<a href=\"http:\/\/www.savigny-viry-catholique.fr\/Download\/doc\/KT41vitrail-Jesus-ressuscite.pdf\"> ICI pour le t\u00e9l\u00e9charger<\/a><\/strong><\/span><\/p>\n<p><span style=\"font-size: 20px;\"><strong><a href=\"ftp:\/\/ftpDownload%2540savigny-viry-catholique.fr@ftp.savigny-viry-chttp:\/\/www.savigny-viry-catholique.fr\/Download\/doc\/KT41vitrail-Jesus-ressuscite.pdf\"><img loading=\"lazy\" decoding=\"async\" class=\"size-medium wp-image-4524 aligncenter\" src=\"https:\/\/www.savigny-viry-catholique.fr\/wp-content\/uploads\/2021\/04\/vitrail-Jesus-ressuscite-255x300.png\" alt=\"\" width=\"255\" height=\"300\" \/><\/a><\/strong><\/span><\/p>\n<p>&nbsp;<\/p>\n<p>&nbsp;<\/p>\n<p>&nbsp;<\/p>\n<p style=\"text-align: center;\"><span style=\"font-size: 20px; color: #0000ff;\"><strong>Qu&rsquo;\u00e9clate la joie de P\u00e2ques !<\/strong><\/span><\/p>\n<p style=\"text-align: center;\"><span style=\"font-size: 20px;\">Qu\u2019elle s\u2019\u00e9l\u00e8ve sur toute la terre<\/span><br \/>\n<span style=\"font-size: 20px;\">Comme une flamme dans la nuit et qu\u2019elle illumine la vie de tous les hommes !<\/span><br \/>\n<span style=\"font-size: 20px;\">J\u00e9sus est plus fort que la mort !<\/span><br \/>\n<span style=\"font-size: 20px;\">Qu\u2019\u00e9clate la joie de P\u00e2ques !<\/span><br \/>\n<span style=\"font-size: 20px;\">Qu\u2019elle ruisselle sur toute la terre comme une eau vive qui calme la soif<\/span><br \/>\n<span style=\"font-size: 20px;\">Des chercheurs de v\u00e9rit\u00e9 !<\/span><br \/>\n<span style=\"font-size: 20px;\">J\u00e9sus est vivant pour toujours !<\/span><br \/>\n<span style=\"font-size: 20px;\">Qu\u2019\u00e9clate la joie de P\u00e2ques !<\/span><br \/>\n<span style=\"font-size: 20px;\">Qu\u2019elle soit distribu\u00e9e \u00e0 toute la terre comme du pain<\/span><br \/>\n<span style=\"font-size: 20px;\">Qui apaise la faim de ceux qui tendent les mains !<\/span><br \/>\n<span style=\"font-size: 20px;\">J\u00e9sus est le sauveur de tous les hommes !<\/span><br \/>\n<span style=\"font-size: 20px;\">Qu\u2019\u00e9clatent la joie de P\u00e2ques !<\/span><br \/>\n<span style=\"font-size: 20px;\">Qu\u2019elle r\u00e9sonne et carillonne sur toute la terre<\/span><br \/>\n<span style=\"font-size: 20px;\">Comme un chant d\u2019all\u00e9gresse, comme la Bonne Nouvelle<\/span><br \/>\n<span style=\"font-size: 20px;\">Qui redonne espoir aux enfants de Dieu !<\/span><br \/>\n<span style=\"font-size: 20px;\">J\u00e9sus est ressuscit\u00e9 !<\/span><\/p>\n<p>&nbsp;<\/p>\n<p>&nbsp;<\/p>\n<p style=\"text-align: center;\"><span style=\"color: #0000ff;\"><strong><span style=\"font-size: 28px;\">Bonnes f\u00eates de P\u00e2ques \u00e0 Tous<\/span><\/strong><\/span><\/p>\n<p>&nbsp;<\/p>\n<p>&nbsp;<\/p>\n<p>&nbsp;<\/p>\n<p>&nbsp;<\/p>\n<p><span style=\"color: #993366; font-size: 20px;\"><strong>Pour voir le \u00ab\u00a0Cat\u00e9 \u00e0 la maison \u00a0\u00bb de la Semaine Sainte\u00a0 <a href=\"https:\/\/www.savigny-viry-catholique.fr\/2021\/04\/01\/cate-a-la-maison-la-semaine-sainte\/\">cliquez ICI<\/a><\/strong><\/span><\/p>\n<p><img loading=\"lazy\" decoding=\"async\" class=\"alignnone size-medium wp-image-4409\" src=\"https:\/\/www.savigny-viry-catholique.fr\/wp-content\/uploads\/2021\/03\/Jesus-entre-a-Jerusalem-212x300.jpg\" alt=\"\" width=\"212\" height=\"300\" \/> <img loading=\"lazy\" decoding=\"async\" class=\"alignnone size-medium wp-image-4463\" src=\"https:\/\/www.savigny-viry-catholique.fr\/wp-content\/uploads\/2021\/04\/Jesus-donne-sa-vie-273x300.jpg\" alt=\"\" width=\"273\" height=\"300\" \/><\/p>\n<p>&nbsp;<\/p>\n","protected":false},"excerpt":{"rendered":"<p>\u2308Cat\u00e9 et coloriages pour les petits.\u230b Le samedi jusqu\u2019\u00e0 la c\u00e9l\u00e9bration dans la nuit (ou au dimanche matin) il ne se passe rien. Rien \u2026 Tout est silencieux m\u00eame les cloches des \u00e9glises,..\/&#8230;<\/p>\n","protected":false},"author":990003,"featured_media":4509,"comment_status":"closed","ping_status":"closed","sticky":false,"template":"","format":"standard","meta":{"give_campaign_id":0,"footnotes":""},"categories":[1],"tags":[],"class_list":["post-4514","post","type-post","status-publish","format-standard","has-post-thumbnail","hentry","category-uncategorized"],"_links":{"self":[{"href":"https:\/\/demos.uptitude.fr\/savviry1\/wp-json\/wp\/v2\/posts\/4514","targetHints":{"allow":["GET"]}}],"collection":[{"href":"https:\/\/demos.uptitude.fr\/savviry1\/wp-json\/wp\/v2\/posts"}],"about":[{"href":"https:\/\/demos.uptitude.fr\/savviry1\/wp-json\/wp\/v2\/types\/post"}],"author":[{"embeddable":true,"href":"https:\/\/demos.uptitude.fr\/savviry1\/wp-json\/wp\/v2\/users\/990003"}],"replies":[{"embeddable":true,"href":"https:\/\/demos.uptitude.fr\/savviry1\/wp-json\/wp\/v2\/comments?post=4514"}],"version-history":[{"count":0,"href":"https:\/\/demos.uptitude.fr\/savviry1\/wp-json\/wp\/v2\/posts\/4514\/revisions"}],"wp:featuredmedia":[{"embeddable":true,"href":"https:\/\/demos.uptitude.fr\/savviry1\/wp-json\/"}],"wp:attachment":[{"href":"https:\/\/demos.uptitude.fr\/savviry1\/wp-json\/wp\/v2\/media?parent=4514"}],"wp:term":[{"taxonomy":"category","embeddable":true,"href":"https:\/\/demos.uptitude.fr\/savviry1\/wp-json\/wp\/v2\/categories?post=4514"},{"taxonomy":"post_tag","embeddable":true,"href":"https:\/\/demos.uptitude.fr\/savviry1\/wp-json\/wp\/v2\/tags?post=4514"}],"curies":[{"name":"wp","href":"https:\/\/api.w.org\/{rel}","templated":true}]}}