{"id":4539,"date":"2021-04-01T12:14:31","date_gmt":"2021-04-01T12:14:31","guid":{"rendered":"https:\/\/www.savigny-viry-catholique.fr\/?p=4539"},"modified":"2021-04-01T12:14:31","modified_gmt":"2021-04-01T12:14:31","slug":"paques-2021-message-du-pape-francois","status":"publish","type":"post","link":"https:\/\/demos.uptitude.fr\/savviry1\/paques-2021-message-du-pape-francois\/","title":{"rendered":"PAQUES 2021 &#8211; Message du pape Fran\u00e7ois"},"content":{"rendered":"<p><a href=\"https:\/\/www.youtube.com\/watch?v=OWPQa9cXAmI\"><img fetchpriority=\"high\" decoding=\"async\" class=\"wp-image-4538 alignleft\" src=\"https:\/\/www.savigny-viry-catholique.fr\/wp-content\/uploads\/2021\/04\/Pape-Francois-300x178.jpg\" alt=\"\" width=\"403\" height=\"239\" \/><\/a><\/p>\n<h1 class=\"article__title\"><span style=\"font-size: 24px;\">Urbi et Orbi:\u00a0<\/span><span style=\"font-size: 24px;\">Le pape Fran\u00e7ois appelle \u00e0 faire cesser \u00ab\u00a0le fracas des armes\u00a0\u00bb et \u00e0 partager les vaccins<\/span><\/h1>\n<p><!--more--><\/p>\n<p><strong><span style=\"color: #0000ff; font-size: 16px;\">Vid\u00e9o du direct de la b\u00e9n\u00e9diction Urbi et Orbi <a href=\"https:\/\/www.youtube.com\/watch?v=OWPQa9cXAmI\">ICI<\/a> ou en cliquant sur la photo<\/span><\/strong><\/p>\n<p>&nbsp;<\/p>\n<p>&nbsp;<\/p>\n<div class=\"article__subTitle\"><span style=\"font-size: 16px;\"><strong><em>\u00c0 l\u2019issue de la messe de P\u00e2ques c\u00e9l\u00e9br\u00e9e par le Pape Fran\u00e7ois en pr\u00e9sence de 150 fid\u00e8les en la basilique saint-Pierre, le Souverain pontife a donn\u00e9 sa b\u00e9n\u00e9diction \u00ab\u00a0Urbi et Orbi\u00a0\u00bb, \u00e0 la Ville et au monde, devant l&rsquo;autel de la Chaire de saint Pierre, dimanche 4 avril 2021. Un message de soutien spirituel aux plus fragiles qui souffrent de la crise mondiale, et d&rsquo;appels \u00e0 la paix l\u00e0 o\u00f9 r\u00e8gne toujours le conflit dans certaines r\u00e9gions du monde.<\/em><\/strong><\/span><\/div>\n<div class=\"title__separator\"><\/div>\n<div class=\"article__text \">\n<p><b>Delphine Allaire \u2013 Cit\u00e9 du Vatican<\/b><\/p>\n<p>\u00ab<i>L\u2019annonce de P\u00e2ques\u00a0ne montre pas un mirage, elle ne r\u00e9v\u00e8le pas une formule magique, elle n\u2019indique pas une \u00e9chappatoire face \u00e0 la situation difficile que nous traversons<\/i>\u00bb. En ces termes, le Pape Fran\u00e7ois a inaugur\u00e9 son message\u00a0<i>\u00e0 la Ville et au monde<\/i>\u00a0en ce jour de P\u00e2ques, point culminant de l\u2019ann\u00e9e liturgique, dans une atmosph\u00e8re encore une fois tr\u00e8s particuli\u00e8re cette ann\u00e9e.<\/p>\n<p>La pand\u00e9mie est encore en cours, et la crise sociale et \u00e9conomique est tr\u00e8s lourde, en particulier pour les plus pauvres, a rappel\u00e9 Fran\u00e7ois, qui s&rsquo;est dit scandalis\u00e9 par le fait que\u00a0<i>\u00ables conflits arm\u00e9s ne cessent pas et les arsenaux militaires se renforcent\u00bb<\/i>.\u00a0<i>\u00abC&rsquo;est le scandale d&rsquo;aujourd&rsquo;hui\u00bb,\u00a0<\/i>a-t-il r\u00e9p\u00e9t\u00e9.<\/p>\n<h3><b>Le crucifi\u00e9 est ressuscit\u00e9<\/b><\/h3>\n<p>Au milieu de cette r\u00e9alit\u00e9 complexe, a relev\u00e9 le Saint-P\u00e8re, l\u2019annonce de P\u00e2ques renferme en quelques mots un \u00e9v\u00e9nement qui donne l\u2019esp\u00e9rance qui ne d\u00e9\u00e7oit pas:\u00a0<i>\u00abJ\u00e9sus, le crucifi\u00e9, est ressuscit\u00e9<\/i>\u00bb.<\/p>\n<p>Et le Successeur de Pierre de pr\u00e9ciser: \u00ab<i>Cette annonce de P\u00e2ques ne parle pas d\u2019anges ou de fant\u00f4mes, mais d\u2019un homme, un homme en chair et en os, avec un visage et un nom\u00a0: J\u00e9sus.\u00a0Le crucifi\u00e9, pas un autre, est ressuscit\u00e9.\u00bb<\/i><\/p>\n<p>Et les t\u00e9moins de cette r\u00e9surrection rapportent d\u2019ailleurs un d\u00e9tail important: J\u00e9sus ressuscit\u00e9 porte grav\u00e9es les plaies des mains, des pieds et du c\u00f4t\u00e9.\u00a0\u00ab<i>Ces plaies sont le sceau \u00e9ternel de son amour pour nous.\u00a0Quiconque souffre une dure \u00e9preuve, dans son corps et dans son esprit, peut trouver refuge dans ces blessures, recevoir \u00e0 travers elles la gr\u00e2ce de l\u2019esp\u00e9rance qui ne d\u00e9\u00e7oit pas<\/i>\u00bb, a assur\u00e9 le Saint-P\u00e8re, avant de d\u00e9tailler les esp\u00e9rances du Christ pour diverses cat\u00e9gories de personnes, comme \u00ab<i>ceux qui souffrent encore \u00e0 cause de la pand\u00e9mie, les malades et ceux qui ont perdu une personne ch\u00e8re\u00bb.<\/i><\/p>\n<h3><b>\u00abPour un internationalisme des vaccins\u00bb<\/b><\/h3>\n<p>Le Pape a ensuite invoqu\u00e9 le r\u00e9confort du Seigneur pour \u00ab<i>les efforts des m\u00e9decins et des infirmiers<\/i>\u00bb, pour \u00ab<i>les personnes les plus fragiles, qui ont besoin d\u2019assistance et ont le droit d\u2019avoir acc\u00e8s aux soins n\u00e9cessaires\u00bb.<\/i>\u00a0Avant de lancer un appel au partage \u00e9quitable des vaccins: \u00ab<i>Dans l\u2019esprit d\u2019un \u201cinternationalisme des vaccins\u201d, j\u2019exhorte donc toute la Communaut\u00e9 internationale \u00e0 un engagement partag\u00e9 afin de surmonter les retards dans leur distribution et en favoriser le partage, en particulier avec les pays les plus pauvres\u00bb.<\/i><\/p>\n<h3><b>Crise sociale et \u00e9conomique<\/b><\/h3>\n<p>Et le Pape de poursuivre sur la s\u00e9v\u00e8re crise socio-\u00e9conomique des temps pr\u00e9sents: \u00ab<i>Le Crucifi\u00e9 ressuscit\u00e9 est un r\u00e9confort pour ceux qui ont perdu leur travail ou traversent de graves difficult\u00e9s \u00e9conomiques et qui sont priv\u00e9s de protections sociales ad\u00e9quates.\u00a0Que le Seigneur inspire l\u2019action des autorit\u00e9s publiques afin qu\u2019\u00e0 tous, en particulier aux familles les plus n\u00e9cessiteuses, soient offertes les aides n\u00e9cessaires \u00e0 une subsistance suffisante.\u00bb<\/i><\/p>\n<h3><b>Au cher peuple d\u2019Ha\u00efti<\/b><\/h3>\n<p>\u00ab<i>Il faut que les pauvres de toute sorte se reprennent \u00e0 esp\u00e9rer<\/i>\u00bb, disait saint Jean-Paul II lors de son voyage \u00e0 Ha\u00efti, cit\u00e9 par le Pape Fran\u00e7ois. Et c\u2019est justement vers \u00ab<i>le cher peuple ha\u00eftien<\/i>\u00bb que la pens\u00e9e et les encouragements du Primat d\u2019Italie se sont tourn\u00e9s en premier en ce jour, \u00ab<i>pour qu\u2019il ne soit pas vaincu par les difficult\u00e9s mais qu\u2019il regarde vers l\u2019avenir avec confiance et esp\u00e9rance\u00bb.<\/i><\/p>\n<h3><b>Aux jeunes du monde et de Birmanie<\/b><\/h3>\n<p>\u00ab<i>J\u00e9sus ressuscit\u00e9 est l\u2019esp\u00e9rance aussi pour de nombreux jeunes qui ont \u00e9t\u00e9 contraints de passer de longues p\u00e9riodes sans aller \u00e0 l\u2019\u00e9cole ou \u00e0 l\u2019universit\u00e9 ni partager le temps avec leurs amis<\/i>\u00bb, a continu\u00e9 le Pape, assurant combien nous avons tous besoin de vivre des relations humaines r\u00e9elles et pas seulement virtuelles<i>.\u00a0<\/i>\u00ab<i>Je suis proche des jeunes du monde entier et, en ce moment, en particulier de ceux de Birmanie, qui s\u2019engagent pour la d\u00e9mocratie en faisant entendre pacifiquement leur voix, conscients que la haine<\/i>\u00a0<i>ne peut \u00eatre \u00e9limin\u00e9e que par l\u2019amour\u00bb,\u00a0<\/i>a ajout\u00e9 Fran\u00e7ois qui suit de tr\u00e8s pr\u00e8s la situation politico-militaire dans ce pays qu&rsquo;il avait visit\u00e9 en 2017.<i><\/i><\/p>\n<h3><b>Les migrants et ceux qui leur viennent en aide<\/b><\/h3>\n<p>Que la lumi\u00e8re du Ressuscit\u00e9 soit source de renaissance pour les migrants fuyant la guerre et la mis\u00e8re, a esp\u00e9r\u00e9 le Pape. \u00ab<i>Sur leurs visages, reconnaissons le visage d\u00e9figur\u00e9 et souffrant du Seigneur qui monte au Calvaire\u00bb<\/i>. Fran\u00e7ois a remerci\u00e9 ainsi les pays qui accueillent avec g\u00e9n\u00e9rosit\u00e9 ceux qui souffrent et cherchent refuge, \u00ab<i>en particulier le Liban et la Jordanie qui accueillent de tr\u00e8s nombreux r\u00e9fugi\u00e9s ayant fui le conflit syrien\u00bb.<\/i><\/p>\n<h3><b>Pour le Liban et la Syrie<\/b><\/h3>\n<p>\u00ab<i>Que le peuple libanais, qui traverse une p\u00e9riode de difficult\u00e9s et d\u2019incertitudes, fasse l\u2019exp\u00e9rience de la consolation du Seigneur ressuscit\u00e9 et soit soutenu par la Communaut\u00e9 internationale dans sa vocation d\u2019\u00eatre une terre de rencontre, de coexistence et de pluralisme\u00bb,<\/i>\u00a0a soutenu le Souverain pontife, souhaitant \u00e9galement la paix dans \u00ab<i>la bien-aim\u00e9e et martyris\u00e9e Syrie, o\u00f9 des millions de personnes vivent d\u00e9sormais dans des conditions inhumaines<\/i>\u00bb, ainsi qu\u2019au Y\u00e9men \u00ab<i>dont les \u00e9v\u00e9nements sont entour\u00e9s d\u2019un silence assourdissant et scandaleux<\/i>\u00bb, et en Libye \u00ab<i>o\u00f9 l\u2019on entrevoit enfin la sortie d\u2019une d\u00e9cennie de disputes et d\u2019affrontements sanglants\u00bb.<\/i><\/p>\n<h3><b>Pour le Moyen-Orient et l\u2019Afrique<\/b><\/h3>\n<p>Le Pape a ensuite tourn\u00e9 ses pens\u00e9es naturellement vers J\u00e9rusalem, appelant Isra\u00e9liens et Palestiniens \u00e0 retrouver la force du dialogue pour une solution stable \u00e0 deux \u00c9tats, de m\u00eame que vers l\u2019Irak, pays visit\u00e9 le mois dernier, pour lequel le Pape prie pour que\u00a0<i>\u00abpuisse continuer le chemin de pacification entrepris\u00bb.<\/i><\/p>\n<p>Fran\u00e7ois a invoqu\u00e9 \u00ab<i>la force du Ressuscit\u00e9<\/i>\u00bb pour les populations africaines qui voient leur avenir compromis par des violences internes et par le terrorisme international, en particulier au Sahel et au Nigeria, ainsi que dans la r\u00e9gion du Tigr\u00e9 et de Cabo Delgado.<\/p>\n<h3><b>Vaincre la mentalit\u00e9 de guerre<\/b><\/h3>\n<p><i>\u00abIl y a encore trop de guerres et trop de violence dans le monde!\u00bb,<\/i>\u00a0s\u2019est enfin indign\u00e9 le Saint-P\u00e8re, appelant le Seigneur \u00e0 nous aider \u00ab<i>\u00e0 vaincre la mentalit\u00e9 de la guerre\u00bb<\/i>. Fran\u00e7ois a aussi pri\u00e9 pour les prisonniers de guerre, particuli\u00e8rement en Ukraine orientale et dans le Haut-Karabakh, avant de rappeler, ce 4\u00a0avril, Journ\u00e9e mondiale de lutte contre les mines antipersonnel, combien ces \u00ab<i>sournois et horribles engins qui tuent ou mutilent chaque ann\u00e9e de nombreuses personnes innocentes, emp\u00eachent l\u2019humanit\u00e9 de marcher ensemble sur les chemins de la vie\u00bb<\/i>. \u00ab<i>Comme un monde sans ces instruments de mort serait meilleur!\u00bb,\u00a0<\/i>s\u2019est-il exclam\u00e9.<\/p>\n<h3><b>Pour la fin des restrictions sanitaires aux cultes<\/b><\/h3>\n<p>Enfin, le Pape Fran\u00e7ois a appel\u00e9 les gouvernements \u00e0 supprimer les restrictions d\u2019acc\u00e8s au culte \u00e0 cause de la pand\u00e9mie. \u00ab<i>Prions pour que ces restrictions, comme toute restriction \u00e0 la libert\u00e9 de culte et de religion dans le monde, puissent \u00eatre supprim\u00e9es et que chacun soit autoris\u00e9 \u00e0 prier et \u00e0 louer Dieu librement.\u00bb<\/i><\/p>\n<p>\u00ab<i>\u00c0 la lumi\u00e8re du Ressuscit\u00e9, nos souffrances sont transfigur\u00e9es. L\u00e0 o\u00f9 il y avait mort, il y a maintenant vie, l\u00e0 o\u00f9 il y avait deuil, il y a maintenant consolation. Et maintenant prions pour que les effets b\u00e9n\u00e9fiques de cette gu\u00e9rison s\u2019\u00e9tendent \u00e0 travers le monde entier. Joyeuses P\u00e2ques \u00e0 tous!\u00bb,<\/i>\u00a0a conclu le Successeur de Pierre, avant de donner sa b\u00e9n\u00e9diction\u00a0<i>Urbi et Orbi<\/i>.<\/p>\n<\/div>\n","protected":false},"excerpt":{"rendered":"<p>Urbi et Orbi:\u00a0Le pape Fran\u00e7ois appelle \u00e0 faire cesser \u00ab\u00a0le fracas des armes\u00a0\u00bb et \u00e0 partager les vaccins<\/p>\n","protected":false},"author":990003,"featured_media":4538,"comment_status":"closed","ping_status":"closed","sticky":false,"template":"","format":"standard","meta":{"give_campaign_id":0,"footnotes":""},"categories":[1],"tags":[],"class_list":["post-4539","post","type-post","status-publish","format-standard","has-post-thumbnail","hentry","category-uncategorized"],"_links":{"self":[{"href":"https:\/\/demos.uptitude.fr\/savviry1\/wp-json\/wp\/v2\/posts\/4539","targetHints":{"allow":["GET"]}}],"collection":[{"href":"https:\/\/demos.uptitude.fr\/savviry1\/wp-json\/wp\/v2\/posts"}],"about":[{"href":"https:\/\/demos.uptitude.fr\/savviry1\/wp-json\/wp\/v2\/types\/post"}],"author":[{"embeddable":true,"href":"https:\/\/demos.uptitude.fr\/savviry1\/wp-json\/wp\/v2\/users\/990003"}],"replies":[{"embeddable":true,"href":"https:\/\/demos.uptitude.fr\/savviry1\/wp-json\/wp\/v2\/comments?post=4539"}],"version-history":[{"count":0,"href":"https:\/\/demos.uptitude.fr\/savviry1\/wp-json\/wp\/v2\/posts\/4539\/revisions"}],"wp:featuredmedia":[{"embeddable":true,"href":"https:\/\/demos.uptitude.fr\/savviry1\/wp-json\/"}],"wp:attachment":[{"href":"https:\/\/demos.uptitude.fr\/savviry1\/wp-json\/wp\/v2\/media?parent=4539"}],"wp:term":[{"taxonomy":"category","embeddable":true,"href":"https:\/\/demos.uptitude.fr\/savviry1\/wp-json\/wp\/v2\/categories?post=4539"},{"taxonomy":"post_tag","embeddable":true,"href":"https:\/\/demos.uptitude.fr\/savviry1\/wp-json\/wp\/v2\/tags?post=4539"}],"curies":[{"name":"wp","href":"https:\/\/api.w.org\/{rel}","templated":true}]}}