{"id":4544,"date":"2021-04-06T22:48:55","date_gmt":"2021-04-06T22:48:55","guid":{"rendered":"https:\/\/www.savigny-viry-catholique.fr\/?p=4544"},"modified":"2021-04-06T22:48:55","modified_gmt":"2021-04-06T22:48:55","slug":"11-avril-2021-dimanche-de-la-divine-misericorde","status":"publish","type":"post","link":"https:\/\/demos.uptitude.fr\/savviry1\/11-avril-2021-dimanche-de-la-divine-misericorde\/","title":{"rendered":"11 avril 2021 : Dimanche de la Divine Mis\u00e9ricorde"},"content":{"rendered":"<p>Institu\u00e9e par Jean-Paul II en 2000, la f\u00eate de la divine <em>Mis\u00e9ricorde<\/em> est le jour de la Sainte Faustine,&#8230;\/&#8230;<!--more--><\/p>\n<p><strong><img fetchpriority=\"high\" decoding=\"async\" class=\" wp-image-4548 alignleft\" src=\"https:\/\/www.savigny-viry-catholique.fr\/wp-content\/uploads\/2021\/04\/mISERICORDE.jpg\" alt=\"\" width=\"377\" height=\"211\" \/>Dimanche de la Divine Mis\u00e9ricorde <\/strong><\/p>\n<p>Le Seigneur disait \u00e0 sainte Faustine :<\/p>\n<p>\u00ab Tu dois t\u00e9moigner de la mis\u00e9ricorde \u00e0 ton prochain toujours et partout (\u2026), tu ne peux pas te d\u00e9rober, ni te r\u00e9cuser, ni te justifier. Je te donne ici trois moyens de t\u00e9moigner de la mis\u00e9ricorde \u00e0 ton prochain : le premier, c\u2019est l\u2019action, le second, c\u2019est la parole, le troisi\u00e8me, c\u2019est la pri\u00e8re. C\u2019est dans ces trois degr\u00e9s qu\u2019est contenue la mis\u00e9ricorde dans toute sa pl\u00e9nitude ; elle est une preuve irr\u00e9futable d\u2019amour envers moi. C\u2019est ainsi que l\u2019\u00e2me glorifie et honore ma mis\u00e9ricorde. ( \u2026) Car m\u00eame la foi la plus solide n\u2019est rien sans les actes \u00bb. (Petit Journal, 742)<\/p>\n<p>Cette invitation insistante du Seigneur \u00e0 sainte Faustine s\u2019adresse aussi \u00e0 chaque chr\u00e9tien. Chacun est appel\u00e9 \u00e0 t\u00e9moigner de la mis\u00e9ricorde. Un c\u0153ur capable de porter, de lutter pour effacer la mis\u00e8re de la vie, la sienne et celle des autres, exprime ce bel \u00e9lan envers les autres et pour soi-m\u00eame. Attention, \u00eatre mis\u00e9ricordieux pour soi-m\u00eame ne veut point dire \u00eatre complaisant envers soi-m\u00eame, ce qui deviendrait alors en quelque sorte perversit\u00e9. La mis\u00e9ricorde exprime un \u00e9lan de g\u00e9n\u00e9rosit\u00e9 et de compassion v\u00e9ritable.<\/p>\n<p>Trois moyens cit\u00e9s pour cela\u00a0:<\/p>\n<ul>\n<li>L\u2019action, agir \u00e0 la lumi\u00e8re de l\u2019\u00e9vangile.<\/li>\n<li>La parole, faire retentir la v\u00e9rit\u00e9 en plein jour et accepter d\u2019\u00eatre bouscul\u00e9 par la Parole de Dieu, afin de s\u2019ajuster continuellement \u00e0 lui<\/li>\n<li>La pri\u00e8re, une respiration qui nous mets en dialogue et en harmonie avec Dieu, m\u00eame quand elle exprime notre d\u00e9sarroi.<\/li>\n<\/ul>\n<p>Le deuxi\u00e8me dimanche de P\u00e2ques\u00a0; dimanche apr\u00e8s la f\u00eate de P\u00e2ques a \u00e9t\u00e9 institu\u00e9 comme dimanche de la Divine Mis\u00e9ricorde, alors entendons \u00e0 nouveau frais cette b\u00e9atitude\u00a0: \u00ab\u00a0Heureux les mis\u00e9ricordieux, car ils obtiendront mis\u00e9ricorde\u00a0\u00bb (Mt5, 7).<\/p>\n<p>Bon dimanche\u00a0!<\/p>\n<p>P\u00e8re Emmanuel BIDZOGO<\/p>\n<p>&nbsp;<\/p>\n<p><strong><span style=\"font-size: 20px; color: #0000ff;\"><img decoding=\"async\" class=\"size-medium wp-image-4549 alignleft\" src=\"https:\/\/www.savigny-viry-catholique.fr\/wp-content\/uploads\/2021\/04\/FAUSTINE-223x300.jpg\" alt=\"\" width=\"223\" height=\"300\" \/>Sainte Faustine (1905 -1938)<\/span><\/strong><\/p>\n<p>\u00ab\u00a0S\u0153ur Marie Faustine, ap\u00f4tre de la Mis\u00e9ricorde Divine, compte aujourd&rsquo;hui parmi les Saints les plus c\u00e9l\u00e8bres de l&rsquo;\u00c9glise. Par son interm\u00e9diaire, le Seigneur J\u00e9sus transmet au monde entier Son grand message de la Mis\u00e9ricorde Divine et montre un mod\u00e8le de perfection chr\u00e9tienne fond\u00e9e sur la confiance en Dieu et sur une attitude mis\u00e9ricordieuse envers le prochain.\u00a0\u00bb\u00a0<a href=\"http:\/\/www.vatican.va\/news_services\/liturgy\/documents\/ns_lit_doc_20000430_faustina_fr.html\" target=\"_blank\" rel=\"noopener\">sa vie, site du Vatican<\/a><br \/>\nCanonisation de la bienheureuse Maria Faustyna Kowalska,\u00a0le dimanche 30 avril 2000.<br \/>\nVoir aussi\u00a0<a href=\"https:\/\/eglise.catholique.fr\/approfondir-sa-foi\/temoigner\/figures-de-saintete\/370006-sainte-faustine-1905-1938\/\" target=\"_blank\" rel=\"noopener\">Sainte Faustine (1905 &#8211; 1938) Une sainte pour notre temps<\/a>\u00a0(site de l&rsquo;\u00c9glise catholique en France)<\/p>\n<p>Illustration: tableau de J\u00e9sus mis\u00e9ricordieux, \u00ab\u00a0Par cette image j&rsquo;accorderai beaucoup de gr\u00e2ces; que chaque \u00e2me ait donc acc\u00e8s \u00e0 elle\u00a0\u00bb (PJ 570)\u00a0<a href=\"http:\/\/www.faustine-message.com\/\" target=\"_blank\" rel=\"noopener\">Congr\u00e9gation des S\u0153urs de J\u00e9sus Mis\u00e9ricordieux<\/a>.<br \/>\n<em>Sainte Marie-Faustine (H\u00e9l\u00e8ne Kowalska), vierge, de la Congr\u00e9gation des S\u0153urs de la Vierge Marie de la Mis\u00e9ricorde,\u00a0fut tr\u00e8s empress\u00e9e \u00e0 faire conna\u00eetre le myst\u00e8re de la mis\u00e9ricorde divine \u00e0 Cracovie<\/em><\/p>\n<p>&nbsp;<\/p>\n<p>&nbsp;<\/p>\n<p>&nbsp;<\/p>\n<p>&nbsp;<\/p>\n<h1 class=\"\"><span style=\"font-size: 24px;\">Liturgie familiale<\/span><br \/>\n<span style=\"font-size: 24px;\">pour vivre la messe du dimanche<\/span><\/h1>\n<article>\n<div class=\"wp-block-image\">\n<figure class=\"alignright size-large\"><img decoding=\"async\" class=\"wp-image-7020\" src=\"https:\/\/evry.catholique.fr\/wp-content\/uploads\/2021\/03\/2edim-de-paques.jpg\" sizes=\"(max-width: 304px) 100vw, 304px\" srcset=\"https:\/\/evry.catholique.fr\/wp-content\/uploads\/2021\/03\/2edim-de-paques.jpg 304w, https:\/\/evry.catholique.fr\/wp-content\/uploads\/2021\/03\/2edim-de-paques-300x300.jpg 300w, https:\/\/evry.catholique.fr\/wp-content\/uploads\/2021\/03\/2edim-de-paques-150x150.jpg 150w\" alt=\"\" width=\"304\" height=\"304\" \/><\/figure>\n<\/div>\n<h3 id=\"block-ed8eee91-ded8-4475-ab2c-97787080e987\"><strong>Dimanche 11 avril<br \/>\n<\/strong><span style=\"color: #0000ff;\"><em>2<sup>\u00e8me<\/sup> dimanche de P\u00e2ques, ann\u00e9e B<\/em><\/span><\/h3>\n<p>En ce deuxi\u00e8me dimanche de P\u00e2ques nous d\u00e9couvrons l\u2019\u00e9vangile dans lequel J\u00e9sus revient parmi les Ap\u00f4tres et nous allons voir que Thomas doute. Ce dimanche est aussi celui de la Divine Mis\u00e9ricorde, institu\u00e9 par le pape Saint Jean-Paul II dans la foul\u00e9e du grand jubil\u00e9 du troisi\u00e8me mill\u00e9naire suite \u00e0 la canonisation de la s\u0153ur Faustine Kowalska et avant la cons\u00e9cration, par le pape, du monde \u00e0 la mis\u00e9ricorde du P\u00e8re.<\/p>\n<p><span style=\"font-size: 20px;\"><strong><em><a href=\"https:\/\/evry.catholique.fr\/wp-content\/uploads\/2021\/04\/2021-04-11_LITURGIE-FAMILIALE.pdf\">T\u00e9l\u00e9charger la proposition liturgique<\/a><\/em><\/strong><\/span><\/p>\n<\/article>\n<p>&nbsp;<\/p>\n","protected":false},"excerpt":{"rendered":"<p>Institu\u00e9e par Jean-Paul II en 2000, la f\u00eate de la divine Mis\u00e9ricorde est le jour de la Sainte Faustine,&#8230;\/&#8230;<\/p>\n","protected":false},"author":990003,"featured_media":4548,"comment_status":"closed","ping_status":"closed","sticky":false,"template":"","format":"standard","meta":{"give_campaign_id":0,"footnotes":""},"categories":[1],"tags":[],"class_list":["post-4544","post","type-post","status-publish","format-standard","has-post-thumbnail","hentry","category-uncategorized"],"_links":{"self":[{"href":"https:\/\/demos.uptitude.fr\/savviry1\/wp-json\/wp\/v2\/posts\/4544","targetHints":{"allow":["GET"]}}],"collection":[{"href":"https:\/\/demos.uptitude.fr\/savviry1\/wp-json\/wp\/v2\/posts"}],"about":[{"href":"https:\/\/demos.uptitude.fr\/savviry1\/wp-json\/wp\/v2\/types\/post"}],"author":[{"embeddable":true,"href":"https:\/\/demos.uptitude.fr\/savviry1\/wp-json\/wp\/v2\/users\/990003"}],"replies":[{"embeddable":true,"href":"https:\/\/demos.uptitude.fr\/savviry1\/wp-json\/wp\/v2\/comments?post=4544"}],"version-history":[{"count":0,"href":"https:\/\/demos.uptitude.fr\/savviry1\/wp-json\/wp\/v2\/posts\/4544\/revisions"}],"wp:featuredmedia":[{"embeddable":true,"href":"https:\/\/demos.uptitude.fr\/savviry1\/wp-json\/"}],"wp:attachment":[{"href":"https:\/\/demos.uptitude.fr\/savviry1\/wp-json\/wp\/v2\/media?parent=4544"}],"wp:term":[{"taxonomy":"category","embeddable":true,"href":"https:\/\/demos.uptitude.fr\/savviry1\/wp-json\/wp\/v2\/categories?post=4544"},{"taxonomy":"post_tag","embeddable":true,"href":"https:\/\/demos.uptitude.fr\/savviry1\/wp-json\/wp\/v2\/tags?post=4544"}],"curies":[{"name":"wp","href":"https:\/\/api.w.org\/{rel}","templated":true}]}}