{"id":4560,"date":"2021-04-06T13:11:32","date_gmt":"2021-04-06T13:11:32","guid":{"rendered":"https:\/\/www.savigny-viry-catholique.fr\/?p=4560"},"modified":"2021-04-06T13:11:32","modified_gmt":"2021-04-06T13:11:32","slug":"18-avril-3-eme-dimanche-de-paques","status":"publish","type":"post","link":"https:\/\/demos.uptitude.fr\/savviry1\/18-avril-3-eme-dimanche-de-paques\/","title":{"rendered":"18 avril : 3 -\u00e8me dimanche de P\u00e2ques"},"content":{"rendered":"<p><strong>\u00ab\u00a0 La paix soit avec vous ! \u00bb, c\u2019est par ses mots que J\u00e9sus, dans l\u2019\u00e9vangile de Luc , commence par parler \u00e0 ses disciples. ..\/..<\/strong><!--more--><\/p>\n<p><strong>C\u2019est la salutation normale pour un juif et en m\u00eame temps elle signifie aux disciples le sens profond de ce que J\u00e9sus vient leur apporter en ce jour de r\u00e9surrection : la paix.<\/strong><\/p>\n<p><span style=\"font-size: 20px;\"><strong><span style=\"color: #0000ff;\">Retransmission en direct de la messe de 11h00 \u00e0 l&rsquo;\u00e9glise Ste Th\u00e9r\u00e8se<a href=\"https:\/\/www.youtube.com\/channel\/UCMIMUDEqUCGxHRdxXpvx1Ug\"> ICI<\/a> par <\/span><\/strong><strong>la\u00a0<a href=\"https:\/\/www.youtube.com\/channel\/UCMIMUDEqUCGxHRdxXpvx1Ug\">chaine\u00a0 ASTSM-TV<\/a><\/strong><\/span><\/p>\n<p><span style=\"font-size: 20px;\"><strong><span style=\"color: #0000ff;\">\u00a0 \u00a0 \u00a0 \u00a0 \u00a0 \u00a0 \u00a0 \u00a0 \u00a0 \u00a0 \u00a0 \u00a0 \u00a0 \u00a0 \u00a0 \u00a0 \u00a0 \u00a0 \u00a0 \u00a0 \u00a0 \u00a0 \u00a0 \u00a0 \u00a0 \u00a0 \u00a0 \u00a0 \u00a0 \u00a0 \u00a0 \u00a0 \u00a0 \u00a0 \u00a0 \u00a0 \u00a0 \u00a0 \u00a0 \u00a0 \u00a0 \u00a0 \u00a0 \u00a0 \u00a0 \u00a0 \u00a0 \u00a0 \u00a0 \u00a0 \u00a0 ou\u00a0 via\u00a0 <img fetchpriority=\"high\" decoding=\"async\" class=\"size-full wp-image-4403 aligncenter\" src=\"https:\/\/www.savigny-viry-catholique.fr\/wp-content\/uploads\/2021\/03\/QR-code-ASTSMTV.png\" alt=\"\" width=\"300\" height=\"300\" \/><\/span><\/strong><\/span><\/p>\n<p>&nbsp;<\/p>\n<p>&nbsp;<\/p>\n<p>&nbsp;<\/p>\n<p>&nbsp;<\/p>\n<p><img decoding=\"async\" class=\" wp-image-4572 aligncenter\" src=\"https:\/\/www.savigny-viry-catholique.fr\/wp-content\/uploads\/2021\/04\/3-dim-paq-01-297x300.jpg\" alt=\"\" width=\"542\" height=\"562\" \/><\/p>\n<p>&nbsp;<\/p>\n<p>&nbsp;<\/p>\n<p>&nbsp;<\/p>\n<p><img decoding=\"async\" class=\"wp-image-4570 alignleft\" src=\"https:\/\/www.savigny-viry-catholique.fr\/wp-content\/uploads\/2021\/04\/3dim-paq-2021-300x169.jpg\" alt=\"\" width=\"401\" height=\"226\" \/><\/p>\n<p style=\"margin: 0cm; margin-bottom: .0001pt; background: white;\"><span style=\"font-size: 20px;\"><strong><i><span style=\"font-family: 'karla',serif; color: #3f3f3f;\">\u00c9vangile selon Saint Luc\u00a0 (24, 35-48)<\/span><\/i><\/strong><\/span><\/p>\n<p style=\"background: white; box-sizing: border-box; font-variant-ligatures: normal; font-variant-caps: normal; orphans: 2; text-align: start; widows: 2; -webkit-text-stroke-width: 0px; text-decoration-thickness: initial; text-decoration-style: initial; text-decoration-color: initial; word-spacing: 0px; margin: 0cm 0cm 7.5pt 0cm;\"><span style=\"font-family: karla, serif; color: #3f3f3f; font-size: 16px;\">En ce temps-l\u00e0, les disciples qui rentraient d\u2019Emma\u00fcs racontaient aux onze Ap\u00f4tres et \u00e0 leurs compagnons ce qui s\u2019\u00e9tait pass\u00e9 sur la route, et comment le Seigneur s\u2019\u00e9tait fait reconna\u00eetre par eux \u00e0 la fraction du pain. Comme ils en parlaient encore, lui-m\u00eame fut pr\u00e9sent au milieu d\u2019eux, et leur dit : \u00ab La paix soit avec vous ! \u00bb Saisis de frayeur et de crainte, ils croyaient voir un esprit. J\u00e9sus leur dit : \u00ab Pourquoi \u00eates-vous boulevers\u00e9s ? Et pourquoi ces pens\u00e9es qui surgissent dans votre c\u0153ur ? Voyez mes mains et mes pieds : c\u2019est bien moi ! Touchez-moi, regardez : un esprit n\u2019a pas de chair ni d\u2019os comme vous constatez que j\u2019en ai. \u00bb Apr\u00e8s cette parole, il leur montra ses mains et ses pieds. Dans leur joie, ils n\u2019osaient pas encore y croire, et restaient saisis d\u2019\u00e9tonnement. J\u00e9sus leur dit : \u00ab Avez-vous ici quelque chose \u00e0 manger ? \u00bb Ils lui pr\u00e9sent\u00e8rent une part de poisson grill\u00e9 qu\u2019il prit et mangea devant eux. Puis il leur d\u00e9clara : \u00ab Voici les paroles que je vous ai dites quand j\u2019\u00e9tais encore avec vous : \u201cIl faut que s\u2019accomplisse tout ce qui a \u00e9t\u00e9 \u00e9crit \u00e0 mon sujet dans la loi de Mo\u00efse, les Proph\u00e8tes et les Psaumes.\u201d \u00bb Alors il ouvrit leur intelligence \u00e0 la compr\u00e9hension des \u00c9critures. Il leur dit : \u00ab Ainsi est-il \u00e9crit que le Christ souffrirait, qu\u2019il ressusciterait d\u2019entre les morts le troisi\u00e8me jour, et que la conversion serait proclam\u00e9e en son nom, pour le pardon des p\u00e9ch\u00e9s, \u00e0 toutes les nations, en commen\u00e7ant par J\u00e9rusalem. \u00c0 vous d\u2019en \u00eatre les t\u00e9moins. \u00bb<\/span><\/p>\n","protected":false},"excerpt":{"rendered":"<p>\u00ab\u00a0 La paix soit avec vous ! \u00bb, c\u2019est par ses mots que J\u00e9sus, dans l\u2019\u00e9vangile de Luc , commence par parler \u00e0 ses disciples. ..\/..<\/p>\n","protected":false},"author":990003,"featured_media":4574,"comment_status":"closed","ping_status":"closed","sticky":false,"template":"","format":"standard","meta":{"give_campaign_id":0,"footnotes":""},"categories":[1],"tags":[],"class_list":["post-4560","post","type-post","status-publish","format-standard","has-post-thumbnail","hentry","category-uncategorized"],"_links":{"self":[{"href":"https:\/\/demos.uptitude.fr\/savviry1\/wp-json\/wp\/v2\/posts\/4560","targetHints":{"allow":["GET"]}}],"collection":[{"href":"https:\/\/demos.uptitude.fr\/savviry1\/wp-json\/wp\/v2\/posts"}],"about":[{"href":"https:\/\/demos.uptitude.fr\/savviry1\/wp-json\/wp\/v2\/types\/post"}],"author":[{"embeddable":true,"href":"https:\/\/demos.uptitude.fr\/savviry1\/wp-json\/wp\/v2\/users\/990003"}],"replies":[{"embeddable":true,"href":"https:\/\/demos.uptitude.fr\/savviry1\/wp-json\/wp\/v2\/comments?post=4560"}],"version-history":[{"count":0,"href":"https:\/\/demos.uptitude.fr\/savviry1\/wp-json\/wp\/v2\/posts\/4560\/revisions"}],"wp:featuredmedia":[{"embeddable":true,"href":"https:\/\/demos.uptitude.fr\/savviry1\/wp-json\/"}],"wp:attachment":[{"href":"https:\/\/demos.uptitude.fr\/savviry1\/wp-json\/wp\/v2\/media?parent=4560"}],"wp:term":[{"taxonomy":"category","embeddable":true,"href":"https:\/\/demos.uptitude.fr\/savviry1\/wp-json\/wp\/v2\/categories?post=4560"},{"taxonomy":"post_tag","embeddable":true,"href":"https:\/\/demos.uptitude.fr\/savviry1\/wp-json\/wp\/v2\/tags?post=4560"}],"curies":[{"name":"wp","href":"https:\/\/api.w.org\/{rel}","templated":true}]}}