{"id":4562,"date":"2021-04-07T11:21:09","date_gmt":"2021-04-07T11:21:09","guid":{"rendered":"https:\/\/www.savigny-viry-catholique.fr\/?p=4562"},"modified":"2021-04-07T11:21:09","modified_gmt":"2021-04-07T11:21:09","slug":"25-avril-2021-journee-mondiale-de-priere-pour-les-vocations","status":"publish","type":"post","link":"https:\/\/demos.uptitude.fr\/savviry1\/25-avril-2021-journee-mondiale-de-priere-pour-les-vocations\/","title":{"rendered":"25 avril 2021 :Journ\u00e9e mondiale de pri\u00e8re pour les vocations"},"content":{"rendered":"<div class=\"spotlight01\">\n<p>Depuis plus de 50 ans la journ\u00e9e du 4<sup>\u00e8me<\/sup> dimanche de P\u00e2ques rappelle l\u2019importance de prier pour les vocations.<\/p>\n<\/div>\n<p><!--more--><\/p>\n<div>\n<div class=\"documentDescription\"><img fetchpriority=\"high\" decoding=\"async\" class=\" wp-image-4564 alignleft\" src=\"https:\/\/www.savigny-viry-catholique.fr\/wp-content\/uploads\/2021\/04\/Vocations.png\" alt=\"\" width=\"266\" height=\"372\" \/>C\u2019est une journ\u00e9e d\u2019invitation \u00e0 la r\u00e9flexion : quand on parle de vocation, on parle de ce qui touche l\u2019\u00eatre humain au plus intime de sa libert\u00e9. C\u2019est aussi une journ\u00e9e d\u2019invitation \u00e0 la pri\u00e8re : pour qu\u2019une libert\u00e9 humaine d\u00e9couvre son chemin, elle a besoin d\u2019\u00eatre \u00e9clair\u00e9e et stimul\u00e9e. C\u2019est le r\u00f4le du Saint Esprit.<\/div>\n<\/div>\n<p>&nbsp;<\/p>\n<p>A lire, <a href=\"https:\/\/eglise.catholique.fr\/vatican\/messages-du-saint-pere\/495748-message-58e-journee-mondiale-de-priere-vocations\/\"><span style=\"color: #0000ff; font-size: 16px;\"><strong>ICI\u00a0 le message du pape<\/strong> <\/span><\/a>pour cette journ\u00e9e mondiale des vocations https:\/\/eglise.catholique.fr\/vatican\/messages-du-saint-pere\/495748-message-58e-journee-mondiale-de-priere-vocations\/<\/p>\n<p>&nbsp;<\/p>\n<p>Pr\u00e8s de 200 s\u00e9minaristes et jeunes en ann\u00e9e de fondation spirituelle se forment, de nombreux jeunes hommes et jeunes femmes cheminent dans les groupes de r\u00e9flexion dans nos dioc\u00e8ses d\u2019\u00cele-de-France.<br \/>\nChacun de ces jeunes a besoin d\u2019\u00eatre soutenu par les fid\u00e8les pour avancer sur leur chemin en toute libert\u00e9.<br \/>\nC\u2019est pourquoi cette journ\u00e9e de pri\u00e8re est assortie d\u2019une qu\u00eate en faveur de l\u2019\u0152uvre des Vocations (seul financeur de la formation des s\u00e9minaristes et jeunes en ann\u00e9e de fondation spirituelle pour nos 8 dioc\u00e8ses d\u2019\u00cele-de-France.)<br \/>\nLa formation d\u2019un s\u00e9minariste revient \u00e0 68\u20ac par jour, et un week-end de discernement d\u2019un jeune accompagn\u00e9 par un Service des Vocations revient en moyenne \u00e0 200\u20ac. Ces frais repr\u00e9sentent 5 millions<br \/>\nd\u2019euros cette ann\u00e9e.<\/p>\n<p>Je vous remercie par avance de tout ce que vous ferez afin que les paroissiens comprennent \u00e0 quel point leur pri\u00e8re et leur g\u00e9n\u00e9rosit\u00e9 pour les vocations et les futurs pr\u00eatres sont indispensables.<\/p>\n<p class=\"has-text-align-right\"><strong>Mgr Denis Jachiet<br \/>\n<\/strong><em>Directeur de l\u2019\u0152uvre des Vocations<\/em><\/p>\n<p class=\"has-text-align-left\">\u00a0La qu\u00eate de ce jour contribue au financement de la pastorale des vocations religieuses et sacerdotales ainsi qu\u2019\u00e0 la formation des pr\u00e8s de 200 s\u00e9minaristes et jeunes en ann\u00e9e de fondation spirituelle pour les dioc\u00e8ses d\u2019\u00cele-de-France.<br \/>\nCette formation revient \u00e0 25 000\u20ac par s\u00e9minariste et par an et est financ\u00e9e uniquement gr\u00e2ce \u00e0 la g\u00e9n\u00e9rosit\u00e9 des fid\u00e8les.<br \/>\nVous pouvez \u00e9galement envoyer vos dons, d\u00e9ductibles de vos imp\u00f4ts, \u00e0 :<br \/>\n\u0152uvre des Vocations, 15 rue des Ursins, 75004 Paris \/\u00a0<a href=\"http:\/\/www.mavocation.org\/\"><strong><em>Don en ligne<\/em><\/strong><\/a><\/p>\n<p class=\"has-text-align-center\"><strong>AU NOM DES FUTURS PRETRES : MERCI !<\/strong><\/p>\n","protected":false},"excerpt":{"rendered":"<p>Depuis plus de 50 ans la journ\u00e9e du 4\u00e8me dimanche de P\u00e2ques rappelle l\u2019importance de prier pour les vocations.<\/p>\n","protected":false},"author":990003,"featured_media":4565,"comment_status":"closed","ping_status":"closed","sticky":false,"template":"","format":"standard","meta":{"give_campaign_id":0,"footnotes":""},"categories":[1],"tags":[],"class_list":["post-4562","post","type-post","status-publish","format-standard","has-post-thumbnail","hentry","category-uncategorized"],"_links":{"self":[{"href":"https:\/\/demos.uptitude.fr\/savviry1\/wp-json\/wp\/v2\/posts\/4562","targetHints":{"allow":["GET"]}}],"collection":[{"href":"https:\/\/demos.uptitude.fr\/savviry1\/wp-json\/wp\/v2\/posts"}],"about":[{"href":"https:\/\/demos.uptitude.fr\/savviry1\/wp-json\/wp\/v2\/types\/post"}],"author":[{"embeddable":true,"href":"https:\/\/demos.uptitude.fr\/savviry1\/wp-json\/wp\/v2\/users\/990003"}],"replies":[{"embeddable":true,"href":"https:\/\/demos.uptitude.fr\/savviry1\/wp-json\/wp\/v2\/comments?post=4562"}],"version-history":[{"count":0,"href":"https:\/\/demos.uptitude.fr\/savviry1\/wp-json\/wp\/v2\/posts\/4562\/revisions"}],"wp:featuredmedia":[{"embeddable":true,"href":"https:\/\/demos.uptitude.fr\/savviry1\/wp-json\/"}],"wp:attachment":[{"href":"https:\/\/demos.uptitude.fr\/savviry1\/wp-json\/wp\/v2\/media?parent=4562"}],"wp:term":[{"taxonomy":"category","embeddable":true,"href":"https:\/\/demos.uptitude.fr\/savviry1\/wp-json\/wp\/v2\/categories?post=4562"},{"taxonomy":"post_tag","embeddable":true,"href":"https:\/\/demos.uptitude.fr\/savviry1\/wp-json\/wp\/v2\/tags?post=4562"}],"curies":[{"name":"wp","href":"https:\/\/api.w.org\/{rel}","templated":true}]}}