{"id":4652,"date":"2021-04-23T17:19:43","date_gmt":"2021-04-23T17:19:43","guid":{"rendered":"https:\/\/www.savigny-viry-catholique.fr\/?p=4652"},"modified":"2021-04-23T17:19:43","modified_gmt":"2021-04-23T17:19:43","slug":"mai-mois-de-marie","status":"publish","type":"post","link":"https:\/\/demos.uptitude.fr\/savviry1\/mai-mois-de-marie\/","title":{"rendered":"Mai : Mois de Marie"},"content":{"rendered":"<p style=\"text-align: justify;\">\n<p style=\"text-align: justify;\"><span style=\"font-size: 16px;\">\u00a0\u00bbPar Marie, nous trouvons le mod\u00e8le par excellence de la foi simple et vraie.\u00a0\u00bb Le P\u00e8re Emmanuel Bidzogo , responsable du Secteur Savigny-Viry, invite \u00e0 prier avec Marie\u00a0 <\/span>&#8230;.\/&#8230;<!--more--><\/p>\n<p>&nbsp;<\/p>\n<p style=\"text-align: center;\"><span style=\"color: #3366ff; font-size: 20px;\"><strong>AU MOIS DE MAI, PRIER AVEC MARIE<\/strong><\/span><\/p>\n<p><img fetchpriority=\"high\" decoding=\"async\" class=\"wp-image-4656 alignleft\" style=\"font-size: 16px;\" src=\"https:\/\/www.savigny-viry-catholique.fr\/wp-content\/uploads\/2021\/04\/NDdEsperance-Savigny_orge-04-BW-192x300.jpg\" alt=\"\" width=\"268\" height=\"418\" \/><\/p>\n<p style=\"text-align: justify;\"><span style=\"font-size: 16px;\">\u00a0<\/span><\/p>\n<p style=\"text-align: justify;\"><span style=\"font-size: 16px;\">Par Marie, nous trouvons le mod\u00e8le par excellence de la foi simple et vraie. Elle nous invite \u00e0 entrer dans une profonde simplicit\u00e9 de relation avec Dieu.<\/span><\/p>\n<p style=\"text-align: justify;\"><span style=\"font-size: 16px;\">Le pape Fran\u00e7ois convie les chr\u00e9tiens du monde entier \u00e0 s\u2019unir dans la pri\u00e8re du chapelet avec ferveur et assiduit\u00e9 tout au long de ce mois de mai 2021. Plusieurs sanctuaires consacr\u00e9s \u00e0 Marie \u00e0 travers le monde ont r\u00e9pondu \u00e0 cet appel, ainsi chaque jour, un sanctuaire prendra le relais avec une intention de pri\u00e8re.<\/span><\/p>\n<p style=\"text-align: justify;\"><span style=\"font-size: 16px;\">Le chapelet n\u2019est point une pri\u00e8re du pass\u00e9, ni uniquement de la pi\u00e9t\u00e9 populaire comme certains continuent \u00e0 dire\u00a0!<\/span><\/p>\n<p style=\"text-align: justify;\"><span style=\"font-size: 16px;\">Prier le chapelet revient \u00e0 contempler les myst\u00e8res de la vie de J\u00e9sus avec sa m\u00e8re Marie. De m\u00eame qu\u2019on apprend \u00e0 prier, il est important d\u2019apprendre \u00e0 prier avec le chapelet. A la r\u00e9citation effr\u00e9n\u00e9e sans arr\u00eat, pr\u00e9f\u00e9rons la m\u00e9ditation qui prend le temps d\u2019accueillir les passages de l\u2019\u00e9vangile. Ces textes racontent les \u00e9v\u00e9nements de la vie de J\u00e9sus, appel\u00e9s myst\u00e8res. Les disciples eux-m\u00eames, ne demandent-ils pas \u00e0 J\u00e9sus de leur apprendre \u00e0 prier\u00a0? \u00ab\u00a0Seigneur, apprends-nous \u00e0 prier \u2026\u00a0\u00bb (Luc chapitre 11, verset 1 et suivants).<\/span><\/p>\n<p style=\"text-align: justify;\"><span style=\"font-size: 16px;\">En effet, la pri\u00e8re du rosaire permet de m\u00e9diter et de contempler les myst\u00e8res de la vie de J\u00e9sus-Christ : Myst\u00e8res joyeux, douloureux, glorieux et lumineux. Les myst\u00e8res sont des r\u00e9alit\u00e9s que l\u2019on n\u2019a pas fini de d\u00e9couvrir et de comprendre. Imaginons que chaque myst\u00e8re est un beau tableau, une \u0153uvre d\u2019art de l\u2019action de Dieu dans notre histoire humaine. Ces \u00e9v\u00e9nements \u00e0 m\u00e9diter ou myst\u00e8res \u00e0 contempler, nourrissent notre foi et invitent \u00e0 agir au quotidien en coh\u00e9rence avec l\u2019\u00c9vangile comme Bonne Nouvelle. Heureuse nouvelle pour nous, mais aussi heureuse nouvelle \u00e0 annoncer au monde.<\/span><\/p>\n<p style=\"text-align: justify;\"><span style=\"font-size: 16px;\">Au fond, prier ne nous emp\u00eache pas d\u2019\u00eatre des hommes et des femmes d\u2019action, des contemporains ayant les pieds sur terre\u00a0! Au mois de mai, redoublons notre pri\u00e8re avec Marie.<\/span><\/p>\n<p><strong><span style=\"font-size: 16px;\">P\u00e8re Emmanuel BIDZOGO<\/span><\/strong><\/p>\n<p>&nbsp;<\/p>\n<p>&nbsp;<\/p>\n<p><span style=\"font-size: 16px;\"><strong><span style=\"color: #3366ff;\">Pourquoi dit-on que le mois de mai est le mois de Marie ?\u00a0<\/span> R\u00e9ponse<a href=\"https:\/\/eglise.catholique.fr\/approfondir-sa-foi\/connaitre-et-aimer-dieu\/marie\/499023-mois-de-marie-coutume-recente\/\"> ICI<\/a><\/strong><\/span><\/p>\n<p>&nbsp;<\/p>\n<p><strong><span style=\"color: #3366ff;\">Le chant du mois de Marie \u00e0 <a href=\"https:\/\/www.youtube.com\/watch?v=OAb85E_4UDY\">\u00e9couter ICI<\/a><\/span><\/strong><\/p>\n","protected":false},"excerpt":{"rendered":"<p>\u00a0\u00bbPar Marie, nous trouvons le mod\u00e8le par excellence de la foi simple et vraie.\u00a0\u00bb Le P\u00e8re Emmanuel Bidzogo , responsable du Secteur Savigny-Viry, invite \u00e0 prier avec Marie\u00a0 &#8230;.\/&#8230;<\/p>\n","protected":false},"author":990003,"featured_media":4655,"comment_status":"closed","ping_status":"closed","sticky":false,"template":"","format":"standard","meta":{"give_campaign_id":0,"footnotes":""},"categories":[1],"tags":[],"class_list":["post-4652","post","type-post","status-publish","format-standard","has-post-thumbnail","hentry","category-uncategorized"],"_links":{"self":[{"href":"https:\/\/demos.uptitude.fr\/savviry1\/wp-json\/wp\/v2\/posts\/4652","targetHints":{"allow":["GET"]}}],"collection":[{"href":"https:\/\/demos.uptitude.fr\/savviry1\/wp-json\/wp\/v2\/posts"}],"about":[{"href":"https:\/\/demos.uptitude.fr\/savviry1\/wp-json\/wp\/v2\/types\/post"}],"author":[{"embeddable":true,"href":"https:\/\/demos.uptitude.fr\/savviry1\/wp-json\/wp\/v2\/users\/990003"}],"replies":[{"embeddable":true,"href":"https:\/\/demos.uptitude.fr\/savviry1\/wp-json\/wp\/v2\/comments?post=4652"}],"version-history":[{"count":0,"href":"https:\/\/demos.uptitude.fr\/savviry1\/wp-json\/wp\/v2\/posts\/4652\/revisions"}],"wp:featuredmedia":[{"embeddable":true,"href":"https:\/\/demos.uptitude.fr\/savviry1\/wp-json\/"}],"wp:attachment":[{"href":"https:\/\/demos.uptitude.fr\/savviry1\/wp-json\/wp\/v2\/media?parent=4652"}],"wp:term":[{"taxonomy":"category","embeddable":true,"href":"https:\/\/demos.uptitude.fr\/savviry1\/wp-json\/wp\/v2\/categories?post=4652"},{"taxonomy":"post_tag","embeddable":true,"href":"https:\/\/demos.uptitude.fr\/savviry1\/wp-json\/wp\/v2\/tags?post=4652"}],"curies":[{"name":"wp","href":"https:\/\/api.w.org\/{rel}","templated":true}]}}