{"id":4665,"date":"2021-05-01T13:33:20","date_gmt":"2021-05-01T13:33:20","guid":{"rendered":"https:\/\/www.savigny-viry-catholique.fr\/?p=4665"},"modified":"2021-05-01T13:33:20","modified_gmt":"2021-05-01T13:33:20","slug":"fetes-de-lascension-et-de-la-pentecote-horaires-des-messes","status":"publish","type":"post","link":"https:\/\/demos.uptitude.fr\/savviry1\/fetes-de-lascension-et-de-la-pentecote-horaires-des-messes\/","title":{"rendered":"F\u00eates de l&rsquo;Ascension et de la Pentec\u00f4te : Horaires des messes"},"content":{"rendered":"<p class=\"p1\"><span class=\"s1\">La f\u00eate de l\u2019Ascension c\u00e9l\u00e8bre la mont\u00e9e de J\u00e9sus vers Dieu son P\u00e8re. Elle est f\u00eat\u00e9e en France le jeudi de l\u2019Ascension, quarante jours apr\u00e8s P\u00e2ques.- La date de la f\u00eate de la Pentec\u00f4te chr\u00e9tienne est la m\u00eame que la date de la Pentec\u00f4te juive. Comme la date de la Pentec\u00f4te juive, elle est le 50\u00e8me jour apr\u00e8s P\u00e2ques&#8230;\/&#8230;<\/span><\/p>\n<p><!--more--><\/p>\n<p>&nbsp;<\/p>\n<p class=\"p1\"><span class=\"s1\"><strong><span style=\"font-family: tahoma, arial, helvetica, sans-serif; font-size: 20px; color: #0000ff;\">La f\u00eate de l\u2019Ascension <\/span><\/strong>c\u00e9l\u00e8bre la mont\u00e9e de J\u00e9sus vers Dieu son P\u00e8re. Elle est f\u00eat\u00e9e en France le jeudi de l\u2019Ascension, quarante jours apr\u00e8s P\u00e2ques..<\/span><\/p>\n<p><span class=\"s1\">Mort et ressuscit\u00e9, il <\/span>quitte ses disciples tout en continuant d\u2019\u00eatre pr\u00e9sent aupr\u00e8s d\u2019eux, mais diff\u00e9remment. Il promet de leur envoyer une force, celle de l\u2019Esprit-Saint.<\/p>\n<p class=\"p2\"><span class=\"s1\">La f\u00eate de l\u2019Ascension, c\u00e9l\u00e9brant l\u2019entr\u00e9e du Christ dans la gloire de Dieu, est une des principales f\u00eates chr\u00e9tiennes, qui s\u2019inscrit dans le prolongement de\u00a0P\u00e2ques et annonce la\u00a0Pentec\u00f4te, dix jours plus tard<\/span><\/p>\n<p>&nbsp;<\/p>\n<p style=\"text-align: center;\"><strong style=\"color: #0000ff; font-size: 24px;\">HORAIRES DES MESSES SUR LE SECTEUR SAVIGNY-VIRY<\/strong><\/p>\n<p>&nbsp;<\/p>\n<p><img fetchpriority=\"high\" decoding=\"async\" class=\"size-medium wp-image-4667 alignleft\" src=\"https:\/\/www.savigny-viry-catholique.fr\/wp-content\/uploads\/2021\/05\/Ascension02-300x225.jpg\" alt=\"\" width=\"300\" height=\"225\" \/><\/p>\n<p><span style=\"font-size: 20px;\"><strong>A Savigny\u00a0 le jeudi 13 mai messes \u00e0\u00a0 :<\/strong><\/span><\/p>\n<p style=\"text-align: left;\"><strong><span style=\"font-size: 16px;\">Saint Martin\u00a0 \u00e0 9h00<\/span><\/strong><\/p>\n<p style=\"text-align: left;\"><strong><span style=\"font-size: 16px;\">Sainte Th\u00e9r\u00e8se \u00e0 9h00<\/span><\/strong><\/p>\n<p style=\"text-align: left;\"><strong><span style=\"font-size: 16px;\">Sainte Th\u00e9r\u00e8se \u00e0 11h00<\/span><\/strong><\/p>\n<p style=\"text-align: left;\"><strong><span style=\"font-size: 16px;\">Notre dame d&rsquo;Esp\u00e9rance \u00e0 11h00<\/span><\/strong><\/p>\n<p>&nbsp;<\/p>\n<p>&nbsp;<\/p>\n<p><span style=\"font-size: 20px;\"><strong>A Viry-Ch\u00e2tillon\u00a0 messes :<\/strong><\/span><\/p>\n<p><strong><span style=\"font-size: 16px;\"><span style=\"color: #ff0000; font-size: 20px;\">Le jeudi 13 mai\u00a0<\/span> \u00e0 Sainte Bernadette \u00e0 9h30<\/span><\/strong><\/p>\n<p><span style=\"font-size: 16px;\"> <strong>\u00a0\u00e0\u00a0 Notre\u00a0 Dame des Cit\u00e9s \u00e0 10h00 sous la forme extraordinaire du rite romain.<\/strong><\/span><\/p>\n<p><span style=\"font-size: 16px;\"><strong>\u00a0 \u00a0 \u00a0 \u00a0 \u00a0 \u00a0 \u00a0 \u00a0 \u00a0 \u00a0 \u00a0 \u00a0 \u00a0 \u00a0\u00e0 l&rsquo;\u00e9glise du ST Esprit \u00e0 11h00<\/strong><\/span><\/p>\n<p>&nbsp;<\/p>\n<p>&nbsp;<\/p>\n<h3 id=\"Que-s-est-il-passe-le-jour-de-la-Pentecote\" class=\"spip\"><span style=\"color: #ff0000;\">Que s\u2019est-il pass\u00e9 le jour de la Pentec\u00f4te\u00a0?<\/span><\/h3>\n<p><img decoding=\"async\" class=\"size-medium wp-image-4675 alignleft\" src=\"https:\/\/www.savigny-viry-catholique.fr\/wp-content\/uploads\/2021\/05\/Penteco\u0302te-300x169.jpg\" alt=\"\" width=\"300\" height=\"169\" \/>Le Livre des Actes des ap\u00f4tres (2,1-13) rapporte l\u2019\u00e9v\u00e9nement qui s\u2019est pass\u00e9 au C\u00e9nacle \u00e0 J\u00e9rusalem, en l\u2019an 30 ou 33 de notre \u00e8re, le jour de la Pentec\u00f4te, c.a.d. le jour de la f\u00eate juive, 50 jours apr\u00e8s la r\u00e9surrection du Christ. C\u2019est la venue de l\u2019Esprit sur les ap\u00f4tres. \u00ab\u00a0Quand le jour de la Pentec\u00f4te fut arriv\u00e9, ils (les ap\u00f4tres) se trouv\u00e8rent tous ensemble. Tout \u00e0 coup survint du ciel un bruit comme celui d\u2019un violent coup de vent. La maison o\u00f9 ils se tenaient en fut toute remplie ; alors leur apparurent comme des langues de feu qui se partageaient et il s\u2019en posa sur chacun d\u2019eux. Ils furent tous remplis d\u2019Esprit Saint et se mirent \u00e0 parler en d\u2019autres langues\u00a0\u00bb. Or il y avait \u00e0 J\u00e9rusalem pour le jour de la Pentec\u00f4te des gens de toutes les nations et chacun les entendait parler et annoncer les merveilles de Dieu dans sa propre langue&#8230;.<\/p>\n<p><strong><a href=\"https:\/\/cybercure.fr\/spip.php?page=recherche&amp;recherche=pentecote\">En savoir plus , ICI<\/a>\u00a0<\/strong> (source : Cybercur\u00e9)<\/p>\n<p>&nbsp;<\/p>\n<p style=\"text-align: left;\"><span style=\"color: #ff0000; font-size: 24px;\"><strong>HORAIRES DES MESSES SUR LE SECTEUR SAVIGNY-VIRY<\/strong><\/span><\/p>\n<p><span style=\"font-size: 20px;\"><strong>A Savigny\u00a0 messes :<\/strong><\/span><\/p>\n<p><strong><span style=\"font-size: 16px;\"><span style=\"color: #0000ff;\">Le samedi<\/span> \u00e0\u00a0 Notre Dame d&rsquo;Esp\u00e9rance \u00e0 18h00<\/span><\/strong><\/p>\n<p><span style=\"font-size: 16px;\"><strong>\u00a0 \u00a0 \u00a0 \u00a0 \u00a0 \u00a0 \u00a0 \u00a0 \u00a0 \u00a0 \u00e0 Ste Th\u00e9r\u00e8se\u00a0 \u00e0 18h00<\/strong><\/span><\/p>\n<p style=\"text-align: left;\"><strong><span style=\"font-size: 16px;\"><span style=\"color: #ff0000;\">Le dimanche<\/span> \u00e0 Saint Martin\u00a0 \u00e0 9h00<\/span><\/strong><\/p>\n<p style=\"text-align: left;\"><strong><span style=\"font-size: 16px;\">\u00a0 \u00a0 \u00a0 \u00a0 \u00a0 \u00a0 \u00a0 \u00a0 \u00a0 \u00a0 \u00a0 \u00a0\u00e0 Sainte Th\u00e9r\u00e8se \u00e0 9h00<\/span><\/strong><\/p>\n<p style=\"text-align: left;\"><strong><span style=\"font-size: 16px;\">\u00a0 \u00a0 \u00a0 \u00a0 \u00a0 \u00a0 \u00a0 \u00a0 \u00a0 \u00a0 \u00a0 \u00a0\u00e0 Sainte Th\u00e9r\u00e8se \u00e0 11h00<\/span><\/strong><\/p>\n<p style=\"text-align: left;\"><strong><span style=\"font-size: 16px;\">\u00a0 \u00a0 \u00a0 \u00a0 \u00a0 \u00a0 \u00a0 \u00a0 \u00a0 \u00a0 \u00a0 \u00a0\u00e0 Notre Dame d&rsquo;Esp\u00e9rance \u00e0 11h00<\/span><\/strong><\/p>\n<p>&nbsp;<\/p>\n<p><span style=\"font-size: 20px;\"><strong>A Viry-Ch\u00e2tillon\u00a0 messes :<\/strong><\/span><\/p>\n<p><strong><span style=\"font-size: 16px;\"><span style=\"color: #0000ff;\">Le samedi<\/span> \u00e0\u00a0 Notre Dame des Cit\u00e9s \u00e0 18h00<\/span><\/strong><\/p>\n<p><strong><span style=\"font-size: 16px;\"><span style=\"color: #ff0000;\">Le dimanche<\/span> \u00e0 Sainte Bernadette \u00e0 9h30<\/span><\/strong><\/p>\n<p><span style=\"font-size: 16px;\"><strong>\u00e0 l&rsquo;\u00e9glise du ST Esprit \u00e0 11h00<\/strong><\/span><\/p>\n<p>&nbsp;<\/p>\n","protected":false},"excerpt":{"rendered":"<p>La f\u00eate de l\u2019Ascension c\u00e9l\u00e8bre la mont\u00e9e de J\u00e9sus vers Dieu son P\u00e8re. Elle est f\u00eat\u00e9e en France le jeudi de l\u2019Ascension, quarante jours apr\u00e8s P\u00e2ques.- La date de la f\u00eate de la Pentec\u00f4te chr\u00e9tienne est la m\u00eame que&hellip;<\/p>\n","protected":false},"author":990003,"featured_media":4670,"comment_status":"closed","ping_status":"closed","sticky":false,"template":"","format":"standard","meta":{"give_campaign_id":0,"footnotes":""},"categories":[1],"tags":[],"class_list":["post-4665","post","type-post","status-publish","format-standard","has-post-thumbnail","hentry","category-uncategorized"],"_links":{"self":[{"href":"https:\/\/demos.uptitude.fr\/savviry1\/wp-json\/wp\/v2\/posts\/4665","targetHints":{"allow":["GET"]}}],"collection":[{"href":"https:\/\/demos.uptitude.fr\/savviry1\/wp-json\/wp\/v2\/posts"}],"about":[{"href":"https:\/\/demos.uptitude.fr\/savviry1\/wp-json\/wp\/v2\/types\/post"}],"author":[{"embeddable":true,"href":"https:\/\/demos.uptitude.fr\/savviry1\/wp-json\/wp\/v2\/users\/990003"}],"replies":[{"embeddable":true,"href":"https:\/\/demos.uptitude.fr\/savviry1\/wp-json\/wp\/v2\/comments?post=4665"}],"version-history":[{"count":0,"href":"https:\/\/demos.uptitude.fr\/savviry1\/wp-json\/wp\/v2\/posts\/4665\/revisions"}],"wp:featuredmedia":[{"embeddable":true,"href":"https:\/\/demos.uptitude.fr\/savviry1\/wp-json\/"}],"wp:attachment":[{"href":"https:\/\/demos.uptitude.fr\/savviry1\/wp-json\/wp\/v2\/media?parent=4665"}],"wp:term":[{"taxonomy":"category","embeddable":true,"href":"https:\/\/demos.uptitude.fr\/savviry1\/wp-json\/wp\/v2\/categories?post=4665"},{"taxonomy":"post_tag","embeddable":true,"href":"https:\/\/demos.uptitude.fr\/savviry1\/wp-json\/wp\/v2\/tags?post=4665"}],"curies":[{"name":"wp","href":"https:\/\/api.w.org\/{rel}","templated":true}]}}