{"id":4699,"date":"2021-05-22T16:29:24","date_gmt":"2021-05-22T16:29:24","guid":{"rendered":"https:\/\/www.savigny-viry-catholique.fr\/?p=4699"},"modified":"2021-05-22T16:29:24","modified_gmt":"2021-05-22T16:29:24","slug":"message-du-pape-francois-pour-la-55eme-journee-des-communications-sociales","status":"publish","type":"post","link":"https:\/\/demos.uptitude.fr\/savviry1\/message-du-pape-francois-pour-la-55eme-journee-des-communications-sociales\/","title":{"rendered":"Message du Pape Fran\u00e7ois pour la 55\u00e8me journ\u00e9e des Communications Sociales"},"content":{"rendered":"<p>Au cours de cette journ\u00e9e, les chr\u00e9tiens sont invit\u00e9s \u00e0 d\u00e9couvrir les m\u00e9dias et les supports de communication propos\u00e9s par l\u2019Eglise et \u00e0 prier pour les hommes et les femmes professionnels de la communication.<\/p>\n<p>A cette occasion le pape nous livre un message\u00a0:\u00a0 <strong><em>\u00ab\u00a0Viens et vois\u00a0\u00bb (Jn 1,46). Communiquer en rencontrant les personnes o\u00f9 et comme elles sont.<\/em><\/strong><\/p>\n<p>Retrouver le message du Saint P\u00e8re \u00e0 cette occasion\u00a0:<\/p>\n<p>Depuis le dioc\u00e8se d\u2019Evry cliquer <a href=\"https:\/\/evry.catholique.fr\/journee-mondiale-des-communications-sociales\/\">ici<\/a><\/p>\n<p>Depuis le site du Vatican cliquer <a href=\"http:\/\/www.vatican.va\/content\/francesco\/fr\/messages\/communications\/documents\/papa-francesco_20210123_messaggio-comunicazioni-sociali.html\">ici<\/a><\/p>\n","protected":false},"excerpt":{"rendered":"<p>Au cours de cette journ\u00e9e, les chr\u00e9tiens sont invit\u00e9s \u00e0 d\u00e9couvrir les m\u00e9dias et les supports de communication propos\u00e9s par l\u2019Eglise et \u00e0 prier pour les hommes et les femmes professionnels de la communication. A cette occasion le pape&hellip;<\/p>\n","protected":false},"author":990006,"featured_media":4701,"comment_status":"closed","ping_status":"closed","sticky":false,"template":"","format":"standard","meta":{"give_campaign_id":0,"footnotes":""},"categories":[1],"tags":[],"class_list":["post-4699","post","type-post","status-publish","format-standard","has-post-thumbnail","hentry","category-uncategorized"],"_links":{"self":[{"href":"https:\/\/demos.uptitude.fr\/savviry1\/wp-json\/wp\/v2\/posts\/4699","targetHints":{"allow":["GET"]}}],"collection":[{"href":"https:\/\/demos.uptitude.fr\/savviry1\/wp-json\/wp\/v2\/posts"}],"about":[{"href":"https:\/\/demos.uptitude.fr\/savviry1\/wp-json\/wp\/v2\/types\/post"}],"author":[{"embeddable":true,"href":"https:\/\/demos.uptitude.fr\/savviry1\/wp-json\/wp\/v2\/users\/990006"}],"replies":[{"embeddable":true,"href":"https:\/\/demos.uptitude.fr\/savviry1\/wp-json\/wp\/v2\/comments?post=4699"}],"version-history":[{"count":0,"href":"https:\/\/demos.uptitude.fr\/savviry1\/wp-json\/wp\/v2\/posts\/4699\/revisions"}],"wp:featuredmedia":[{"embeddable":true,"href":"https:\/\/demos.uptitude.fr\/savviry1\/wp-json\/"}],"wp:attachment":[{"href":"https:\/\/demos.uptitude.fr\/savviry1\/wp-json\/wp\/v2\/media?parent=4699"}],"wp:term":[{"taxonomy":"category","embeddable":true,"href":"https:\/\/demos.uptitude.fr\/savviry1\/wp-json\/wp\/v2\/categories?post=4699"},{"taxonomy":"post_tag","embeddable":true,"href":"https:\/\/demos.uptitude.fr\/savviry1\/wp-json\/wp\/v2\/tags?post=4699"}],"curies":[{"name":"wp","href":"https:\/\/api.w.org\/{rel}","templated":true}]}}