{"id":4708,"date":"2021-06-03T06:16:54","date_gmt":"2021-06-03T06:16:54","guid":{"rendered":"https:\/\/www.savigny-viry-catholique.fr\/?p=4708"},"modified":"2021-06-03T06:16:54","modified_gmt":"2021-06-03T06:16:54","slug":"juin-priere-a-lesprit-saint","status":"publish","type":"post","link":"https:\/\/demos.uptitude.fr\/savviry1\/juin-priere-a-lesprit-saint\/","title":{"rendered":"Juin : Pri\u00e8re \u00e0 l&rsquo;Esprit Saint !"},"content":{"rendered":"<p>A la suite de la f\u00eate de la Pentec\u00f4te, nous entrons dans le temps ordinaire, justement il n\u2019est pas si ordinaire que \u00e7a ! Sans doute sur le plan liturgique. A la Pentec\u00f4te, les ap\u00f4tres avaient re\u00e7u la Force promise par le Ressuscit\u00e9, l\u2019Esprit Saint.<\/p>\n<p>Il est le D\u00e9fenseur, le Paraclet (avocat), la Puissance de Dieu, le Sanctificateur, le R\u00e9v\u00e9lateur des choses cach\u00e9es. Il permet le souvenir et la m\u00e9moire de l\u2019enseignement de J\u00e9sus. En fin de compte, l\u2019Esprit Saint booste la ti\u00e9deur des croyants et manifeste la grande libert\u00e9 et diversit\u00e9 des dons divins. Les diff\u00e9rents aspects manifest\u00e9s par l\u2019Esprit Saint sont compl\u00e9mentaires. Invoquons-le \u00e0 temps et \u00e0 contre temps\u00a0!<\/p>\n<p>Viens D\u00e9fenseur ! Avec toi les peurs pour t\u00e9moigner de notre foi et des merveilles de Dieu disparaissent. Nous sommes motiv\u00e9s, car s\u00fbrs de nous appuyer sur toi.<\/p>\n<p>Viens Paraclet ! Avec toi, notre inspiration \u00e0 la parole est juste et spontan\u00e9e. Tu mets dans nos l\u00e8vres la parole qui convient.<\/p>\n<p>Viens Puissance d\u2019Amour de Dieu : Tu nous donnes le z\u00e8le n\u00e9cessaire pour devenir des disciples missionnaires, proposant aujourd\u2019hui dans nos soci\u00e9t\u00e9s, la foi en J\u00e9sus-Christ ressuscit\u00e9.<\/p>\n<p>Viens notre Sanctificateur ! Tu nous communiques la saintet\u00e9 de Dieu, Lui le seul parfaitement saint. Ainsi tu nous apprends \u00e0 communier \u00e0 l\u2019Amour de Dieu, \u00e0 apprendre \u00e0 aimer \u00e0 la mani\u00e8re divine.<\/p>\n<p>Viens le R\u00e9v\u00e9lateur des choses secr\u00e8tes ! Tu nous fais p\u00e9n\u00e9trer les myst\u00e8res de la vie divine. Tu nous r\u00e9v\u00e8les progressivement le projet de Dieu r\u00e9alis\u00e9 en J\u00e9sus-Christ pour le Salut du monde.<\/p>\n<p>Viens M\u00e9moire des croyants ! Tu nous donnes la clart\u00e9 du souvenir du message du Christ. Ainsi pouvons-nous \u00e0 la suite des ap\u00f4tres, garder la m\u00e9moire vivante des \u00e9v\u00e9nements de la vie de J\u00e9sus dont la C\u00e8ne : \u00ab <em>faites cela en m\u00e9moire de moi\u00a0!\u00a0<\/em>\u00bb. Une m\u00e9moire vivante qui inclut la totalit\u00e9 du temps pass\u00e9, pr\u00e9sent et \u00e0 venir.<\/p>\n<p>Viens Esprit de Pentec\u00f4te ! Ravive notre ferveur missionnaire en ces temps arides, mais \u00f4 combien pleins d\u2019esp\u00e9rance en la bont\u00e9 de Dieu que tu communiques sans cesse. Donne aux nouveaux baptis\u00e9s la flamme de la foi qui ne s\u2019\u00e9teint pas ! Aux enfants et adultes qui communient pour la premi\u00e8re fois, la joie et le d\u00e9sir de continuer \u00e0 recevoir le pain vivant et \u00e0 devenir acteurs au sein de la communaut\u00e9 chr\u00e9tienne ! Aux nouveaux confirm\u00e9s la gr\u00e2ce de l\u2019engagement missionnaire dans leurs milieux de vie.<\/p>\n<p>Pour nous tous, ouvre les voies insondables initi\u00e9es par le Christ, le Ressuscit\u00e9. Amen.<\/p>\n<p>P\u00e8re Emmanuel BIDZOGO<\/p>\n","protected":false},"excerpt":{"rendered":"<p>A la suite de la f\u00eate de la Pentec\u00f4te, nous entrons dans le temps ordinaire, justement il n\u2019est pas si ordinaire que \u00e7a ! Sans doute sur le plan liturgique. A la Pentec\u00f4te, les ap\u00f4tres avaient re\u00e7u la Force&hellip;<\/p>\n","protected":false},"author":990006,"featured_media":2808,"comment_status":"closed","ping_status":"closed","sticky":false,"template":"","format":"standard","meta":{"give_campaign_id":0,"footnotes":""},"categories":[1],"tags":[],"class_list":["post-4708","post","type-post","status-publish","format-standard","has-post-thumbnail","hentry","category-uncategorized"],"_links":{"self":[{"href":"https:\/\/demos.uptitude.fr\/savviry1\/wp-json\/wp\/v2\/posts\/4708","targetHints":{"allow":["GET"]}}],"collection":[{"href":"https:\/\/demos.uptitude.fr\/savviry1\/wp-json\/wp\/v2\/posts"}],"about":[{"href":"https:\/\/demos.uptitude.fr\/savviry1\/wp-json\/wp\/v2\/types\/post"}],"author":[{"embeddable":true,"href":"https:\/\/demos.uptitude.fr\/savviry1\/wp-json\/wp\/v2\/users\/990006"}],"replies":[{"embeddable":true,"href":"https:\/\/demos.uptitude.fr\/savviry1\/wp-json\/wp\/v2\/comments?post=4708"}],"version-history":[{"count":0,"href":"https:\/\/demos.uptitude.fr\/savviry1\/wp-json\/wp\/v2\/posts\/4708\/revisions"}],"wp:featuredmedia":[{"embeddable":true,"href":"https:\/\/demos.uptitude.fr\/savviry1\/wp-json\/"}],"wp:attachment":[{"href":"https:\/\/demos.uptitude.fr\/savviry1\/wp-json\/wp\/v2\/media?parent=4708"}],"wp:term":[{"taxonomy":"category","embeddable":true,"href":"https:\/\/demos.uptitude.fr\/savviry1\/wp-json\/wp\/v2\/categories?post=4708"},{"taxonomy":"post_tag","embeddable":true,"href":"https:\/\/demos.uptitude.fr\/savviry1\/wp-json\/wp\/v2\/tags?post=4708"}],"curies":[{"name":"wp","href":"https:\/\/api.w.org\/{rel}","templated":true}]}}