{"id":4732,"date":"2021-07-02T22:00:27","date_gmt":"2021-07-02T22:00:27","guid":{"rendered":"https:\/\/www.savigny-viry-catholique.fr\/?p=4732"},"modified":"2021-07-02T22:00:27","modified_gmt":"2021-07-02T22:00:27","slug":"souffler-se-reposer-et-se-ressourcer","status":"publish","type":"post","link":"https:\/\/demos.uptitude.fr\/savviry1\/souffler-se-reposer-et-se-ressourcer\/","title":{"rendered":"SOUFFLER, SE REPOSER ET SE RESSOURCER"},"content":{"rendered":"<p><img decoding=\"async\" class=\"wp-image-2970 alignleft\" src=\"https:\/\/www.savigny-viry-catholique.fr\/wp-content\/uploads\/2020\/09\/BIDZOGO-V1-284x300.jpg\" alt=\"\" width=\"169\" height=\"179\" \/>Les vacances donnent l\u2019occasion de changer de rythme de vie pour souffler et pour se reposer.<\/p>\n<p>Et si ces vacances d\u2019\u00e9t\u00e9 v\u00e9cues autrement en temps de crise sanitaire mondiale, ouvraient pour chacun, des havres de paix int\u00e9rieure\u00a0! Mais aussi des espaces de contemplation de la cr\u00e9ation !<\/p>\n<p>Un tel d\u00e9sir n\u2019est certainement pas un v\u0153u pieux. Encore faut-il que nous y mettions des moyens pour y arriver. Il s\u2019agit de b\u00e9n\u00e9ficier d\u2019une qualit\u00e9 de vie qui nous revigore.<\/p>\n<p>Pour cela, il est primordial de saisir ce qui se trouve derri\u00e8re le terme qualit\u00e9 de vie. Une qualit\u00e9 de vie compl\u00e8te digne de ce nom ne peut pas passer \u00e0 c\u00f4t\u00e9 de la double qu\u00eate profonde de l\u2019\u00eatre humain cherchant \u00e0 se r\u00e9aliser\u00a0: qu\u00eate mat\u00e9rielle et qu\u00eate spirituelle.\u00a0 Le but des vacances devra \u00eatre de r\u00e9unir en m\u00eame temps, la qualit\u00e9 de vie spirituelle et mat\u00e9rielle dans une harmonie \u00e9quilibr\u00e9e.<\/p>\n<p>En d\u2019autres termes, profiter de ce temps de vacances d\u2019\u00e9t\u00e9, devra se traduire par une recherche de ressourcement. Comment l\u2019alimenter\u00a0? en prenant le temps de respirer, de se poser, de se promener (seul, en famille, avec des amis), de contempler la nature, de lire et de prier. Des choses simples de la vie, mais pas toujours si simple \u00e0 r\u00e9aliser tous les jours\u00a0! tant le brouhaha et l\u2019allure fr\u00e9n\u00e9tique des activit\u00e9s du quotidien occupent les trois quarts du temps, parfois m\u00eame, tout le temps. La tradition biblique ne nous enseigne-t-elle pas que le cr\u00e9ateur lui-m\u00eame se reposa le septi\u00e8me jour\u00a0? Il contempla l\u2019\u0153uvre accomplie.<\/p>\n<p>Une lecture ou relecture de <em>Laudato Si<\/em> du pape Fran\u00e7ois pourrait nous inviter \u00e0 la contemplation de la cr\u00e9ation et \u00e0 l\u2019appel d\u2019en prendre soin.<\/p>\n<p>Se reg\u00e9n\u00e9rer, se poser, se reposer, souffler, contempler, prier \u2026 autant d\u2019invitations qui pourraient faire de nos vacances des havres de renouvellement pour le monde d\u2019apr\u00e8s. Ces vacances sont donc aussi le moment de construire la confiance et le temps propice pour emmagasiner des \u00e9nergies en vue de la rentr\u00e9e de septembre.<\/p>\n<p>Bonnes vacances \u00e0 toutes et \u00e0 tous\u00a0!<\/p>\n<p>P\u00e8re Emmanuel Bidzogo<\/p>\n<p>&nbsp;<\/p>\n<hr \/>\n<p><span style=\"font-size: 16px; color: #008000;\">A propos de \u00a0\u00bb <em><strong>Laudato Si \u00a0\u00bb\u00a0<\/strong><\/em><a style=\"color: #008000;\" href=\"https:\/\/www.savigny-viry-catholique.fr\/laudato-si\/\">voir ici<\/a><\/span><\/p>\n<p>&nbsp;<\/p>\n<hr \/>\n<p><strong><span style=\"font-size: 16px; color: #ff6600;\">Quelques rendez-vous sur la route des vacances , <a style=\"color: #ff6600;\" href=\"https:\/\/eglise.catholique.fr\/actualites\/ete-2021-eglise-quelques-rendez-route-de-vos-vacances\/\">suivez le guide\u00a0 &#8212;&gt;<\/a><\/span><\/strong><\/p>\n","protected":false},"excerpt":{"rendered":"<p>Les vacances donnent l\u2019occasion de changer de rythme de vie pour souffler et pour se reposer. Et si ces vacances d\u2019\u00e9t\u00e9 v\u00e9cues autrement en temps de crise sanitaire mondiale, ouvraient pour chacun, des havres de paix int\u00e9rieure\u00a0! Mais aussi&hellip;<\/p>\n","protected":false},"author":990006,"featured_media":4738,"comment_status":"closed","ping_status":"closed","sticky":false,"template":"","format":"standard","meta":{"give_campaign_id":0,"footnotes":""},"categories":[1],"tags":[],"class_list":["post-4732","post","type-post","status-publish","format-standard","has-post-thumbnail","hentry","category-uncategorized"],"_links":{"self":[{"href":"https:\/\/demos.uptitude.fr\/savviry1\/wp-json\/wp\/v2\/posts\/4732","targetHints":{"allow":["GET"]}}],"collection":[{"href":"https:\/\/demos.uptitude.fr\/savviry1\/wp-json\/wp\/v2\/posts"}],"about":[{"href":"https:\/\/demos.uptitude.fr\/savviry1\/wp-json\/wp\/v2\/types\/post"}],"author":[{"embeddable":true,"href":"https:\/\/demos.uptitude.fr\/savviry1\/wp-json\/wp\/v2\/users\/990006"}],"replies":[{"embeddable":true,"href":"https:\/\/demos.uptitude.fr\/savviry1\/wp-json\/wp\/v2\/comments?post=4732"}],"version-history":[{"count":0,"href":"https:\/\/demos.uptitude.fr\/savviry1\/wp-json\/wp\/v2\/posts\/4732\/revisions"}],"wp:featuredmedia":[{"embeddable":true,"href":"https:\/\/demos.uptitude.fr\/savviry1\/wp-json\/"}],"wp:attachment":[{"href":"https:\/\/demos.uptitude.fr\/savviry1\/wp-json\/wp\/v2\/media?parent=4732"}],"wp:term":[{"taxonomy":"category","embeddable":true,"href":"https:\/\/demos.uptitude.fr\/savviry1\/wp-json\/wp\/v2\/categories?post=4732"},{"taxonomy":"post_tag","embeddable":true,"href":"https:\/\/demos.uptitude.fr\/savviry1\/wp-json\/wp\/v2\/tags?post=4732"}],"curies":[{"name":"wp","href":"https:\/\/api.w.org\/{rel}","templated":true}]}}